{"id":636,"date":"2019-11-21T10:13:35","date_gmt":"2019-11-21T09:13:35","guid":{"rendered":"http:\/\/5.45.101.177\/haut-allier\/usagers-transportse\/index.php\/2019\/11\/21\/ligne-clermont-paris-la-montagne-s636\/"},"modified":"2019-11-21T10:13:35","modified_gmt":"2019-11-21T09:13:35","slug":"ligne-clermont-paris-la-montagne-s636","status":"publish","type":"post","link":"https:\/\/usagers-transports.haut-allier.eu\/index.php\/2019\/11\/21\/ligne-clermont-paris-la-montagne-s636\/","title":{"rendered":"Ligne Clermont Paris : La Montagne s&rsquo;interroge sur les promesses de P\u00e9py"},"content":{"rendered":"<p>La grosse question est : les promesses du rigolo P\u00e9py seront elles tenues ?<br \/>\n&nbsp;<br \/>\nNous, comme beaucoup d&rsquo;observateurs, avons d\u00e9j\u00e0 la r\u00e9ponse. Mais ce qui pr\u00e9occupe le quotidien et sa r\u00e9dactrice en chef Sandrine Thomas, qui a initi\u00e9 la venue de l&rsquo;ex PDG SNCF \u00e0 Clermont ainsi que du secr\u00e9taire d&rsquo;\u00e9tat aux transports pour s&rsquo;expliquer devant les usagers en col\u00e8re, c&rsquo;est la composition du Comit\u00e9 de suivi des travaux promis, comit\u00e9 qui doit \u00eatre mis en place le premier semestre 2020.<br \/>\n&nbsp;<br \/>\nEn effet si \u00ab\u00a0Objectif capitales\u00a0\u00bb un lobby d&rsquo;industriels et d&rsquo;acteurs \u00e9conomiques auvergnat qui milite pour une ligne TGV entre Clermont et Paris (et uniquement) sera bien de la partie, aucune annonce n&rsquo;a \u00e9t\u00e9 faite pour la participation des usagers, les premiers concern\u00e9s.<br \/>\n&nbsp;<br \/>\nApr\u00e8s les interrogations de la r\u00e9dactrice \u00e0 ce sujet dans son journal, le pr\u00e9fet du Puy de D\u00f4me rassure et lui r\u00e9pondait hier que \u00ab\u00a0Oui bien s\u00fbr, il y aurait des usagers\u00a0\u00bb. Mais le quotidien \u00e9met encore des doutes&#8230;<br \/>\n&nbsp;<br \/>\nNous sugg\u00e9rons qu&rsquo;en l&rsquo;absence d&rsquo;un groupe r\u00e9el d&rsquo;usagers d\u00e9fendant clairement la ligne, on s&rsquo;adresse \u00e0 la FNAUT qui d&rsquo;ordinaire fait feu de tout bois. Elle saura s\u00fbrement les d\u00e9fendre au sein de ce comit\u00e9 puisque c&rsquo;est, \u00e0 priori, sa mission&#8230;<br \/>\n&nbsp;<br \/>\n<img loading=\"lazy\" decoding=\"async\" class=\" aligncenter size-full wp-image-2808\" src=\"http:\/\/5.45.101.177\/haut-allier\/usagers-transportse\/wp-content\/uploads\/2019\/11\/ligne_moret_-_clermont-ferrand-logo.jpg\" alt=\"ligne_moret_-_clermont-ferrand-logo.jpg\" align=\"center\" width=\"1038\" height=\"747\" srcset=\"https:\/\/usagers-transports.haut-allier.eu\/wp-content\/uploads\/2019\/11\/ligne_moret_-_clermont-ferrand-logo.jpg 1038w, https:\/\/usagers-transports.haut-allier.eu\/wp-content\/uploads\/2019\/11\/ligne_moret_-_clermont-ferrand-logo-300x216.jpg 300w, https:\/\/usagers-transports.haut-allier.eu\/wp-content\/uploads\/2019\/11\/ligne_moret_-_clermont-ferrand-logo-1024x737.jpg 1024w, https:\/\/usagers-transports.haut-allier.eu\/wp-content\/uploads\/2019\/11\/ligne_moret_-_clermont-ferrand-logo-768x553.jpg 768w\" sizes=\"auto, (max-width: 1038px) 100vw, 1038px\" \/><br \/>\n&nbsp;<br \/>\nA lire dans la Montagne :<br \/>\n&nbsp;<br \/>\n<a href=\"https:\/\/www.lamontagne.fr\/clermont-ferrand-63000\/actualites\/y-aura-t-il-des-usagers-dans-le-comite-de-suivi-des-travaux-de-la-ligne-sncf-clermont-paris_13688253\/#refresh\"><strong>Y aura-t-il des usagers dans le comit\u00e9 de suivi des travaux de la ligne SNCF Clermont-Paris ?<\/strong><\/a><\/p>\n","protected":false},"excerpt":{"rendered":"<p>La grosse question est : les promesses du rigolo P\u00e9py seront elles tenues ? &nbsp; Nous, comme beaucoup<\/p>\n","protected":false},"author":1,"featured_media":2807,"comment_status":"open","ping_status":"open","sticky":false,"template":"","format":"standard","meta":{"footnotes":""},"categories":[2],"tags":[],"class_list":["post-636","post","type-post","status-publish","format-standard","has-post-thumbnail","hentry","category-infos"],"_links":{"self":[{"href":"https:\/\/usagers-transports.haut-allier.eu\/index.php\/wp-json\/wp\/v2\/posts\/636","targetHints":{"allow":["GET"]}}],"collection":[{"href":"https:\/\/usagers-transports.haut-allier.eu\/index.php\/wp-json\/wp\/v2\/posts"}],"about":[{"href":"https:\/\/usagers-transports.haut-allier.eu\/index.php\/wp-json\/wp\/v2\/types\/post"}],"author":[{"embeddable":true,"href":"https:\/\/usagers-transports.haut-allier.eu\/index.php\/wp-json\/wp\/v2\/users\/1"}],"replies":[{"embeddable":true,"href":"https:\/\/usagers-transports.haut-allier.eu\/index.php\/wp-json\/wp\/v2\/comments?post=636"}],"version-history":[{"count":0,"href":"https:\/\/usagers-transports.haut-allier.eu\/index.php\/wp-json\/wp\/v2\/posts\/636\/revisions"}],"wp:featuredmedia":[{"embeddable":true,"href":"https:\/\/usagers-transports.haut-allier.eu\/index.php\/wp-json\/wp\/v2\/media\/2807"}],"wp:attachment":[{"href":"https:\/\/usagers-transports.haut-allier.eu\/index.php\/wp-json\/wp\/v2\/media?parent=636"}],"wp:term":[{"taxonomy":"category","embeddable":true,"href":"https:\/\/usagers-transports.haut-allier.eu\/index.php\/wp-json\/wp\/v2\/categories?post=636"},{"taxonomy":"post_tag","embeddable":true,"href":"https:\/\/usagers-transports.haut-allier.eu\/index.php\/wp-json\/wp\/v2\/tags?post=636"}],"curies":[{"name":"wp","href":"https:\/\/api.w.org\/{rel}","templated":true}]}}