{"id":637,"date":"2019-11-21T20:45:11","date_gmt":"2019-11-21T19:45:11","guid":{"rendered":"http:\/\/5.45.101.177\/haut-allier\/usagers-transportse\/index.php\/2019\/11\/21\/apres-trois-ans-de-coma-dans-l637\/"},"modified":"2019-11-21T20:45:11","modified_gmt":"2019-11-21T19:45:11","slug":"apres-trois-ans-de-coma-dans-l637","status":"publish","type":"post","link":"https:\/\/usagers-transports.haut-allier.eu\/index.php\/2019\/11\/21\/apres-trois-ans-de-coma-dans-l637\/","title":{"rendered":"Apr\u00e8s trois ans de coma dans l\u2019Intercit\u00e9s Paris-Clermont, il se r\u00e9veille \u00e0 mi-parcours"},"content":{"rendered":"<p>Le Journal en ligne <a href=\"https:\/\/lamentable.fr\/2019\/11\/21\/apres-trois-ans-de-coma-dans-lintercites-paris-clermont-il-se-reveille-a-mi-parcours\/\"><strong>La Mentable<\/strong><\/a> relate :<br \/>\n&nbsp;<br \/>\n\u00a0\u00bb<br \/>\n&nbsp;<br \/>\nIl y a trois ans, Ferdinand Ferreol tombait dans le coma \u00e0 bord de l\u2019intercit\u00e9s Clermont-Paris apr\u00e8s avoir mang\u00e9 un sandwich SNCF pain nature \/ salade. Lorsqu\u2019il se r\u00e9veille hier, il d\u00e9couvre avec soulagement que son train n\u2019est qu\u2019au niveau de Nevers.<br \/>\n&nbsp;<br \/>\n<em>\u00ab Au d\u00e9but, je n\u2019\u00e9tais pas inqui\u00e8te pour mon Fernand car les retards sont habituels sur cette ligne, mais il est vrai qu\u2019au bout de deux ans et demi, j\u2019ai commenc\u00e9 \u00e0 trouver le temps long. \u00bb<\/em>, raconte Lucette, sa femme, interrog\u00e9e en gare de Clermont ce matin. Lucette prend cette nouvelle avec philosophie : elle avait v\u00e9cu une exp\u00e9rience similaire en 2015 o\u00f9 elle avait mis plus d\u2019un an et demi pour faire le trajet Clermont-Aurillac suite \u00e0 une panne de la motrice dans le tunnel du Lioran.<br \/>\n&nbsp;<br \/>\n<strong>Un coma pass\u00e9 inaper\u00e7u<\/strong><br \/>\n&nbsp;<br \/>\nLe coma de Ferdinand n\u2019a \u00e9t\u00e9 remarqu\u00e9 par aucun passager ni aucun personnel SNCF. <em>\u00ab Vous savez, ce n\u2019est pas une surprise : sur ce genre de ligne, avec les restructurations budg\u00e9taires et faute de clients, aucun contr\u00f4leur ne passe dans les wagons \u00bb<\/em>, explique, fataliste, Julien Cabanne, secr\u00e9taire r\u00e9gional de la CGT Cheminots.<br \/>\n&nbsp;<br \/>\n<strong>Geste commercial de la SNCF<\/strong><br \/>\n&nbsp;<br \/>\nPour se faire pardonner de ce l\u00e9ger retard, la SCNF a propos\u00e9, apr\u00e8s n\u00e9gociations, de faire un geste commercial et d\u2019offrir un bon de r\u00e9duction de 5\u20ac au couple pour un futur trajet Clermont-Ekaterinbourg. Plus de peur que de mal donc pour Fernand et Lucette qui attendent avec impatience l\u2019arriv\u00e9e du Paris- Clermont pr\u00e9vu pour No\u00ebl (sauf retard occasionn\u00e9 par le mouvement social du 5 d\u00e9cembre).<br \/>\n&nbsp;<br \/>\n\u00ab\u00a0<\/p>\n","protected":false},"excerpt":{"rendered":"<p>Le Journal en ligne La Mentable relate : &nbsp; \u00a0\u00bb &nbsp; Il y a trois ans, Ferdinand Ferreol<\/p>\n","protected":false},"author":1,"featured_media":2809,"comment_status":"open","ping_status":"open","sticky":false,"template":"","format":"standard","meta":{"footnotes":""},"categories":[3],"tags":[],"class_list":["post-637","post","type-post","status-publish","format-standard","has-post-thumbnail","hentry","category-en-train"],"_links":{"self":[{"href":"https:\/\/usagers-transports.haut-allier.eu\/index.php\/wp-json\/wp\/v2\/posts\/637","targetHints":{"allow":["GET"]}}],"collection":[{"href":"https:\/\/usagers-transports.haut-allier.eu\/index.php\/wp-json\/wp\/v2\/posts"}],"about":[{"href":"https:\/\/usagers-transports.haut-allier.eu\/index.php\/wp-json\/wp\/v2\/types\/post"}],"author":[{"embeddable":true,"href":"https:\/\/usagers-transports.haut-allier.eu\/index.php\/wp-json\/wp\/v2\/users\/1"}],"replies":[{"embeddable":true,"href":"https:\/\/usagers-transports.haut-allier.eu\/index.php\/wp-json\/wp\/v2\/comments?post=637"}],"version-history":[{"count":0,"href":"https:\/\/usagers-transports.haut-allier.eu\/index.php\/wp-json\/wp\/v2\/posts\/637\/revisions"}],"wp:featuredmedia":[{"embeddable":true,"href":"https:\/\/usagers-transports.haut-allier.eu\/index.php\/wp-json\/wp\/v2\/media\/2809"}],"wp:attachment":[{"href":"https:\/\/usagers-transports.haut-allier.eu\/index.php\/wp-json\/wp\/v2\/media?parent=637"}],"wp:term":[{"taxonomy":"category","embeddable":true,"href":"https:\/\/usagers-transports.haut-allier.eu\/index.php\/wp-json\/wp\/v2\/categories?post=637"},{"taxonomy":"post_tag","embeddable":true,"href":"https:\/\/usagers-transports.haut-allier.eu\/index.php\/wp-json\/wp\/v2\/tags?post=637"}],"curies":[{"name":"wp","href":"https:\/\/api.w.org\/{rel}","templated":true}]}}