{"id":638,"date":"2019-12-03T08:27:42","date_gmt":"2019-12-03T07:27:42","guid":{"rendered":"http:\/\/5.45.101.177\/haut-allier\/usagers-transportse\/index.php\/2019\/12\/03\/lyon-de-nombreux-trains-directs638\/"},"modified":"2019-12-03T08:27:42","modified_gmt":"2019-12-03T07:27:42","slug":"lyon-de-nombreux-trains-directs638","status":"publish","type":"post","link":"https:\/\/usagers-transports.haut-allier.eu\/index.php\/2019\/12\/03\/lyon-de-nombreux-trains-directs638\/","title":{"rendered":"Lyon : de nombreux trains directs supprim\u00e9s en 2020 dont Le Puy en Velay"},"content":{"rendered":"<p>Article \u00e9difiant de l&rsquo;\u00e9tat de d\u00e9labrement de l&rsquo;\u00e9toile ferroviaire lyonnaise du site <a href=\"http:\/\/trains-directs.fr\/lyon\/\"><em>Trains Direct<\/em><\/a>. Il a fait un bilan de l&rsquo;offre \u00e0 Lyon avec \u00e0 l&rsquo;appui de nombreuses cartes au fil du temps. Pr\u00e9cieux pour d\u00e9montrer l&rsquo;offre en r\u00e9gression propos\u00e9e par le prestataire SNCF. Citons le :<br \/>\n&nbsp;<br \/>\n<em>Malgr\u00e9 le nombre de Lignes \u00e0 Grande Vitesse qui se d\u00e9veloppe, la desserte en trains directs au d\u00e9part de Lyon recule.<br \/>\n&nbsp;<br \/>\nIl n\u2019y a plus de relations en train de nuit au d\u00e9part Lyon. Pour les relations lointaines, c\u2019est le tout TGV : Londres, Bruxelles, Lille, Rouen, Le Havre, Paris, Reims, Metz, Nancy, Luxembourg, Strasbourg, Frankfurt, Tours, Angers, Le Mans, Nantes, Rennes, Montpellier, Toulouse, Barcelona, Marseille, Nice, Milano\u2026<br \/>\n&nbsp;<br \/>\nPar contre, exit les relations directes avec : Brian\u00e7on, Dunkerque, Amsterdam, Le Croisic, Quimper, Brest, Poitiers, La Rochelle, Limoges, P\u00e9rigueux, Bordeaux, Tarbes, Irun, Rodez, Albi, Ventimiglia, Venezia, Munchen, Hamburg, Kobenhavn, Berlin, Wien, Epinal, Annecy, Evian, Le Puy\u2026<br \/>\n&nbsp;<br \/>\n<img loading=\"lazy\" decoding=\"async\" class=\" aligncenter size-full wp-image-2811\" src=\"http:\/\/5.45.101.177\/haut-allier\/usagers-transportse\/wp-content\/uploads\/2019\/12\/lyon_global_2020.jpg\" alt=\"lyon_global_2020.jpg\" align=\"center\" width=\"1024\" height=\"992\" srcset=\"https:\/\/usagers-transports.haut-allier.eu\/wp-content\/uploads\/2019\/12\/lyon_global_2020.jpg 1024w, https:\/\/usagers-transports.haut-allier.eu\/wp-content\/uploads\/2019\/12\/lyon_global_2020-300x291.jpg 300w, https:\/\/usagers-transports.haut-allier.eu\/wp-content\/uploads\/2019\/12\/lyon_global_2020-768x744.jpg 768w\" sizes=\"auto, (max-width: 1024px) 100vw, 1024px\" \/><br \/>\n&nbsp;<br \/>\nEn r\u00e9gion Auvergne Rh\u00f4ne Alpes, les relations directes assur\u00e9es sont \u00e0 destination de : Clermont Ferrand via Vichy, Moulins, Bourg en Bresse, Oyonnax (dans le seul sens Oyonnax-Lyon), Gen\u00e8ve, St Gervais (les seuls week end), Bourg St Maurice (les seuls week end), Grenoble, Valence et St Etienne.<br \/>\n&nbsp;<br \/>\nA partir de fin 2019 : Annecy, Evian et Le Puy ne sont plus reli\u00e9s avec Lyon ; Bourg St Maurice, Annemasse et St Gervais ne le sont que le week-end.<br \/>\n&nbsp;<br \/>\n<\/em><\/p>\n<p><strong>On l&rsquo;aura tous compris : le travail de sape du r\u00e9seau historique de la part de la SNCF aura \u00e9t\u00e9 constant : morceler, tron\u00e7onner, cacher, \u00e9liminer.<br \/>\n&#8211; Un pour se d\u00e9barrasser \u00e0 tout prix du r\u00e9seau qui lui a \u00e9t\u00e9 confi\u00e9<br \/>\n&#8211; Deux pour mettre en avant ses liaisons TGV qui apparaissent pour lors comme salvatrices. <\/strong><br \/>\n&nbsp;<br \/>\nUn article \u00e0 lire donc, essentiel, historique pour la r\u00e9gion Auvergne Rh\u00f4ne Alpes, capitale Lyon, 515 695 habitants, avec une aire urbaine de 2 310 850.<\/p>\n","protected":false},"excerpt":{"rendered":"<p>Article \u00e9difiant de l&rsquo;\u00e9tat de d\u00e9labrement de l&rsquo;\u00e9toile ferroviaire lyonnaise du site Trains Direct. Il a fait un<\/p>\n","protected":false},"author":1,"featured_media":2810,"comment_status":"open","ping_status":"open","sticky":false,"template":"","format":"standard","meta":{"footnotes":""},"categories":[2],"tags":[],"class_list":["post-638","post","type-post","status-publish","format-standard","has-post-thumbnail","hentry","category-infos"],"_links":{"self":[{"href":"https:\/\/usagers-transports.haut-allier.eu\/index.php\/wp-json\/wp\/v2\/posts\/638","targetHints":{"allow":["GET"]}}],"collection":[{"href":"https:\/\/usagers-transports.haut-allier.eu\/index.php\/wp-json\/wp\/v2\/posts"}],"about":[{"href":"https:\/\/usagers-transports.haut-allier.eu\/index.php\/wp-json\/wp\/v2\/types\/post"}],"author":[{"embeddable":true,"href":"https:\/\/usagers-transports.haut-allier.eu\/index.php\/wp-json\/wp\/v2\/users\/1"}],"replies":[{"embeddable":true,"href":"https:\/\/usagers-transports.haut-allier.eu\/index.php\/wp-json\/wp\/v2\/comments?post=638"}],"version-history":[{"count":0,"href":"https:\/\/usagers-transports.haut-allier.eu\/index.php\/wp-json\/wp\/v2\/posts\/638\/revisions"}],"wp:featuredmedia":[{"embeddable":true,"href":"https:\/\/usagers-transports.haut-allier.eu\/index.php\/wp-json\/wp\/v2\/media\/2810"}],"wp:attachment":[{"href":"https:\/\/usagers-transports.haut-allier.eu\/index.php\/wp-json\/wp\/v2\/media?parent=638"}],"wp:term":[{"taxonomy":"category","embeddable":true,"href":"https:\/\/usagers-transports.haut-allier.eu\/index.php\/wp-json\/wp\/v2\/categories?post=638"},{"taxonomy":"post_tag","embeddable":true,"href":"https:\/\/usagers-transports.haut-allier.eu\/index.php\/wp-json\/wp\/v2\/tags?post=638"}],"curies":[{"name":"wp","href":"https:\/\/api.w.org\/{rel}","templated":true}]}}