{"id":639,"date":"2019-12-05T09:54:16","date_gmt":"2019-12-05T08:54:16","guid":{"rendered":"http:\/\/5.45.101.177\/haut-allier\/usagers-transportse\/index.php\/2019\/12\/05\/massif-central-et-ouverture-a-la639\/"},"modified":"2019-12-05T09:54:16","modified_gmt":"2019-12-05T08:54:16","slug":"massif-central-et-ouverture-a-la639","status":"publish","type":"post","link":"https:\/\/usagers-transports.haut-allier.eu\/index.php\/2019\/12\/05\/massif-central-et-ouverture-a-la639\/","title":{"rendered":"Massif central et ouverture \u00e0 la concurrence : une coop\u00e9rative ferroviaire cr\u00e9\u00e9e \u00e0 Figeac"},"content":{"rendered":"<p>Depuis deux jours la concurrence est autoris\u00e9e en mati\u00e8re de transports express r\u00e9gionaux et <em><a href=\"https:\/\/www.francebleu.fr\/infos\/transports\/figeac-une-cooperative-lotoise-pour-l-ouverture-du-ferroviaire-a-la-concurrence-1575392573\"><em>France Bleu Occitanie Toulouse<\/em><\/a><\/em> nous apprend que <em>Railcoop<\/em> vient d&rsquo;\u00eatre cr\u00e9\u00e9e ce samedi \u00e0 Cajarc, pr\u00e8s de Figeac, dans le Lot. C&rsquo;est la premi\u00e8re soci\u00e9t\u00e9 coop\u00e9rative d\u2019int\u00e9r\u00eat collectif d\u00e9di\u00e9e au ferroviaire. Elle vise prioritairement la ligne Bordeaux-Lyon via le Massif Central mais envisage aussi d&rsquo;alimenter l&rsquo;axe Figeac-Rodez.<br \/>\n&nbsp;<br \/>\nDes \u00ab\u00a0petites lignes\u00a0\u00bb, comme la SNCF aime les d\u00e9nigrer, o\u00f9 les op\u00e9rateurs priv\u00e9s ne voudront pas investir, car \u00e0 faible rentabilit\u00e9.<br \/>\n&nbsp;<br \/>\nRailcoop est une coop\u00e9rative citoyenne d&rsquo;innovation ferroviaire, autrement dit un rassemblement de citoyens, d&rsquo;entreprises et de collectivit\u00e9s, dont l&rsquo;objectif est de d\u00e9velopper un service ferroviaire au service des territoires et qui contribueront \u00e0 la transition \u00e9cologique, en r\u00e9duisant la consommation de carburant li\u00e9e aux transports routiers. C&rsquo;est son ambition.<br \/>\n&nbsp;<br \/>\nComme dans toute coop\u00e9rative les \u00e9ventuels b\u00e9n\u00e9fices g\u00e9n\u00e9r\u00e9s par l&rsquo;activit\u00e9 devront \u00eatre r\u00e9investis et ne pourront pas servir \u00e0 r\u00e9mun\u00e9rer les soci\u00e9taires. Une garantie de fonctionnement sain.<br \/>\n&nbsp;<br \/>\nConcr\u00e8tement, d\u00e8s l\u2019obtention de sa licence ferroviaire et de son certificat de s\u00e9curit\u00e9, Railcoop fera rouler des trains sur le r\u00e9seau ferr\u00e9 national.<br \/>\n&nbsp;<br \/>\nExtrait du site <a href=\"https:\/\/www.railcoop.fr\/\"><strong>Railcoop<\/strong><\/a> :<br \/>\n&nbsp;<br \/>\n\u00ab\u00a0Soucieux de construire avec les acteurs de terrain les solutions ferroviaires adapt\u00e9es, Railcoop accompagne la cr\u00e9ation ou le d\u00e9veloppement de collectifs locaux en organisant la mutualisation de comp\u00e9tences et de ressources, notamment financi\u00e8res.<br \/>\n&nbsp;<br \/>\nRedonner sa pertinence au transport ferroviaire comme vecteur de maillage des territoires n\u00e9cessite de construire un mod\u00e8le ferroviaire adapt\u00e9. Railcoop travaille au d\u00e9veloppement de solutions innovantes permettant de r\u00e9pondre \u00e0 ces d\u00e9fis.\u00a0\u00bb<br \/>\n&nbsp;<br \/>\nAjoutons que lors du Forum R\u00e9gional pour l&rsquo;Economie Sociale et Solidaire, Railcoop a re\u00e7u le Prix R\u00e9gional pour la transformation \u00e9conomique, d\u00e9mocratique, \u00e9cologique, sociale et soci\u00e9tale, remis par Toulouse M\u00e9tropole.<br \/>\n&nbsp;<br \/>\nLe mod\u00e8le fera certainement des \u00e9mules partout o\u00f9 le prestataire historique a abandonn\u00e9 le maillage ferr\u00e9 qui lui a \u00e9t\u00e9 confi\u00e9 et l\u00e0 o\u00f9 il n&rsquo;y aura pas de candidats priv\u00e9s pour les (r\u00e9)animer.<br \/>\n&nbsp;<br \/>\n<em>L&rsquo;\u00e9quipe de la coop\u00e9rative<\/em><br \/>\n<img loading=\"lazy\" decoding=\"async\" class=\" aligncenter size-full wp-image-2813\" src=\"http:\/\/5.45.101.177\/haut-allier\/usagers-transportse\/wp-content\/uploads\/2019\/12\/fullsizerender.jpg\" alt=\"fullsizerender.jpg\" align=\"center\" width=\"1280\" height=\"960\" srcset=\"https:\/\/usagers-transports.haut-allier.eu\/wp-content\/uploads\/2019\/12\/fullsizerender.jpg 1280w, https:\/\/usagers-transports.haut-allier.eu\/wp-content\/uploads\/2019\/12\/fullsizerender-300x225.jpg 300w, https:\/\/usagers-transports.haut-allier.eu\/wp-content\/uploads\/2019\/12\/fullsizerender-1024x768.jpg 1024w, https:\/\/usagers-transports.haut-allier.eu\/wp-content\/uploads\/2019\/12\/fullsizerender-768x576.jpg 768w\" sizes=\"auto, (max-width: 1280px) 100vw, 1280px\" \/><\/p>\n","protected":false},"excerpt":{"rendered":"<p>Depuis deux jours la concurrence est autoris\u00e9e en mati\u00e8re de transports express r\u00e9gionaux et France Bleu Occitanie Toulouse<\/p>\n","protected":false},"author":1,"featured_media":2812,"comment_status":"open","ping_status":"open","sticky":false,"template":"","format":"standard","meta":{"footnotes":""},"categories":[2],"tags":[],"class_list":["post-639","post","type-post","status-publish","format-standard","has-post-thumbnail","hentry","category-infos"],"_links":{"self":[{"href":"https:\/\/usagers-transports.haut-allier.eu\/index.php\/wp-json\/wp\/v2\/posts\/639","targetHints":{"allow":["GET"]}}],"collection":[{"href":"https:\/\/usagers-transports.haut-allier.eu\/index.php\/wp-json\/wp\/v2\/posts"}],"about":[{"href":"https:\/\/usagers-transports.haut-allier.eu\/index.php\/wp-json\/wp\/v2\/types\/post"}],"author":[{"embeddable":true,"href":"https:\/\/usagers-transports.haut-allier.eu\/index.php\/wp-json\/wp\/v2\/users\/1"}],"replies":[{"embeddable":true,"href":"https:\/\/usagers-transports.haut-allier.eu\/index.php\/wp-json\/wp\/v2\/comments?post=639"}],"version-history":[{"count":0,"href":"https:\/\/usagers-transports.haut-allier.eu\/index.php\/wp-json\/wp\/v2\/posts\/639\/revisions"}],"wp:featuredmedia":[{"embeddable":true,"href":"https:\/\/usagers-transports.haut-allier.eu\/index.php\/wp-json\/wp\/v2\/media\/2812"}],"wp:attachment":[{"href":"https:\/\/usagers-transports.haut-allier.eu\/index.php\/wp-json\/wp\/v2\/media?parent=639"}],"wp:term":[{"taxonomy":"category","embeddable":true,"href":"https:\/\/usagers-transports.haut-allier.eu\/index.php\/wp-json\/wp\/v2\/categories?post=639"},{"taxonomy":"post_tag","embeddable":true,"href":"https:\/\/usagers-transports.haut-allier.eu\/index.php\/wp-json\/wp\/v2\/tags?post=639"}],"curies":[{"name":"wp","href":"https:\/\/api.w.org\/{rel}","templated":true}]}}