{"id":64,"date":"2013-07-17T18:37:24","date_gmt":"2013-07-17T16:37:24","guid":{"rendered":"http:\/\/5.45.101.177\/haut-allier\/usagers-transportse\/index.php\/2013\/07\/17\/notre-petition-le-president-de-la064\/"},"modified":"2013-07-17T18:37:24","modified_gmt":"2013-07-17T16:37:24","slug":"notre-petition-le-president-de-la064","status":"publish","type":"post","link":"https:\/\/usagers-transports.haut-allier.eu\/index.php\/2013\/07\/17\/notre-petition-le-president-de-la064\/","title":{"rendered":"Notre p\u00e9tition : le pr\u00e9sident de la R\u00e9gion Auvergne r\u00e9pond sur le probl\u00e8me de correspondance \u00e0 Clermont Fd [MAJ]"},"content":{"rendered":"<p>Nous prenons acte ce 16 juillet de la r\u00e9ponse de Ren\u00e9 Souchon, pr\u00e9sident de la r\u00e9gion Auvergne, sur le point de notre <a href=\"http:\/\/usagers-transports.haut-allier.eu\/spip.php?article58\">p\u00e9tition<\/a> concernant le probl\u00e8me de correspondance entre le train de 13 heures d\u00e9part Paris Bercy et le TER vers N\u00eemes d\u00e9part 16h35 de Clermont Ferrand, et de la disparition du trajet des \u00e9crans de billeterie. Le directeur SNCF Auvergne nous avait <a href=\"http:\/\/usagers-transports.haut-allier.eu\/spip.php?article61\">r\u00e9pondu<\/a> quant \u00e0 lui le 1er juillet. Voici pour votre information la lettre dans laquelle il est pr\u00e9cis\u00e9 que la SNCF a agi sur demande de la r\u00e9gion. En fait lorsque nous avons alert\u00e9 nous l&rsquo;avons fait aupr\u00e8s des R\u00e9gions Auvergne, Languedoc Roussillon, direction nationale de la SNCF, SNCF Auvergne et SNCF Languedoc Roussillon. Et apparemment tout le monde a pris le probl\u00e8me en mains, ce qui est positif. <\/p>\n<p> <img loading=\"lazy\" decoding=\"async\" class=\" aligncenter size-full wp-image-1442\" src=\"http:\/\/5.45.101.177\/haut-allier\/usagers-transportse\/wp-content\/uploads\/2013\/07\/IMG_0001.jpg\" alt=\"IMG_0001.jpg\" align=\"center\" width=\"800\" height=\"1131\" srcset=\"https:\/\/usagers-transports.haut-allier.eu\/wp-content\/uploads\/2013\/07\/IMG_0001.jpg 800w, https:\/\/usagers-transports.haut-allier.eu\/wp-content\/uploads\/2013\/07\/IMG_0001-212x300.jpg 212w, https:\/\/usagers-transports.haut-allier.eu\/wp-content\/uploads\/2013\/07\/IMG_0001-724x1024.jpg 724w, https:\/\/usagers-transports.haut-allier.eu\/wp-content\/uploads\/2013\/07\/IMG_0001-768x1086.jpg 768w\" sizes=\"auto, (max-width: 800px) 100vw, 800px\" \/><\/p>\n<p><strong>[Mise \u00e0 jour du 23 juillet]<\/strong><br \/>\nEELV Europe Ecologie les Verts a \u00e9galement relay\u00e9 notre demande au conseil r\u00e9gional Auvergne pour action via la SNCF. En voici la preuve en document joint.<\/p>\n<p><a href=\"http:\/\/5.45.101.177\/haut-allier\/usagers-transportse\/wp-content\/uploads\/2013\/07\/CourrierSouchon-EELV.pdf\">CourrierSouchon-EELV.pdf<\/a><\/p>\n","protected":false},"excerpt":{"rendered":"<p>Nous prenons acte ce 16 juillet de la r\u00e9ponse de Ren\u00e9 Souchon, pr\u00e9sident de la r\u00e9gion Auvergne, sur<\/p>\n","protected":false},"author":1,"featured_media":1441,"comment_status":"closed","ping_status":"open","sticky":false,"template":"","format":"standard","meta":{"footnotes":""},"categories":[2],"tags":[],"class_list":["post-64","post","type-post","status-publish","format-standard","has-post-thumbnail","hentry","category-infos"],"_links":{"self":[{"href":"https:\/\/usagers-transports.haut-allier.eu\/index.php\/wp-json\/wp\/v2\/posts\/64","targetHints":{"allow":["GET"]}}],"collection":[{"href":"https:\/\/usagers-transports.haut-allier.eu\/index.php\/wp-json\/wp\/v2\/posts"}],"about":[{"href":"https:\/\/usagers-transports.haut-allier.eu\/index.php\/wp-json\/wp\/v2\/types\/post"}],"author":[{"embeddable":true,"href":"https:\/\/usagers-transports.haut-allier.eu\/index.php\/wp-json\/wp\/v2\/users\/1"}],"replies":[{"embeddable":true,"href":"https:\/\/usagers-transports.haut-allier.eu\/index.php\/wp-json\/wp\/v2\/comments?post=64"}],"version-history":[{"count":0,"href":"https:\/\/usagers-transports.haut-allier.eu\/index.php\/wp-json\/wp\/v2\/posts\/64\/revisions"}],"wp:featuredmedia":[{"embeddable":true,"href":"https:\/\/usagers-transports.haut-allier.eu\/index.php\/wp-json\/wp\/v2\/media\/1441"}],"wp:attachment":[{"href":"https:\/\/usagers-transports.haut-allier.eu\/index.php\/wp-json\/wp\/v2\/media?parent=64"}],"wp:term":[{"taxonomy":"category","embeddable":true,"href":"https:\/\/usagers-transports.haut-allier.eu\/index.php\/wp-json\/wp\/v2\/categories?post=64"},{"taxonomy":"post_tag","embeddable":true,"href":"https:\/\/usagers-transports.haut-allier.eu\/index.php\/wp-json\/wp\/v2\/tags?post=64"}],"curies":[{"name":"wp","href":"https:\/\/api.w.org\/{rel}","templated":true}]}}