{"id":640,"date":"2019-12-10T09:08:26","date_gmt":"2019-12-10T08:08:26","guid":{"rendered":"http:\/\/5.45.101.177\/haut-allier\/usagers-transportse\/index.php\/2019\/12\/10\/ligne-ferroviaire-grenoble-gap640\/"},"modified":"2019-12-10T09:08:26","modified_gmt":"2019-12-10T08:08:26","slug":"ligne-ferroviaire-grenoble-gap640","status":"publish","type":"post","link":"https:\/\/usagers-transports.haut-allier.eu\/index.php\/2019\/12\/10\/ligne-ferroviaire-grenoble-gap640\/","title":{"rendered":"Ligne ferroviaire Grenoble-Gap : accord entre l&rsquo;\u00e9tat et les acteurs locaux pour la r\u00e9novation"},"content":{"rendered":"<p>Menac\u00e9e de fermeture en 2020 en raison de sa v\u00e9tust\u00e9, la liaison ferroviaire Grenoble-Gap, emprunt\u00e9e chaque jour en moyenne par un millier de voyageurs, va b\u00e9n\u00e9ficier d&rsquo;importants travaux de r\u00e9novation. Le 9 novembre dernier, des associations d&rsquo;usagers soutenus par des \u00e9lus et des syndicats s&rsquo;\u00e9taient mobilis\u00e9s entre Grenoble et Brian\u00e7on pour demander \u00e0 l&rsquo;\u00c9tat de \u00ab\u00a0tenir sa promesse\u00a0\u00bb de remettre en \u00e9tat cette ligne, essentielle \u00e0 leurs yeux pour \u00ab\u00a0d\u00e9senclaver les territoires ruraux\u00a0\u00bb qu&rsquo;elle dessert.<br \/>\n&nbsp;<br \/>\nR\u00e9uni ce 4 d\u00e9cembre \u00e0 Valence par le pr\u00e9fet de la r\u00e9gion Provence-Alpes-C\u00f4te d&rsquo;Azur, le comit\u00e9 de pilotage interr\u00e9gional de \u00ab\u00a0l&rsquo;\u00c9toile de Veynes\u00a0\u00bb a statu\u00e9 notamment sur l&rsquo;avenir de la ligne. Un plan de financement auquel participent les collectivit\u00e9s territoriales, l&rsquo;\u00c9tat et SNCF R\u00e9seau \u00ab\u00a0\u00e0 hauteur de 34 millions de travaux a \u00e9t\u00e9 boucl\u00e9 lors de ce comit\u00e9\u00a0\u00bb, a pr\u00e9cis\u00e9 la pr\u00e9fecture de r\u00e9gion dans un communiqu\u00e9.<br \/>\n&nbsp;<br \/>\n\u00ab\u00a0Ces travaux permettront une r\u00e9ouverture totale de la ligne entre Grenoble et Gap en 2022, d\u00e8s les travaux r\u00e9alis\u00e9s. Au-del\u00e0, l&rsquo;\u00e9tude en cours, qui s&rsquo;ach\u00e8vera \u00e0 l&rsquo;\u00e9t\u00e9 2020, permettra de d\u00e9finir un programme de travaux compl\u00e9mentaires post 2023, n\u00e9cessaire pour assurer la p\u00e9rennit\u00e9 de la ligne \u00e0 plus long terme\u00a0\u00bb, a-t-elle ajout\u00e9.<br \/>\n&nbsp;<br \/>\nLe pr\u00e9sident de la r\u00e9gion Auvergne-Rh\u00f4ne-Alpes, Laurent Wauquiez, a salu\u00e9 dans un communiqu\u00e9 cet accord obtenu apr\u00e8s avoir \u00ab\u00a0maintenu la pression pendant plusieurs mois\u00a0\u00bb. L&rsquo;investissement de la r\u00e9gion pour cette liaison ferroviaire de la r\u00e9gion Auvergne-Rh\u00f4ne-Alpes, o\u00f9 \u00ab\u00a0830 km de lignes\u00a0\u00bb \u00e9taient menac\u00e9s en 2016, s&rsquo;\u00e9l\u00e8vera \u00e0 9,8 millions d&rsquo;euros. Le plan r\u00e9gional de sauvetage des petites lignes ferroviaires lanc\u00e9 fin 2016 pr\u00e9voit un programme d&rsquo;investissement de 264 millions d&rsquo;euros jusqu&rsquo;en 2020, dont 111 millions d&rsquo;euros par la r\u00e9gion.<br \/>\n&nbsp;<br \/>\n<em>[d&rsquo;apr\u00e8s AFP]<\/em><\/p>\n","protected":false},"excerpt":{"rendered":"<p>Menac\u00e9e de fermeture en 2020 en raison de sa v\u00e9tust\u00e9, la liaison ferroviaire Grenoble-Gap, emprunt\u00e9e chaque jour en<\/p>\n","protected":false},"author":1,"featured_media":2814,"comment_status":"open","ping_status":"open","sticky":false,"template":"","format":"standard","meta":{"footnotes":""},"categories":[2],"tags":[],"class_list":["post-640","post","type-post","status-publish","format-standard","has-post-thumbnail","hentry","category-infos"],"_links":{"self":[{"href":"https:\/\/usagers-transports.haut-allier.eu\/index.php\/wp-json\/wp\/v2\/posts\/640","targetHints":{"allow":["GET"]}}],"collection":[{"href":"https:\/\/usagers-transports.haut-allier.eu\/index.php\/wp-json\/wp\/v2\/posts"}],"about":[{"href":"https:\/\/usagers-transports.haut-allier.eu\/index.php\/wp-json\/wp\/v2\/types\/post"}],"author":[{"embeddable":true,"href":"https:\/\/usagers-transports.haut-allier.eu\/index.php\/wp-json\/wp\/v2\/users\/1"}],"replies":[{"embeddable":true,"href":"https:\/\/usagers-transports.haut-allier.eu\/index.php\/wp-json\/wp\/v2\/comments?post=640"}],"version-history":[{"count":0,"href":"https:\/\/usagers-transports.haut-allier.eu\/index.php\/wp-json\/wp\/v2\/posts\/640\/revisions"}],"wp:featuredmedia":[{"embeddable":true,"href":"https:\/\/usagers-transports.haut-allier.eu\/index.php\/wp-json\/wp\/v2\/media\/2814"}],"wp:attachment":[{"href":"https:\/\/usagers-transports.haut-allier.eu\/index.php\/wp-json\/wp\/v2\/media?parent=640"}],"wp:term":[{"taxonomy":"category","embeddable":true,"href":"https:\/\/usagers-transports.haut-allier.eu\/index.php\/wp-json\/wp\/v2\/categories?post=640"},{"taxonomy":"post_tag","embeddable":true,"href":"https:\/\/usagers-transports.haut-allier.eu\/index.php\/wp-json\/wp\/v2\/tags?post=640"}],"curies":[{"name":"wp","href":"https:\/\/api.w.org\/{rel}","templated":true}]}}