{"id":642,"date":"2019-12-15T23:39:55","date_gmt":"2019-12-15T22:39:55","guid":{"rendered":"http:\/\/5.45.101.177\/haut-allier\/usagers-transportse\/index.php\/2019\/12\/15\/ou-en-sont-les-trains-de-nuit-en642\/"},"modified":"2019-12-15T23:39:55","modified_gmt":"2019-12-15T22:39:55","slug":"ou-en-sont-les-trains-de-nuit-en642","status":"publish","type":"post","link":"https:\/\/usagers-transports.haut-allier.eu\/index.php\/2019\/12\/15\/ou-en-sont-les-trains-de-nuit-en642\/","title":{"rendered":"O\u00f9 en sont les trains de nuit en France ? Le cas de la ligne des C\u00e9vennes [MAJ]"},"content":{"rendered":"<p>D\u00e9j\u00e0 en 2000, toujours \u00e0 la pointe de la destruction la SNCF et son PDG P\u00e9py avaient d\u00e9cid\u00e9 de supprimer 300 points d&rsquo;arr\u00eat sur les 67 trains de nuit circulant quotidiennement en France avan\u00e7ant des raisons bidons de s\u00e9curit\u00e9.<br \/>\n&nbsp;<br \/>\nDans le massif central, les trains nationaux qu&rsquo;\u00e9taient les trains de nuit Vichy &#8211; Nice et Paris &#8211; Clermont Ferrand &#8211; N\u00eemes furent alors supprim\u00e9s en 2003, ainsi d&rsquo;ailleurs que l\u2019autorail qui assurait une liaison touristique entre Lyon et Toulouse via Le Puy, Langeac, Langogne, Mende et Rodez.<br \/>\n&nbsp;<br \/>\nNombreux sont ceux qui se souviennent avoir emprunt\u00e9 ces trains tr\u00e8s pratiques pour arriver le matin t\u00f4t frais et disponibles.<br \/>\n&nbsp;<br \/>\nEn mai 2015 le m\u00eame PDG de la SNCF diffusait une note interne pr\u00e9conisant <strong>la suppression totale des Intercit\u00e9s de nuit<\/strong> : <em>\u00ab\u00a0Les trains de nuit ne sont plus comp\u00e9titifs en raison de la concurrence du covoiturage, des offres a\u00e9riennes \u00e0 bas co\u00fbt et h\u00f4teli\u00e8res ainsi que des petits prix sur les liaisons ferroviaires de jour.\u00a0\u00bb<\/em> mentait une nouvelle fois l&rsquo;entreprise dite ferroviaire.<br \/>\n&nbsp;<br \/>\nLa plupart des trains de nuit restants furent supprim\u00e9s sauf deux, le Paris-Brian\u00e7on et le Paris-Rodez \/ Latour de Carol. L&rsquo;\u00e9tat ent\u00e9rina la proposition du triste P\u00e9py <a href=\"https:\/\/www.streetpress.com\/sujet\/1490264677-8-arguments-bidons-pepy-pour-fermer-trains-de-nuit\"><strong>qui avan\u00e7a ses arguments bidons<\/strong><\/a>. Alors que nos amis des Hautes-Pyr\u00e9n\u00e9es, du pays Basque, se battent toujours pour leur retour, la mobilisation de la r\u00e9gion Occitanie et du collectif Oui au train de nuit 66 pu faire maintenir le Paris Perpignan Port-Bou durant l&rsquo;\u00e9t\u00e9 2017, un r\u00e9pit prolong\u00e9 jusqu&rsquo;\u00e0 fin 2020.<br \/>\n&nbsp;<br \/>\nPourtant les mat\u00e9riels roulants n&rsquo;ont pas \u00e9t\u00e9 renouvel\u00e9 contrairement aux autres pays europ\u00e9ens qui ont investi dans des voitures couchettes modernes et confortables faisant le bonheur des usagers. Les trains de nuits y ont ainsi retrouv\u00e9 une seconde vie. En Allemagne par exemple ces trains donn\u00e9s pour morts en 2016 renaissent gr\u00e2ce \u00e0 l&rsquo;entreprise autrichienne \u00d6BB qui les a rachet\u00e9 \u00e0 la Deutsche Bahn. Et \u00e0 l&rsquo;aide d&rsquo;une politique de prix attractifs ils comptent aujourd&rsquo;hui 1,4 millions de passagers par an.<br \/>\n&nbsp;<br \/>\n<em>Le nouveau train de nuit Venise &#8211; Paris<\/em><br \/>\n<img loading=\"lazy\" decoding=\"async\" class=\" aligncenter size-full wp-image-2818\" src=\"http:\/\/5.45.101.177\/haut-allier\/usagers-transportse\/wp-content\/uploads\/2019\/12\/mgd-tdn-vl-01.jpg\" alt=\"mgd-tdn-vl-01.jpg\" align=\"center\" width=\"660\" height=\"400\" srcset=\"https:\/\/usagers-transports.haut-allier.eu\/wp-content\/uploads\/2019\/12\/mgd-tdn-vl-01.jpg 660w, https:\/\/usagers-transports.haut-allier.eu\/wp-content\/uploads\/2019\/12\/mgd-tdn-vl-01-300x182.jpg 300w\" sizes=\"auto, (max-width: 660px) 100vw, 660px\" \/><br \/>\n&nbsp;<br \/>\nEn France on se pr\u00e9cipite&#8230; doucement pour tenter de rattraper l&rsquo;erreur de gestion, et pour suivre les voisins. En 2018 la ministre Borne se disait favorable \u00e0 leur retour, osant contredire P\u00e9py. Depuis elle vient d&rsquo;annoncer que l&rsquo;\u00e9tat va investir plus de 30M\u20ac pour r\u00e9nover les trains de nuit : couchettes, sanitaires, prises, Wifi&#8230; Depuis aussi les s\u00e9nateurs et les d\u00e9put\u00e9s ont vot\u00e9 pour que l\u2019\u00e9tat \u00e9tudie leur red\u00e9ploiement.<br \/>\n&nbsp;<br \/>\nDans les faits on peut tout de m\u00eame s&rsquo;interroger sur les r\u00e9elles intentions du gouvernement qui tout en disant vouloir arr\u00eater la politique du tout TGV achetait aussit\u00f4t 100 TGV nouvelle g\u00e9n\u00e9ration.<br \/>\n&nbsp;<br \/>\nNous pensons vraiment que le gouvernement et la SNCF ne changeront leur politique destructrice du r\u00e9seau historique que bouscul\u00e9s par la volont\u00e9 des collectifs d&rsquo;usagers et des \u00e9lus des territoires. Il faut sans doute compter aussi sur la \u00abhonte de l&rsquo;avion\u00bb  qui commence \u00e0 gagner les esprits et qui devrait favoriser le retour du train de nuit.<br \/>\n&nbsp;<br \/>\nIl est important de signer en masse la p\u00e9tition de nos amis <a href=\"https:\/\/www.change.org\/p\/ouiautraindenuit\"><strong>Oui au train de nuit<\/strong><\/a>.<br \/>\n&nbsp;<br \/>\nEt tant qu&rsquo;on est dans les bonnes actions on peut approuver d&rsquo;autres appels qui vont dans le m\u00eame sens :<br \/>\n&nbsp;<br \/>\n<a href=\"https:\/\/www.change.org\/p\/sncb-for-the-return-of-international-night-trains-in-belgium\"><strong>Oui aux trains de nuit en Belgique !<\/strong><\/a><br \/>\n&nbsp;<br \/>\n<a href=\"https:\/\/eci.ec.europa.eu\/008\/public\/#\/initiative\"><strong>L&rsquo;initiative europ\u00e9enne pour taxer le k\u00e9ros\u00e8ne <\/strong> <\/a><br \/>\n&nbsp;<br \/>\n<a href=\"http:\/\/chng.it\/z4MVdnK98Q\"><strong>La p\u00e9tition pour la ligne Bruxelles-Berlin<\/strong><\/a><br \/>\n&nbsp;<br \/>\n<a href=\"https:\/\/www.mesopinions.com\/petition\/social\/renovation-voitures-trains-nuit\/46565\"><strong>Pour la r\u00e9novation des voitures des trains de nuit<\/strong><\/a><br \/>\n&nbsp;<br \/>\n<a href=\"http:\/\/chng.it\/bvHWNCtT\"><strong>Et la n\u00f4tre contre les billets SNCF limit\u00e9s \u00e0 2 changements<\/strong> <\/a><br \/>\n&nbsp;<br \/>\nChacun peut aussi aller voir ses candidats aux municipales pour les inciter \u00e0 se positionner clairement pour le renouvellement des trains de nuit en France en <a href=\"https:\/\/ouiautraindenuit.wordpress.com\/2019\/11\/28\/municipales-2020\/\"><strong>leur adressant ce questionnaire<\/strong><\/a>.<br \/>\n&nbsp;<br \/>\n<em>De la lecture sur Mediapart :<\/em><br \/>\n&nbsp;<br \/>\n<a href=\"https:\/\/blogs.mediapart.fr\/ouiautraindenuit\/blog\/160118\/5-intox-de-la-sncf-pour-demanteler-les-trains-de-nuit\"><em>5 intox de la SNCF pour d\u00e9manteler les trains de nuit<\/em><\/a><br \/>\n&nbsp;<br \/>\nDu c\u00f4t\u00e9 du <a href=\"http:\/\/usagers-transports.haut-allier.eu\/?les-usagers-de-la-ligne-du-train,551\"><strong>Collectif des usagers des transports du Haut Allier<\/strong><\/a>, avec nos coll\u00e8gues du Gard et de Loz\u00e8re vous l&rsquo;avez compris nous militons depuis quelques temps pour le retour du train de nuit N\u00eemes Clermont-Ferrand Paris.<br \/>\n&nbsp;<br \/>\n<strong>[MAJ du 22\/12\/2019]<\/strong><br \/>\n&nbsp;<br \/>\nNous ajoutons un extrait des horaires de la ligne de nuit N\u00eemes Langogne Clermont Ferrand Paris lors de son exploitation. Le train partant de N\u00eemes \u00e0 19h45 passait \u00e0 Arvant \u00e0 0h24 :<br \/>\n&nbsp;<br \/>\n<img loading=\"lazy\" decoding=\"async\" class=\" aligncenter size-full wp-image-2819\" src=\"http:\/\/5.45.101.177\/haut-allier\/usagers-transportse\/wp-content\/uploads\/2019\/12\/horairestraindenuitnimesalleyrasparis-p.jpg\" alt=\"horairestraindenuitnimesalleyrasparis-p.jpg\" align=\"center\" width=\"1684\" height=\"1500\" srcset=\"https:\/\/usagers-transports.haut-allier.eu\/wp-content\/uploads\/2019\/12\/horairestraindenuitnimesalleyrasparis-p.jpg 1684w, https:\/\/usagers-transports.haut-allier.eu\/wp-content\/uploads\/2019\/12\/horairestraindenuitnimesalleyrasparis-p-300x267.jpg 300w, https:\/\/usagers-transports.haut-allier.eu\/wp-content\/uploads\/2019\/12\/horairestraindenuitnimesalleyrasparis-p-1024x912.jpg 1024w, https:\/\/usagers-transports.haut-allier.eu\/wp-content\/uploads\/2019\/12\/horairestraindenuitnimesalleyrasparis-p-768x684.jpg 768w, https:\/\/usagers-transports.haut-allier.eu\/wp-content\/uploads\/2019\/12\/horairestraindenuitnimesalleyrasparis-p-1536x1368.jpg 1536w\" sizes=\"auto, (max-width: 1684px) 100vw, 1684px\" \/><br \/>\n&nbsp;<\/p>\n","protected":false},"excerpt":{"rendered":"<p>D\u00e9j\u00e0 en 2000, toujours \u00e0 la pointe de la destruction la SNCF et son PDG P\u00e9py avaient d\u00e9cid\u00e9<\/p>\n","protected":false},"author":1,"featured_media":2817,"comment_status":"open","ping_status":"open","sticky":false,"template":"","format":"standard","meta":{"footnotes":""},"categories":[3],"tags":[],"class_list":["post-642","post","type-post","status-publish","format-standard","has-post-thumbnail","hentry","category-en-train"],"_links":{"self":[{"href":"https:\/\/usagers-transports.haut-allier.eu\/index.php\/wp-json\/wp\/v2\/posts\/642","targetHints":{"allow":["GET"]}}],"collection":[{"href":"https:\/\/usagers-transports.haut-allier.eu\/index.php\/wp-json\/wp\/v2\/posts"}],"about":[{"href":"https:\/\/usagers-transports.haut-allier.eu\/index.php\/wp-json\/wp\/v2\/types\/post"}],"author":[{"embeddable":true,"href":"https:\/\/usagers-transports.haut-allier.eu\/index.php\/wp-json\/wp\/v2\/users\/1"}],"replies":[{"embeddable":true,"href":"https:\/\/usagers-transports.haut-allier.eu\/index.php\/wp-json\/wp\/v2\/comments?post=642"}],"version-history":[{"count":0,"href":"https:\/\/usagers-transports.haut-allier.eu\/index.php\/wp-json\/wp\/v2\/posts\/642\/revisions"}],"wp:featuredmedia":[{"embeddable":true,"href":"https:\/\/usagers-transports.haut-allier.eu\/index.php\/wp-json\/wp\/v2\/media\/2817"}],"wp:attachment":[{"href":"https:\/\/usagers-transports.haut-allier.eu\/index.php\/wp-json\/wp\/v2\/media?parent=642"}],"wp:term":[{"taxonomy":"category","embeddable":true,"href":"https:\/\/usagers-transports.haut-allier.eu\/index.php\/wp-json\/wp\/v2\/categories?post=642"},{"taxonomy":"post_tag","embeddable":true,"href":"https:\/\/usagers-transports.haut-allier.eu\/index.php\/wp-json\/wp\/v2\/tags?post=642"}],"curies":[{"name":"wp","href":"https:\/\/api.w.org\/{rel}","templated":true}]}}