{"id":643,"date":"2019-12-18T14:32:27","date_gmt":"2019-12-18T13:32:27","guid":{"rendered":"http:\/\/5.45.101.177\/haut-allier\/usagers-transportse\/index.php\/2019\/12\/18\/cheminots-en-greve-et-exasperation643\/"},"modified":"2019-12-18T14:32:27","modified_gmt":"2019-12-18T13:32:27","slug":"cheminots-en-greve-et-exasperation643","status":"publish","type":"post","link":"https:\/\/usagers-transports.haut-allier.eu\/index.php\/2019\/12\/18\/cheminots-en-greve-et-exasperation643\/","title":{"rendered":"Cheminots en gr\u00e8ve et exasp\u00e9ration des usagers : la SNCF interdit la gr\u00e8ve par la gratuit\u00e9 des billets"},"content":{"rendered":"<p>Nous le savons tous et toutes les premiers l\u00e9s\u00e9s lors des gr\u00e8ves de cheminots en France depuis des lustres c&rsquo;est nous, les usagers. Mais au moins un syndicat, Sud Rail, propose depuis des ann\u00e9es la gr\u00e8ve par la gratuit\u00e9 des billets, c&rsquo;est compl\u00e8tement l\u00e9gal, une affaire a au moins \u00e9t\u00e9 jug\u00e9e dans ce sens, mais la SNCF l&rsquo;interdit et sanctionne s\u00e9v\u00e8rement ses agents qui s&rsquo;y adonnent.<br \/>\n&nbsp;<br \/>\nLes explications sont \u00e0 lire dans l&rsquo;article de <em>Sophie Chapelle<\/em> sur Basta Mag paru aujourd&rsquo;hui :<br \/>\n&nbsp;<br \/>\n<a href=\"https:\/\/www.bastamag.net\/greve-gratuite-des-transports-SNCF-navigo-vacances-de-Noel-treve-opinion\"><strong> <em>Une gr\u00e8ve par la gratuit\u00e9 des transports est-elle possible ?<\/em> <\/strong><\/a><br \/>\n&nbsp;<br \/>\nComme \u00e0 son habitude l&rsquo;ex PDG P\u00e9py invoquait des raisons fallacieuses pour justifier sa position : parmi elles celle de la mise en danger des usagers pour des motifs de ru\u00e9es potentielles vers les trains qui seraient surcharg\u00e9s. On croit r\u00eaver.<br \/>\n&nbsp;<br \/>\nC&rsquo;est donc bien \u00e0 cause de la SNCF et de sa direction que nous devons la chienlit sur les transports durant ces f\u00eates de fin d&rsquo;ann\u00e9e dans notre beau pays. Pas \u00e0 cause de certains syndicats en tous cas qui ont propos\u00e9 d&rsquo;\u00e9voluer vers une gr\u00e8ve intelligente, celle de la gratuit\u00e9.<br \/>\n&nbsp;<br \/>\n<strong>Et c\u00f4t\u00e9 usagers peut-on ne pas payer ses tickets SNCF ?<\/strong><br \/>\n&nbsp;<br \/>\nL&rsquo;article de Simon Louvet dans <em>Actu Paris<\/em> essaie de r\u00e9pondre \u00e0 cette question. On peut le lire ici :<br \/>\n&nbsp;<br \/>\n<a href=\"https:\/\/actu.fr\/societe\/greve-illimitee-partir-5-decembre-ne-pas-payer-tickets-ratp-sncf-une-bonne-idee_29518564.html\"><em> <strong>Gr\u00e8ve illimit\u00e9e \u00e0 partir du 5 d\u00e9cembre : ne pas payer ses tickets RATP et SNCF, une bonne id\u00e9e ?<\/strong> <\/em><\/a><br \/>\n&nbsp;<br \/>\nConcernant l&rsquo;\u00e9mission de billets gratuits, le secr\u00e9taire f\u00e9d\u00e9ral de Sud Rail Bruno Poncet y est tr\u00e8s favorable et en tire une conclusion qui nous parait \u00e9vidente : <em>\u00ab\u00a0Les cheminots travaillent et les gens ne paient pas leur billet. On remplirait l\u2019objectif de blocage \u00e9conomique de la gr\u00e8ve, sans l\u2019impact sur les d\u00e9placements, ce serait parfait. L\u2019entreprise serait oblig\u00e9e d\u2019\u00e9couter.\u00a0\u00bb<\/em><br \/>\n&nbsp;<br \/>\n<img loading=\"lazy\" decoding=\"async\" class=\" aligncenter size-full wp-image-2821\" src=\"http:\/\/5.45.101.177\/haut-allier\/usagers-transportse\/wp-content\/uploads\/2019\/12\/billet-sncf-gratuit-en-reve-seulement-collectif-usagers-transports-haut-allier.jpg\" alt=\"billet-sncf-gratuit-en-reve-seulement-collectif-usagers-transports-haut-allier.jpg\" align=\"center\" width=\"897\" height=\"383\" srcset=\"https:\/\/usagers-transports.haut-allier.eu\/wp-content\/uploads\/2019\/12\/billet-sncf-gratuit-en-reve-seulement-collectif-usagers-transports-haut-allier.jpg 897w, https:\/\/usagers-transports.haut-allier.eu\/wp-content\/uploads\/2019\/12\/billet-sncf-gratuit-en-reve-seulement-collectif-usagers-transports-haut-allier-300x128.jpg 300w, https:\/\/usagers-transports.haut-allier.eu\/wp-content\/uploads\/2019\/12\/billet-sncf-gratuit-en-reve-seulement-collectif-usagers-transports-haut-allier-768x328.jpg 768w\" sizes=\"auto, (max-width: 897px) 100vw, 897px\" \/><br \/>\n&nbsp;<br \/>\n<strong>C&rsquo;est ce qui se pratique lors des actions de grogne aux p\u00e9ages des autoroutes<\/strong><br \/>\n&nbsp;<br \/>\nQuand sont ouvertes les barri\u00e8res des p\u00e9ages pour laisser passer les automobilistes. Au d\u00e9triment des soci\u00e9t\u00e9s <strong>priv\u00e9es<\/strong> d&rsquo;autoroute. Oui mais dans le cas de la SNCF c&rsquo;est l&rsquo;\u00e9tat qui g\u00e8re et hors de question gnagna&#8230; On montre les muscles.<br \/>\n&nbsp;<br \/>\nLa gr\u00e8ve par la gratuit\u00e9 a toujours \u00e9t\u00e9 soutenue par plusieurs \u00e9lus de droite et de gauche, mais une fois au pouvoir la belle id\u00e9e dispara\u00eet et aucun am\u00e9nagement \u00e0 la loi n&rsquo;est vot\u00e9. <strong>Le gouvernement et la SNCF sont donc bel et bien complices de ce qui nous arrive en cette fin d&rsquo;ann\u00e9e au niveau transports<\/strong>. Comme ils l&rsquo;ont \u00e9t\u00e9 pr\u00e9c\u00e9demment avec les autres \u00e9pisodes de grogne cheminote.<\/p>\n","protected":false},"excerpt":{"rendered":"<p>Nous le savons tous et toutes les premiers l\u00e9s\u00e9s lors des gr\u00e8ves de cheminots en France depuis des<\/p>\n","protected":false},"author":1,"featured_media":2820,"comment_status":"open","ping_status":"open","sticky":false,"template":"","format":"standard","meta":{"footnotes":""},"categories":[2],"tags":[],"class_list":["post-643","post","type-post","status-publish","format-standard","has-post-thumbnail","hentry","category-infos"],"_links":{"self":[{"href":"https:\/\/usagers-transports.haut-allier.eu\/index.php\/wp-json\/wp\/v2\/posts\/643","targetHints":{"allow":["GET"]}}],"collection":[{"href":"https:\/\/usagers-transports.haut-allier.eu\/index.php\/wp-json\/wp\/v2\/posts"}],"about":[{"href":"https:\/\/usagers-transports.haut-allier.eu\/index.php\/wp-json\/wp\/v2\/types\/post"}],"author":[{"embeddable":true,"href":"https:\/\/usagers-transports.haut-allier.eu\/index.php\/wp-json\/wp\/v2\/users\/1"}],"replies":[{"embeddable":true,"href":"https:\/\/usagers-transports.haut-allier.eu\/index.php\/wp-json\/wp\/v2\/comments?post=643"}],"version-history":[{"count":0,"href":"https:\/\/usagers-transports.haut-allier.eu\/index.php\/wp-json\/wp\/v2\/posts\/643\/revisions"}],"wp:featuredmedia":[{"embeddable":true,"href":"https:\/\/usagers-transports.haut-allier.eu\/index.php\/wp-json\/wp\/v2\/media\/2820"}],"wp:attachment":[{"href":"https:\/\/usagers-transports.haut-allier.eu\/index.php\/wp-json\/wp\/v2\/media?parent=643"}],"wp:term":[{"taxonomy":"category","embeddable":true,"href":"https:\/\/usagers-transports.haut-allier.eu\/index.php\/wp-json\/wp\/v2\/categories?post=643"},{"taxonomy":"post_tag","embeddable":true,"href":"https:\/\/usagers-transports.haut-allier.eu\/index.php\/wp-json\/wp\/v2\/tags?post=643"}],"curies":[{"name":"wp","href":"https:\/\/api.w.org\/{rel}","templated":true}]}}