{"id":644,"date":"2019-12-21T09:54:48","date_gmt":"2019-12-21T08:54:48","guid":{"rendered":"http:\/\/5.45.101.177\/haut-allier\/usagers-transportse\/index.php\/2019\/12\/21\/train-aubrac-la-ligne-des-causses644\/"},"modified":"2019-12-21T09:54:48","modified_gmt":"2019-12-21T08:54:48","slug":"train-aubrac-la-ligne-des-causses644","status":"publish","type":"post","link":"https:\/\/usagers-transports.haut-allier.eu\/index.php\/2019\/12\/21\/train-aubrac-la-ligne-des-causses644\/","title":{"rendered":"Train Aubrac : La ligne des Causses \u00e0 son tour sauv\u00e9e !"},"content":{"rendered":"<p>\u00ab La ligne des Causses sera pr\u00e9serv\u00e9e, le fret d\u00e9velopp\u00e9, les emplois assur\u00e9s : les engagements sont pris \u00bb : c&rsquo;est le titre du communiqu\u00e9 qui fait suite \u00e0 l&rsquo;accord trouv\u00e9 entre les r\u00e9gions Occitanie, Auvergne Rh\u00f4ne Alpes et l&rsquo;\u00e9tat.<br \/>\n&nbsp;<br \/>\nExcellente nouvelle \u00e0 la veille des f\u00eates de fin d&rsquo;ann\u00e9e que ce message envoy\u00e9 conjointement par les r\u00e9gions Occitanie et Auvergne Rh\u00f4ne Alpes &#8211; \u00e7a fait plaisir de les voir continuer \u00e0 travailler ensemble &#8211; que nous reproduisons ici in extenso :<\/p>\n<p><em><br \/>\nLes R\u00e9gions Occitanie et Auvergne-Rh\u00f4ne-Alpes viennent de conclure un accord de financement avec l&rsquo;Etat afin de garantir la r\u00e9alisation des travaux sur la ligne des Causses. Le train de l&rsquo;Aubrac sera pr\u00e9serv\u00e9 sur les voies entre Clermont-Ferrand et B\u00e9ziers, ont assur\u00e9 Carole Delga, pr\u00e9sidente de la R\u00e9gion Occitanie et Laurent Wauquiez, pr\u00e9sident de la R\u00e9gion Auvergne-Rh\u00f4ne-Alpes.<br \/>\n&nbsp;<br \/>\nLigne historique, \u00e9lectrifi\u00e9e en 1932, la ligne des Causses est aujourd&rsquo;hui l&rsquo;un des embl\u00e8mes du combat des R\u00e9gions pour la pr\u00e9servation des lignes de desserte fine des territoires. Le train de l&rsquo;Aubrac a connu ses heures de gloire dans les ann\u00e9es 80 avec la mise en service de l&rsquo;express L&rsquo;Aubrac. Cependant, il est aujourd&rsquo;hui lourdement menac\u00e9 de fermeture, n\u00e9cessitant en urgence un important investissement pour la r\u00e9novation des voies de 11,5 M\u20ac.<br \/>\n&nbsp;<br \/>\n\u00ab La fermeture de la ligne des Causses \u00e9tait inenvisageable pour pr\u00e9server la mobilit\u00e9 des habitants bien s\u00fbr, mais \u00e9galement l&rsquo;environnement et l&rsquo;\u00e9conomie de ce territoire. L&rsquo;enjeu : cette fermeture aurait entra\u00een\u00e9 de fa\u00e7on certaine la mise sur les routes d&rsquo;Occitanie et d&rsquo;Aura de 140 camions suppl\u00e9mentaires par jour ou possiblement la d\u00e9localisation d&rsquo;Arcelor-Mittal, et ses 370 emplois aujourd&rsquo;hui \u00e0 Saint-Ch\u00e9ly d&rsquo;Apcher. C&rsquo;est pourquoi nous nous sommes attach\u00e9s \u00e0 trouver des solutions et avons obtenu l&rsquo;engagement financier de l&rsquo;Etat \u00e0 la hauteur des deux R\u00e9gions pour la r\u00e9alisation des travaux n\u00e9cessaires \u00e0 la pr\u00e9servation de cette ligne pour le fret et le transport de voyageurs. C&rsquo;est une belle bataille que nous venons de remporter, dans un effort collectif ! \u00bb, a d\u00e9clar\u00e9 Jean-Luc Gibelin, vice-pr\u00e9sident de la R\u00e9gion Occitanie en charge des mobilit\u00e9s et des infrastructures de transports.<br \/>\n&nbsp;<br \/>\nPour Martine Guibert, vice-pr\u00e9sidente de la R\u00e9gion Auvergne-Rh\u00f4ne-Alpes d\u00e9l\u00e9gu\u00e9e aux Transports : \u00ab La Ligne de l&rsquo;Aubrac est sauv\u00e9e ! Apr\u00e8s des mois de n\u00e9gociations et gr\u00e2ce \u00e0 une mobilisation collective, la R\u00e9gion Auvergne-Rh\u00f4ne-Alpes, l&rsquo;Etat et la R\u00e9gion Occitanie ont d\u00e9cid\u00e9 de financer des travaux d&rsquo;urgence sur la Ligne des Causses pour un montant de plus de 11 millions d&rsquo;\u20ac. C&rsquo;est un soulagement pour notre territoire et pour les salari\u00e9s de l&rsquo;entreprise Arcelor Mittal de Saint Ch\u00e9ly d&rsquo;Apcher. Nous devons maintenant profiter de ces travaux pour construire un v\u00e9ritable projet de territoire incluant le viaduc de Garabit et la ligne de l&rsquo;Aubrac et ainsi pr\u00e9parer les nouvelles phases de travaux pour r\u00e9g\u00e9n\u00e9rer totalement la ligne. \u00bb<br \/>\n&nbsp;<br \/>\n<strong>Financement et calendrier des travaux :<\/strong><br \/>\n&nbsp;<br \/>\nDes premiers travaux d&rsquo;urgence ont \u00e9t\u00e9 r\u00e9alis\u00e9s entre S\u00e9verac-le-Ch\u00e2teau et Millau au cours de l&rsquo;ann\u00e9e 2019, financ\u00e9s par la R\u00e9gion Occitanie \u00e0 hauteur de 3,57 M\u20ac. Par ailleurs, le plan d&rsquo;urgence (76 M\u20ac) adopt\u00e9 par la R\u00e9gion Occitanie en octobre dernier, permet de financer le maintien de l&rsquo;exploitation entre B\u00e9ziers et la limite de la R\u00e9gion Auvergne-Rh\u00f4ne-Alpes, pour un montant de 19 M\u20ac.<br \/>\n&nbsp;<br \/>\nUne nouvelle \u00e9tape vient d&rsquo;\u00eatre franchie au terme du Comit\u00e9 de Pilotage sp\u00e9cifique du 19 d\u00e9cembre 2019, qui a permis d&rsquo;aboutir \u00e0 un accord sur le financement d&rsquo;une deuxi\u00e8me phase d&rsquo;investissements en faveur de la desserte \u00e0 proximit\u00e9 de St Ch\u00e9ly d&rsquo;Apcher. 11,46 M\u20ac seront ainsi engag\u00e9s pour assurer l&rsquo;exploitation de la ligne ferroviaire de 2022 \u00e0 fin 2024, r\u00e9partis \u00e0 \u00e9galit\u00e9 entre l&rsquo;Etat, la R\u00e9gion Auvergne-Rh\u00f4ne-Alpes et la R\u00e9gion Occitanie.<br \/>\n&nbsp;<br \/>\nDe son c\u00f4t\u00e9, Arcelor Mittal assure de son total engagement dans le d\u00e9veloppement de la production de l&rsquo;usine et dans l&rsquo;augmentation de l&rsquo;utilisation du rail sur le site de St Ch\u00e9ly.<br \/>\n <\/em><br \/>\n&nbsp;<br \/>\n<strong>Merci \u00e0 tous pour le massif central, les collectifs et associations qui n&rsquo;ont pas arr\u00eat\u00e9 de faire pression, et aussi les services de Martine Guibert \u00e0 la r\u00e9gion Auvergne Rh\u00f4ne Alpes en phase avec ceux de Jean-Luc Gibelin, Carole Delga \u00e0 la r\u00e9gion Occitanie. Il va maintenant falloir d\u00e9velopper les lignes en proposant un service cr\u00e9dible aux habitants.<\/strong><\/p>\n","protected":false},"excerpt":{"rendered":"<p>\u00ab La ligne des Causses sera pr\u00e9serv\u00e9e, le fret d\u00e9velopp\u00e9, les emplois assur\u00e9s : les engagements sont pris<\/p>\n","protected":false},"author":1,"featured_media":2822,"comment_status":"open","ping_status":"open","sticky":false,"template":"","format":"standard","meta":{"footnotes":""},"categories":[2],"tags":[],"class_list":["post-644","post","type-post","status-publish","format-standard","has-post-thumbnail","hentry","category-infos"],"_links":{"self":[{"href":"https:\/\/usagers-transports.haut-allier.eu\/index.php\/wp-json\/wp\/v2\/posts\/644","targetHints":{"allow":["GET"]}}],"collection":[{"href":"https:\/\/usagers-transports.haut-allier.eu\/index.php\/wp-json\/wp\/v2\/posts"}],"about":[{"href":"https:\/\/usagers-transports.haut-allier.eu\/index.php\/wp-json\/wp\/v2\/types\/post"}],"author":[{"embeddable":true,"href":"https:\/\/usagers-transports.haut-allier.eu\/index.php\/wp-json\/wp\/v2\/users\/1"}],"replies":[{"embeddable":true,"href":"https:\/\/usagers-transports.haut-allier.eu\/index.php\/wp-json\/wp\/v2\/comments?post=644"}],"version-history":[{"count":0,"href":"https:\/\/usagers-transports.haut-allier.eu\/index.php\/wp-json\/wp\/v2\/posts\/644\/revisions"}],"wp:featuredmedia":[{"embeddable":true,"href":"https:\/\/usagers-transports.haut-allier.eu\/index.php\/wp-json\/wp\/v2\/media\/2822"}],"wp:attachment":[{"href":"https:\/\/usagers-transports.haut-allier.eu\/index.php\/wp-json\/wp\/v2\/media?parent=644"}],"wp:term":[{"taxonomy":"category","embeddable":true,"href":"https:\/\/usagers-transports.haut-allier.eu\/index.php\/wp-json\/wp\/v2\/categories?post=644"},{"taxonomy":"post_tag","embeddable":true,"href":"https:\/\/usagers-transports.haut-allier.eu\/index.php\/wp-json\/wp\/v2\/tags?post=644"}],"curies":[{"name":"wp","href":"https:\/\/api.w.org\/{rel}","templated":true}]}}