{"id":645,"date":"2019-12-26T19:51:46","date_gmt":"2019-12-26T18:51:46","guid":{"rendered":"http:\/\/5.45.101.177\/haut-allier\/usagers-transportse\/index.php\/2019\/12\/26\/sauvetage-du-train-aubrac-reaction645\/"},"modified":"2019-12-26T19:51:46","modified_gmt":"2019-12-26T18:51:46","slug":"sauvetage-du-train-aubrac-reaction645","status":"publish","type":"post","link":"https:\/\/usagers-transports.haut-allier.eu\/index.php\/2019\/12\/26\/sauvetage-du-train-aubrac-reaction645\/","title":{"rendered":"Sauvetage du train Aubrac : r\u00e9action de Jacky Tello d\u00e9fenseur de toujours de la ligne B\u00e9ziers Clermont-Ferrand"},"content":{"rendered":"<p>Le conseiller municipal et communautaire de B\u00e9darieux, au nord de B\u00e9ziers, Jacky Tello est aussi pr\u00e9sident du Comit\u00e9 pluraliste de d\u00e9fense de la ligne SNCF B\u00e9ziers-Neussargues depuis 25 ans. Il r\u00e9agit ce soir sur France Bleu H\u00e9rault \u00e0 l&rsquo;accord financier entre l\u2019\u00c9tat, les r\u00e9gions Occitanie et Auvergne Rh\u00f4ne Alpes trouv\u00e9 en fin de semaine derni\u00e8re et que nous avons <a href=\"http:\/\/usagers-transports.haut-allier.eu\/?train-aubrac-la-ligne-des-causses,644\"><strong>annonc\u00e9<\/strong><\/a> les premiers t\u00f4t samedi pour des travaux sur la ligne de l&rsquo;Aubrac.<br \/>\n&nbsp;<br \/>\n<iframe loading=\"lazy\" width=\"560\" height=\"315\" src=\"https:\/\/www.youtube.com\/embed\/XeEzvmceTu4\" frameborder=\"0\" allow=\"accelerometer; autoplay; encrypted-media; gyroscope; picture-in-picture\" allowfullscreen><\/iframe><br \/>\n&nbsp;<br \/>\nJacky Tello nous indique que plus que jamais l&rsquo;heure est au rassemblement et \u00e0 l&rsquo;action. Ainsi son Comit\u00e9 Pluraliste organise le<br \/>\n&nbsp;<br \/>\n<strong>Samedi 1er F\u00e9vrier un grand d\u00e9bat public en gare de Rodez avec la participation de Jean Luc Gibelin, vice-pr\u00e9sident de la r\u00e9gion Occitanie en charge des infrastructures et des mobilit\u00e9s, sur le th\u00e8me \u00ab\u00a0SAINT CHELY &#8211; RODEZ &#8211;  TOULOUSE : LA VOIE DE L&rsquo;INDUSTRIE\u00a0\u00bb et \u00ab\u00a0ARCELOR MITTAL &#8211; BOSH &#8211; AEROSPACIALE : DES EMPLOIS INDUSTRIELS A PR\u00c9SERVER<\/strong>\u00a0\u00bb<br \/>\n&nbsp;<\/p>\n","protected":false},"excerpt":{"rendered":"<p>Le conseiller municipal et communautaire de B\u00e9darieux, au nord de B\u00e9ziers, Jacky Tello est aussi pr\u00e9sident du Comit\u00e9<\/p>\n","protected":false},"author":1,"featured_media":2823,"comment_status":"open","ping_status":"open","sticky":false,"template":"","format":"standard","meta":{"footnotes":""},"categories":[2],"tags":[],"class_list":["post-645","post","type-post","status-publish","format-standard","has-post-thumbnail","hentry","category-infos"],"_links":{"self":[{"href":"https:\/\/usagers-transports.haut-allier.eu\/index.php\/wp-json\/wp\/v2\/posts\/645","targetHints":{"allow":["GET"]}}],"collection":[{"href":"https:\/\/usagers-transports.haut-allier.eu\/index.php\/wp-json\/wp\/v2\/posts"}],"about":[{"href":"https:\/\/usagers-transports.haut-allier.eu\/index.php\/wp-json\/wp\/v2\/types\/post"}],"author":[{"embeddable":true,"href":"https:\/\/usagers-transports.haut-allier.eu\/index.php\/wp-json\/wp\/v2\/users\/1"}],"replies":[{"embeddable":true,"href":"https:\/\/usagers-transports.haut-allier.eu\/index.php\/wp-json\/wp\/v2\/comments?post=645"}],"version-history":[{"count":0,"href":"https:\/\/usagers-transports.haut-allier.eu\/index.php\/wp-json\/wp\/v2\/posts\/645\/revisions"}],"wp:featuredmedia":[{"embeddable":true,"href":"https:\/\/usagers-transports.haut-allier.eu\/index.php\/wp-json\/wp\/v2\/media\/2823"}],"wp:attachment":[{"href":"https:\/\/usagers-transports.haut-allier.eu\/index.php\/wp-json\/wp\/v2\/media?parent=645"}],"wp:term":[{"taxonomy":"category","embeddable":true,"href":"https:\/\/usagers-transports.haut-allier.eu\/index.php\/wp-json\/wp\/v2\/categories?post=645"},{"taxonomy":"post_tag","embeddable":true,"href":"https:\/\/usagers-transports.haut-allier.eu\/index.php\/wp-json\/wp\/v2\/tags?post=645"}],"curies":[{"name":"wp","href":"https:\/\/api.w.org\/{rel}","templated":true}]}}