{"id":646,"date":"2020-01-07T21:32:09","date_gmt":"2020-01-07T20:32:09","guid":{"rendered":"http:\/\/5.45.101.177\/haut-allier\/usagers-transportse\/index.php\/2020\/01\/07\/point-de-vue-peut-etre-la-bonne646\/"},"modified":"2020-01-07T21:32:09","modified_gmt":"2020-01-07T20:32:09","slug":"point-de-vue-peut-etre-la-bonne646","status":"publish","type":"post","link":"https:\/\/usagers-transports.haut-allier.eu\/index.php\/2020\/01\/07\/point-de-vue-peut-etre-la-bonne646\/","title":{"rendered":"Point de vue : Peut-\u00eatre la bonne solution pour le renouveau du train en France&#8230;"},"content":{"rendered":"<p>Un de nos usagers propose sa r\u00e9ponse au chaos ferroviaire que nous vivons ici notamment en Auvergne mais en fait partout dans le pays d\u00e8s qu&rsquo;on s&rsquo;\u00e9loigne des quelques axes LGV :<\/p>\n<p><em><br \/>\n<strong><br \/>\nPas un train depuis un mois sur la ligne du C\u00e9venol et les autres ??? On nous annonce un ter sur trois pourtant&#8230;  [NDLR : hier c&rsquo;\u00e9tait m\u00eame 1 TER sur 2 !] Depuis quand le Massif central et l&rsquo;Occitanie sont sur la plan\u00e8te Mars ??<br \/>\n&nbsp;<br \/>\nJe partage compl\u00e8tement votre analyse, une partie de ces clients a pris d&rsquo;autres habitudes, et ne reviendront jamais au train. Une raison de plus de fermer les lignes dont le d\u00e9ficit va s\u2019accro\u00eetre !<br \/>\n&nbsp;<br \/>\nEn fait la SNCF est prise en tenaille entre des pouvoirs publics et des dirigeants de l&rsquo;entreprise qui ne jurent que par la rentabilit\u00e9 \u00e0 court terme (absurde, s&rsquo;agissant d&rsquo;un service public ET \u00e9cologique!), et des salari\u00e9s dont une bonne partie, sinon une majorit\u00e9, se soucie du chemin de fer comme d&rsquo;une guigne, seulement motiv\u00e9s par des avantages sp\u00e9cifiques, dont un \u00e2ge de d\u00e9part \u00e0 la retraite pr\u00e9f\u00e9rentiel qui n\u2019a plus aucune raison d\u2019\u00eatre&#8230;en tout cas c&rsquo;est mon point de vue, d\u00e9sol\u00e9 si je vous heurte.<br \/>\n&nbsp;<br \/>\nLe sauvetage du chemin de fer en France passe une sorte de plan Marshall (un Plan National pour le Chemin de fer !?) comportant la dissolution de la SNCF, la cr\u00e9ation d&rsquo;une nouvelle entreprise sans dettes avec un objectif d\u00e9fini annuellement de d\u00e9ficit maximum chiffr\u00e9 pris en charge par l&rsquo;\u00e9tat, \u00e0 sa t\u00eate des dirigeants qui soient des hommes de marketing et qui AIMENT le train, des salari\u00e9s r\u00e9mun\u00e9r\u00e9s justement c&rsquo;est \u00e0 dire selon les normes du priv\u00e9 sur la base d&rsquo;atteinte de leurs objectifs et sans avantages autres que la r\u00e9mun\u00e9ration de leurs horaires d\u00e9cal\u00e9s, un programme d&rsquo;investissement massif sur les lignes secondaires tant en terme d&rsquo;infrastructure que de mat\u00e9riel avec la r\u00e9ouverture de lignes ou de \u00ab barreaux \u00bb ferm\u00e9s en raison de leur manque d&rsquo;entretien, avec des horaires cadenc\u00e9s, et un syst\u00e8me performant (qui existe d\u00e9j\u00e0 mais v\u00e9g\u00e8te sous la pression du lobby routier) de transfert des poids lourds sur des trains d\u00e9di\u00e9s.<br \/>\n&nbsp;<br \/>\nTout ceci avec en parall\u00e8le la mise en place g\u00e9n\u00e9ralis\u00e9e de l&rsquo;\u00e9cotaxe sur les grands et moyens axes et le triplement des p\u00e9ages pour les poids lourds, la chasse -enfin!- aux fraudeurs multiples (vitesse, surcharge, pollution excessive, circulation les jours d&rsquo;interdiction, dur\u00e9e de conduite, etc&#8230;) ainsi que l\u2019arr\u00eat des investissements d\u00e9mesur\u00e9s et souvent inutiles pour la route.<br \/>\n&nbsp;<br \/>\nAvec, cerise sur le g\u00e2teau, la mise en valeur de magnifiques lignes (C\u00e9vennes, Causses, Jura, Alpes, pour ne citer que celles-l\u00e0) et \u00e0 la cl\u00e9 la r\u00e9ouverture d\u2019h\u00f4tels, de commerces, bref la redynamisation de r\u00e9gions aujourd\u2019hui en voie de d\u00e9sh\u00e9rence, et la cr\u00e9ation de nombreux emplois localement&#8230;<br \/>\n&nbsp;<br \/>\nEt pour finir, avec ces mesures de bon sens, on respirerait mieux, et de nombreuses vies seraient \u00e9pargn\u00e9es sur la route !<br \/>\n&nbsp;<br \/>\nMais je r\u00eave la, excusez-moi!<br \/>\n&nbsp;<br \/>\nJean-Fran\u00e7ois Louis<br \/>\n<\/strong><br \/>\n<\/em><br \/>\n<img loading=\"lazy\" decoding=\"async\" class=\" aligncenter size-full wp-image-2825\" src=\"http:\/\/5.45.101.177\/haut-allier\/usagers-transportse\/wp-content\/uploads\/2020\/01\/fautilsanssncf.jpg\" alt=\"fautilsanssncf.jpg\" align=\"center\" width=\"900\" height=\"896\" srcset=\"https:\/\/usagers-transports.haut-allier.eu\/wp-content\/uploads\/2020\/01\/fautilsanssncf.jpg 900w, https:\/\/usagers-transports.haut-allier.eu\/wp-content\/uploads\/2020\/01\/fautilsanssncf-300x300.jpg 300w, https:\/\/usagers-transports.haut-allier.eu\/wp-content\/uploads\/2020\/01\/fautilsanssncf-150x150.jpg 150w, https:\/\/usagers-transports.haut-allier.eu\/wp-content\/uploads\/2020\/01\/fautilsanssncf-768x765.jpg 768w\" sizes=\"auto, (max-width: 900px) 100vw, 900px\" \/><\/p>\n","protected":false},"excerpt":{"rendered":"<p>Un de nos usagers propose sa r\u00e9ponse au chaos ferroviaire que nous vivons ici notamment en Auvergne mais<\/p>\n","protected":false},"author":1,"featured_media":2824,"comment_status":"open","ping_status":"open","sticky":false,"template":"","format":"standard","meta":{"footnotes":""},"categories":[2],"tags":[],"class_list":["post-646","post","type-post","status-publish","format-standard","has-post-thumbnail","hentry","category-infos"],"_links":{"self":[{"href":"https:\/\/usagers-transports.haut-allier.eu\/index.php\/wp-json\/wp\/v2\/posts\/646","targetHints":{"allow":["GET"]}}],"collection":[{"href":"https:\/\/usagers-transports.haut-allier.eu\/index.php\/wp-json\/wp\/v2\/posts"}],"about":[{"href":"https:\/\/usagers-transports.haut-allier.eu\/index.php\/wp-json\/wp\/v2\/types\/post"}],"author":[{"embeddable":true,"href":"https:\/\/usagers-transports.haut-allier.eu\/index.php\/wp-json\/wp\/v2\/users\/1"}],"replies":[{"embeddable":true,"href":"https:\/\/usagers-transports.haut-allier.eu\/index.php\/wp-json\/wp\/v2\/comments?post=646"}],"version-history":[{"count":0,"href":"https:\/\/usagers-transports.haut-allier.eu\/index.php\/wp-json\/wp\/v2\/posts\/646\/revisions"}],"wp:featuredmedia":[{"embeddable":true,"href":"https:\/\/usagers-transports.haut-allier.eu\/index.php\/wp-json\/wp\/v2\/media\/2824"}],"wp:attachment":[{"href":"https:\/\/usagers-transports.haut-allier.eu\/index.php\/wp-json\/wp\/v2\/media?parent=646"}],"wp:term":[{"taxonomy":"category","embeddable":true,"href":"https:\/\/usagers-transports.haut-allier.eu\/index.php\/wp-json\/wp\/v2\/categories?post=646"},{"taxonomy":"post_tag","embeddable":true,"href":"https:\/\/usagers-transports.haut-allier.eu\/index.php\/wp-json\/wp\/v2\/tags?post=646"}],"curies":[{"name":"wp","href":"https:\/\/api.w.org\/{rel}","templated":true}]}}