{"id":647,"date":"2020-01-08T09:18:20","date_gmt":"2020-01-08T08:18:20","guid":{"rendered":"http:\/\/5.45.101.177\/haut-allier\/usagers-transportse\/index.php\/2020\/01\/08\/le-refus-de-la-region-occitanie647\/"},"modified":"2020-01-08T09:18:20","modified_gmt":"2020-01-08T08:18:20","slug":"le-refus-de-la-region-occitanie647","status":"publish","type":"post","link":"https:\/\/usagers-transports.haut-allier.eu\/index.php\/2020\/01\/08\/le-refus-de-la-region-occitanie647\/","title":{"rendered":"Le refus de la r\u00e9gion Occitanie aux demandes de gratuit\u00e9 des policiers pour leurs voyages TER"},"content":{"rendered":"<p>C&rsquo;est tout \u00e0 son honneur et il faut le souligner, au moins c&rsquo;est clair : Jean-Luc Gibelin vient d&rsquo;affirmer publiquement que les policiers, ceux du syndicat Alliance Police Nationale, un syndicat de droite au discours tout s\u00e9curitaire et aux m\u00e9thodes de lobbying insistantes, ne sont pas les bienvenus dans les trains de la r\u00e9gion Occitanie pour les raisons qu&rsquo;ils mettent en avant en demandant la gratuit\u00e9 de leurs transports.<br \/>\n&nbsp;<br \/>\nVous avez \u00e9t\u00e9 t\u00e9moin, vous, de probl\u00e8mes de s\u00e9curit\u00e9 dans les trains ici en Auvergne et en Occitanie ? Nous jamais. Point barre.<br \/>\n&nbsp;<br \/>\nEt donc \u00e0 l&rsquo;argument \u00ab\u00a0ce serait un partenariat gagnant &#8211; gagnant\u00a0\u00bb la r\u00e9gion Occitanie r\u00e9pond : pas question dans ce cadre. Nous la f\u00e9licitons. D&rsquo;autres r\u00e9gions, sept, comme celle de Wauquiez en Auvergne Rh\u00f4ne Alpes, n&rsquo;ont pas os\u00e9 refuser les avances du syndicat et se sont m\u00eame empress\u00e9s de les mettre en place depuis plusieurs ann\u00e9es. C&rsquo;est d&rsquo;ailleurs une des premi\u00e8res mesures que le pr\u00e9sident d&rsquo;Aura avait pris pour ses trains r\u00e9gionaux au d\u00e9but de son couronnement. Et c&rsquo;\u00e9tait bien la seule.<br \/>\n&nbsp;<br \/>\nJean-Luc Gibelin r\u00e9agissait, lui, ce matin sur France Bleu Occitanie Toulouse, \u00e9coutez :<br \/>\n&nbsp;<br \/>\n<a href=\"http:\/\/5.45.101.177\/haut-allier\/usagers-transportse\/wp-content\/uploads\/2020\/01\/usagers-transports-haut-allier-eu-8-01-2020-fbtoulouse-8h.mp3\">usagers-transports-haut-allier-eu-8-01-2020-fbtoulouse-8h.mp3<\/a><br \/>\n&nbsp;<br \/>\n<img loading=\"lazy\" decoding=\"async\" class=\" aligncenter size-full wp-image-2828\" src=\"http:\/\/5.45.101.177\/haut-allier\/usagers-transportse\/wp-content\/uploads\/2020\/01\/refuspoliceter.jpg\" alt=\"refuspoliceter.jpg\" align=\"center\" width=\"1000\" height=\"660\" srcset=\"https:\/\/usagers-transports.haut-allier.eu\/wp-content\/uploads\/2020\/01\/refuspoliceter.jpg 1000w, https:\/\/usagers-transports.haut-allier.eu\/wp-content\/uploads\/2020\/01\/refuspoliceter-300x198.jpg 300w, https:\/\/usagers-transports.haut-allier.eu\/wp-content\/uploads\/2020\/01\/refuspoliceter-768x507.jpg 768w\" sizes=\"auto, (max-width: 1000px) 100vw, 1000px\" \/><br \/>\n&nbsp;<\/p>\n","protected":false},"excerpt":{"rendered":"<p>C&rsquo;est tout \u00e0 son honneur et il faut le souligner, au moins c&rsquo;est clair : Jean-Luc Gibelin vient<\/p>\n","protected":false},"author":1,"featured_media":2826,"comment_status":"open","ping_status":"open","sticky":false,"template":"","format":"standard","meta":{"footnotes":""},"categories":[2],"tags":[],"class_list":["post-647","post","type-post","status-publish","format-standard","has-post-thumbnail","hentry","category-infos"],"_links":{"self":[{"href":"https:\/\/usagers-transports.haut-allier.eu\/index.php\/wp-json\/wp\/v2\/posts\/647","targetHints":{"allow":["GET"]}}],"collection":[{"href":"https:\/\/usagers-transports.haut-allier.eu\/index.php\/wp-json\/wp\/v2\/posts"}],"about":[{"href":"https:\/\/usagers-transports.haut-allier.eu\/index.php\/wp-json\/wp\/v2\/types\/post"}],"author":[{"embeddable":true,"href":"https:\/\/usagers-transports.haut-allier.eu\/index.php\/wp-json\/wp\/v2\/users\/1"}],"replies":[{"embeddable":true,"href":"https:\/\/usagers-transports.haut-allier.eu\/index.php\/wp-json\/wp\/v2\/comments?post=647"}],"version-history":[{"count":0,"href":"https:\/\/usagers-transports.haut-allier.eu\/index.php\/wp-json\/wp\/v2\/posts\/647\/revisions"}],"wp:featuredmedia":[{"embeddable":true,"href":"https:\/\/usagers-transports.haut-allier.eu\/index.php\/wp-json\/wp\/v2\/media\/2826"}],"wp:attachment":[{"href":"https:\/\/usagers-transports.haut-allier.eu\/index.php\/wp-json\/wp\/v2\/media?parent=647"}],"wp:term":[{"taxonomy":"category","embeddable":true,"href":"https:\/\/usagers-transports.haut-allier.eu\/index.php\/wp-json\/wp\/v2\/categories?post=647"},{"taxonomy":"post_tag","embeddable":true,"href":"https:\/\/usagers-transports.haut-allier.eu\/index.php\/wp-json\/wp\/v2\/tags?post=647"}],"curies":[{"name":"wp","href":"https:\/\/api.w.org\/{rel}","templated":true}]}}