{"id":648,"date":"2020-01-09T19:18:17","date_gmt":"2020-01-09T18:18:17","guid":{"rendered":"http:\/\/5.45.101.177\/haut-allier\/usagers-transportse\/index.php\/2020\/01\/09\/service-sncf-zero-les-abonnements648\/"},"modified":"2020-01-09T19:18:17","modified_gmt":"2020-01-09T18:18:17","slug":"service-sncf-zero-les-abonnements648","status":"publish","type":"post","link":"https:\/\/usagers-transports.haut-allier.eu\/index.php\/2020\/01\/09\/service-sncf-zero-les-abonnements648\/","title":{"rendered":"Service SNCF z\u00e9ro : Les abonnements TER de d\u00e9cembre et janvier rembours\u00e9s"},"content":{"rendered":"<p>Les r\u00e9gions Auvergne Rh\u00f4ne Alpes et Occitanie ont obtenu de la SNCF le remboursement des abonnements TER du seul mois de d\u00e9cembre pour l&rsquo;instant dans le cas d&rsquo;AURA et de deux mois pour Occitanie.<br \/>\n&nbsp;<br \/>\n<em>La nouvelle dans un article du <a href=\"https:\/\/www.leprogres.fr\/rhone\/2020\/01\/08\/greve-la-region-obtient-le-remboursement-de-l-abonnement-ter-de-decembre\">Progr\u00e8s<\/a><\/em><br \/>\n<img loading=\"lazy\" decoding=\"async\" class=\" aligncenter size-full wp-image-2830\" src=\"http:\/\/5.45.101.177\/haut-allier\/usagers-transportse\/wp-content\/uploads\/2020\/01\/firefox_screenshot_2020-01-09t17-47-31.520z.png\" alt=\"firefox_screenshot_2020-01-09t17-47-31.520z.png\" align=\"center\" width=\"1000\" height=\"797\" srcset=\"https:\/\/usagers-transports.haut-allier.eu\/wp-content\/uploads\/2020\/01\/firefox_screenshot_2020-01-09t17-47-31.520z.png 1000w, https:\/\/usagers-transports.haut-allier.eu\/wp-content\/uploads\/2020\/01\/firefox_screenshot_2020-01-09t17-47-31.520z-300x239.png 300w, https:\/\/usagers-transports.haut-allier.eu\/wp-content\/uploads\/2020\/01\/firefox_screenshot_2020-01-09t17-47-31.520z-768x612.png 768w\" sizes=\"auto, (max-width: 1000px) 100vw, 1000px\" \/><br \/>\n&nbsp;<br \/>\nLe communiqu\u00e9 de la r\u00e9gion Occitanie :<br \/>\n&nbsp;<br \/>\n<em><br \/>\n<strong>Transports ferroviaires<\/strong><br \/>\n&nbsp;<br \/>\nCarole Delga : \u00ab En Occitanie, ce sont deux mois d&rsquo;abonnement qui seront rembours\u00e9s aux usagers fid\u00e8les du TER \u00bb<br \/>\n&nbsp;<br \/>\nA la suite des mouvements de gr\u00e8ve et apr\u00e8s le bilan du service TER 2019, la pr\u00e9sidente de R\u00e9gion, Carole Delga, a obtenu pour le mois de f\u00e9vier d&rsquo;importantes indemnisations pour les usagers et a d\u00e9cid\u00e9 de reconduire la prime fid\u00e9lit\u00e9 en mars.<br \/>\n&nbsp;<br \/>\n\u00ab Pour d\u00e9dommager les usagers et remercier les plus fid\u00e8les, j&rsquo;annonce trois mesures :<br \/>\n&nbsp;<br \/>\nEn premier lieu, nous avons obtenu hier, avec l&rsquo;ensemble des pr\u00e9sidents de R\u00e9gion, le remboursement en f\u00e9vrier par la SNCF de tous les abonnements du mois de d\u00e9cembre.<br \/>\n&nbsp;<br \/>\nEn Occitanie nous irons plus loin. Je m&rsquo;engage donc \u00e0 nouveau en 2020 \u00e0 reverser en mars les p\u00e9nalit\u00e9s, que j&rsquo;ai durcies dans le nouveau contrat avec la SNCF, aux abonn\u00e9s annuels et dans une certaine mesure mensuels. Concr\u00e8tement, pour un usager dont le co\u00fbt d&rsquo;abonnement en moyenne est de 390 \u20ac\/an participation de l&rsquo;entreprise incluse, nous allons lui rembourser la somme 130 \u20ac, soit une \u00e9conomie de 33% pour un salari\u00e9 en 2020.<br \/>\n&nbsp;<br \/>\nEnfin, ces deux mesures seront compl\u00e9t\u00e9es, en sortie de conflit, par un grand plan de reconqu\u00eate pour en faire b\u00e9n\u00e9ficier aussi les voyageurs occasionnels.<br \/>\n&nbsp;<br \/>\nLa R\u00e9gion d\u00e9ploie depuis 4 ans des efforts in\u00e9dits en faveur du ferroviaire et mon ambition reste de continuer \u00e0 inciter nos concitoyens \u00e0 prendre le train quand cela est possible. C&rsquo;est LE mode de transports le plus \u00e9cologique et le plus \u00e9conomique. Je me bats avec la SNCF pour tout mettre en \u0153uvre afin de fid\u00e9liser ses usagers et optimiser les conditions de leur d\u00e9placement. \u00bb, a d\u00e9clar\u00e9 Carole Delga ce matin.<br \/>\n&nbsp;<br \/>\nLa R\u00e9gion Occitanie a engag\u00e9 d&rsquo;importants investissements sur les infrastructures et l&rsquo;acquisition de nouvelles rames. C&rsquo;est \u00e9galement pour cela que la pr\u00e9sidente Carole Delga et Jean-Luc Gibelin, vice-pr\u00e9sident en charge des Infrastructures de transports et de la mobilit\u00e9, ont \u00e2prement n\u00e9goci\u00e9 en 2018 la convention liant la R\u00e9gion \u00e0 la SNCF. Les premiers r\u00e9sultats sont l\u00e0, avec une croissance de la ponctualit\u00e9 de 4 points, atteignant sur les 11 premiers mois de l&rsquo;ann\u00e9e 89,8% de trains \u00e0 l&rsquo;heure, et une augmentation des dessertes d&rsquo;ici la fin de l&rsquo;ann\u00e9e de 37 000 places quotidiennes, soit + 40%.<br \/>\n&nbsp;<br \/>\nLes modalit\u00e9s :<br \/>\n&nbsp;<br \/>\n&#8211; Pour les abonn\u00e9s annuels : pas de pr\u00e9l\u00e8vement au mois de f\u00e9vrier<br \/>\n&nbsp;<br \/>\n&#8211; Pour les abonn\u00e9s mensuels et hebdomadaires ayant pris un  abonnement depuis le 5 d\u00e9cembre 2019 : remboursement \u00e0 100% au prorata du nombre de jours impact\u00e9s par la gr\u00e8ve.<br \/>\n&nbsp;<br \/>\nVersement de la prime de fid\u00e9lit\u00e9 : les abonnements annuels du mois de mars ne seront pas pr\u00e9lev\u00e9s par redistribution des p\u00e9nalit\u00e9s dues par la SCNF. Cette mesure est en partie \u00e9tendue en 2020 aux abonn\u00e9s mensuels.<br \/>\n&nbsp;<br \/>\n&#8211; Pour les annuels : pas de pr\u00e9l\u00e8vement au mois de mars<br \/>\n&nbsp;<br \/>\n&#8211; Pour les abonn\u00e9s mensuels ayant pris un abonnement en octobre ou novembre 2019 : bon de r\u00e9duction de 25 % du prix d&rsquo;un abonnement mensuel.<br \/>\n&nbsp;<br \/>\n&#8211; Pour les abonn\u00e9s mensuels ayant pris un abonnement d&rsquo;au moins 6 mois en 2019 : bon de r\u00e9duction de 50 % du prix d&rsquo;un abonnement mensuel.<br \/>\n&nbsp;<br \/>\nNouvelle offre : tout abonn\u00e9 mensuel qui prendrait un abonnement annuel en mars ou en avril 2020 b\u00e9n\u00e9ficiera d&rsquo;un mois gratuit suppl\u00e9mentaire.<\/p>\n<p><\/em><\/p>\n","protected":false},"excerpt":{"rendered":"<p>Les r\u00e9gions Auvergne Rh\u00f4ne Alpes et Occitanie ont obtenu de la SNCF le remboursement des abonnements TER du<\/p>\n","protected":false},"author":1,"featured_media":2829,"comment_status":"open","ping_status":"open","sticky":false,"template":"","format":"standard","meta":{"footnotes":""},"categories":[2],"tags":[],"class_list":["post-648","post","type-post","status-publish","format-standard","has-post-thumbnail","hentry","category-infos"],"_links":{"self":[{"href":"https:\/\/usagers-transports.haut-allier.eu\/index.php\/wp-json\/wp\/v2\/posts\/648","targetHints":{"allow":["GET"]}}],"collection":[{"href":"https:\/\/usagers-transports.haut-allier.eu\/index.php\/wp-json\/wp\/v2\/posts"}],"about":[{"href":"https:\/\/usagers-transports.haut-allier.eu\/index.php\/wp-json\/wp\/v2\/types\/post"}],"author":[{"embeddable":true,"href":"https:\/\/usagers-transports.haut-allier.eu\/index.php\/wp-json\/wp\/v2\/users\/1"}],"replies":[{"embeddable":true,"href":"https:\/\/usagers-transports.haut-allier.eu\/index.php\/wp-json\/wp\/v2\/comments?post=648"}],"version-history":[{"count":0,"href":"https:\/\/usagers-transports.haut-allier.eu\/index.php\/wp-json\/wp\/v2\/posts\/648\/revisions"}],"wp:featuredmedia":[{"embeddable":true,"href":"https:\/\/usagers-transports.haut-allier.eu\/index.php\/wp-json\/wp\/v2\/media\/2829"}],"wp:attachment":[{"href":"https:\/\/usagers-transports.haut-allier.eu\/index.php\/wp-json\/wp\/v2\/media?parent=648"}],"wp:term":[{"taxonomy":"category","embeddable":true,"href":"https:\/\/usagers-transports.haut-allier.eu\/index.php\/wp-json\/wp\/v2\/categories?post=648"},{"taxonomy":"post_tag","embeddable":true,"href":"https:\/\/usagers-transports.haut-allier.eu\/index.php\/wp-json\/wp\/v2\/tags?post=648"}],"curies":[{"name":"wp","href":"https:\/\/api.w.org\/{rel}","templated":true}]}}