{"id":649,"date":"2020-01-10T08:53:15","date_gmt":"2020-01-10T07:53:15","guid":{"rendered":"http:\/\/5.45.101.177\/haut-allier\/usagers-transportse\/index.php\/2020\/01\/10\/plus-d-un-mois-que-la-sncf-refuse649\/"},"modified":"2020-01-10T08:53:15","modified_gmt":"2020-01-10T07:53:15","slug":"plus-d-un-mois-que-la-sncf-refuse649","status":"publish","type":"post","link":"https:\/\/usagers-transports.haut-allier.eu\/index.php\/2020\/01\/10\/plus-d-un-mois-que-la-sncf-refuse649\/","title":{"rendered":"Plus d&rsquo;un mois que la SNCF refuse un service minimal ferroviaire dans le Massif central [MAJ]"},"content":{"rendered":"<p>C&rsquo;est le plus gros scandale depuis des dizaines d&rsquo;ann\u00e9es ici dans le Massif central, avec le refus de service de deux mois au printemps 2018, qui en dit long sur les vis\u00e9es du groupe SNCF, de son nouveau pr\u00e9sident et du nouveau pr\u00e9sident de SNCF R\u00e9seau, Luc Lallemand, ex patron d&rsquo;Infrabel, le gestionnaire des infrastructures ferroviaires belges, qui tout r\u00e9cemment voulait fermer 12 \u00ab\u00a0petites\u00a0\u00bb lignes dans le sud de la Belgique, en d\u00e9pit de la loi belge le lui interdisant.<br \/>\n&nbsp;<br \/>\nCertainement choisi par l&rsquo;Elys\u00e9e pour ses positions telles que : <em>\u00ab\u00a0Le train n&rsquo;est pas fait pour transporter 15 voyageurs entre deux villages\u00a0\u00bb<\/em>, on peut donc attendre le pire pour les lignes rurales de moyenne montagne, au sud, \u00e0 l&rsquo;ouest, \u00e0 l&rsquo;est de Clermont-Ferrand. Au regard de la qualit\u00e9 de service de sa relation en train avec Paris, force est de constater que l&rsquo;op\u00e9rateur ferroviaire est au dessous de tout en Auvergne.<br \/>\n&nbsp;<br \/>\n<strong>Il est donc essentiel que les \u00e9lus et les usagers fassent une \u00e9norme pression envers l&rsquo;\u00e9tat pour l&rsquo;obliger \u00e0 inscrire dans la loi l&rsquo;interdiction de fermeture par la SNCF des soit-disant petites lignes du pays, vitales pour l&rsquo;irrigation des territoires.<\/strong><br \/>\n&nbsp;<br \/>\nC&rsquo;est nous pensons un des objectifs \u00e0 atteindre maintenant puisque la soci\u00e9t\u00e9 dite ferroviaire rechigne \u00e0 ses obligations et qu&rsquo;aucune am\u00e9lioration n&rsquo;est en vue. Et cela en d\u00e9pit des volont\u00e9s affich\u00e9es en priv\u00e9 ou de vive-voix par certains de ses d\u00e9cisionnaires de terrain.<br \/>\n&nbsp;<br \/>\nUn signe positif cependant sur les trains de nuit : la r\u00e9cente loi Mobilit\u00e9s engage l\u2019\u00e9tat \u00e0 \u00e9tudier leur relance puisque d&rsquo;ici juin 2020 il ne financera <strong>uniquement que si les villes se mobilisent<\/strong>. Il est donc essentiel que les d\u00e9put\u00e9s et s\u00e9nateurs portent ce retour et qu&rsquo;en ces temps de municipales les candidats s&rsquo;engagent, d\u00e9clarent et agissent pour le bien de leur futurs administr\u00e9s, comme le collectif Oui au train de nuit vient de le demander sur Twitter :<br \/>\n&nbsp;<br \/>\n<img loading=\"lazy\" decoding=\"async\" class=\" aligncenter size-full wp-image-2832\" src=\"http:\/\/5.45.101.177\/haut-allier\/usagers-transportse\/wp-content\/uploads\/2020\/01\/firefox_screenshot_2020-01-10t07-44-28.083z.png\" alt=\"firefox_screenshot_2020-01-10t07-44-28.083z.png\" align=\"center\" width=\"250\" height=\"549\" srcset=\"https:\/\/usagers-transports.haut-allier.eu\/wp-content\/uploads\/2020\/01\/firefox_screenshot_2020-01-10t07-44-28.083z.png 250w, https:\/\/usagers-transports.haut-allier.eu\/wp-content\/uploads\/2020\/01\/firefox_screenshot_2020-01-10t07-44-28.083z-137x300.png 137w\" sizes=\"auto, (max-width: 250px) 100vw, 250px\" \/><br \/>\n&nbsp;<br \/>\n<img loading=\"lazy\" decoding=\"async\" class=\" aligncenter size-full wp-image-2833\" src=\"http:\/\/5.45.101.177\/haut-allier\/usagers-transportse\/wp-content\/uploads\/2020\/01\/annoncetraficgrevejanv2020.jpg\" alt=\"annoncetraficgrevejanv2020.jpg\" align=\"center\" width=\"1920\" height=\"1340\" srcset=\"https:\/\/usagers-transports.haut-allier.eu\/wp-content\/uploads\/2020\/01\/annoncetraficgrevejanv2020.jpg 1920w, https:\/\/usagers-transports.haut-allier.eu\/wp-content\/uploads\/2020\/01\/annoncetraficgrevejanv2020-300x209.jpg 300w, https:\/\/usagers-transports.haut-allier.eu\/wp-content\/uploads\/2020\/01\/annoncetraficgrevejanv2020-1024x715.jpg 1024w, https:\/\/usagers-transports.haut-allier.eu\/wp-content\/uploads\/2020\/01\/annoncetraficgrevejanv2020-768x536.jpg 768w, https:\/\/usagers-transports.haut-allier.eu\/wp-content\/uploads\/2020\/01\/annoncetraficgrevejanv2020-1536x1072.jpg 1536w\" sizes=\"auto, (max-width: 1920px) 100vw, 1920px\" \/><br \/>\n&nbsp;<br \/>\n<strong>[Mise \u00e0 jour du 16\/01\/2020]<\/strong><br \/>\n&nbsp;<br \/>\nVoici l&rsquo;<a href=\"https:\/\/www.leprogres.fr\/edition-haute-loire\/2020\/01\/15\/8-trains-sur-10-qui-circulent-en-haute-loire-c-est-faux\"><strong>article<\/strong><\/a> que vient de publier \u00e0 ce sujet le quotidien Le Progr\u00e8s : <strong>8 trains sur 10 qui circulent? En Haute-Loire, \u00abc\u2019est faux!\u00bb<\/strong><br \/>\n&nbsp;<br \/>\n<img loading=\"lazy\" decoding=\"async\" class=\" aligncenter size-full wp-image-2834\" src=\"http:\/\/5.45.101.177\/haut-allier\/usagers-transportse\/wp-content\/uploads\/2020\/01\/screenshot-2020-1-16_haute-loire_-scaled.png\" alt=\"screenshot-2020-1-16_haute-loire_.png\" align=\"center\" width=\"883\" height=\"2560\" srcset=\"https:\/\/usagers-transports.haut-allier.eu\/wp-content\/uploads\/2020\/01\/screenshot-2020-1-16_haute-loire_-scaled.png 883w, https:\/\/usagers-transports.haut-allier.eu\/wp-content\/uploads\/2020\/01\/screenshot-2020-1-16_haute-loire_-353x1024.png 353w, https:\/\/usagers-transports.haut-allier.eu\/wp-content\/uploads\/2020\/01\/screenshot-2020-1-16_haute-loire_-768x2226.png 768w, https:\/\/usagers-transports.haut-allier.eu\/wp-content\/uploads\/2020\/01\/screenshot-2020-1-16_haute-loire_-530x1536.png 530w\" sizes=\"auto, (max-width: 883px) 100vw, 883px\" \/><br \/>\n&nbsp;<\/p>\n","protected":false},"excerpt":{"rendered":"<p>C&rsquo;est le plus gros scandale depuis des dizaines d&rsquo;ann\u00e9es ici dans le Massif central, avec le refus de<\/p>\n","protected":false},"author":1,"featured_media":2831,"comment_status":"open","ping_status":"open","sticky":false,"template":"","format":"standard","meta":{"footnotes":""},"categories":[2],"tags":[],"class_list":["post-649","post","type-post","status-publish","format-standard","has-post-thumbnail","hentry","category-infos"],"_links":{"self":[{"href":"https:\/\/usagers-transports.haut-allier.eu\/index.php\/wp-json\/wp\/v2\/posts\/649","targetHints":{"allow":["GET"]}}],"collection":[{"href":"https:\/\/usagers-transports.haut-allier.eu\/index.php\/wp-json\/wp\/v2\/posts"}],"about":[{"href":"https:\/\/usagers-transports.haut-allier.eu\/index.php\/wp-json\/wp\/v2\/types\/post"}],"author":[{"embeddable":true,"href":"https:\/\/usagers-transports.haut-allier.eu\/index.php\/wp-json\/wp\/v2\/users\/1"}],"replies":[{"embeddable":true,"href":"https:\/\/usagers-transports.haut-allier.eu\/index.php\/wp-json\/wp\/v2\/comments?post=649"}],"version-history":[{"count":0,"href":"https:\/\/usagers-transports.haut-allier.eu\/index.php\/wp-json\/wp\/v2\/posts\/649\/revisions"}],"wp:featuredmedia":[{"embeddable":true,"href":"https:\/\/usagers-transports.haut-allier.eu\/index.php\/wp-json\/wp\/v2\/media\/2831"}],"wp:attachment":[{"href":"https:\/\/usagers-transports.haut-allier.eu\/index.php\/wp-json\/wp\/v2\/media?parent=649"}],"wp:term":[{"taxonomy":"category","embeddable":true,"href":"https:\/\/usagers-transports.haut-allier.eu\/index.php\/wp-json\/wp\/v2\/categories?post=649"},{"taxonomy":"post_tag","embeddable":true,"href":"https:\/\/usagers-transports.haut-allier.eu\/index.php\/wp-json\/wp\/v2\/tags?post=649"}],"curies":[{"name":"wp","href":"https:\/\/api.w.org\/{rel}","templated":true}]}}