{"id":65,"date":"2013-07-26T11:46:24","date_gmt":"2013-07-26T09:46:24","guid":{"rendered":"http:\/\/5.45.101.177\/haut-allier\/usagers-transportse\/index.php\/2013\/07\/26\/ligne-de-la-rive-droite-du-rhone065\/"},"modified":"2013-07-26T11:46:24","modified_gmt":"2013-07-26T09:46:24","slug":"ligne-de-la-rive-droite-du-rhone065","status":"publish","type":"post","link":"https:\/\/usagers-transports.haut-allier.eu\/index.php\/2013\/07\/26\/ligne-de-la-rive-droite-du-rhone065\/","title":{"rendered":"Ligne de la rive droite du Rh\u00f4ne : une p\u00e9tition pour demander sa r\u00e9ouverture aux voyageurs !"},"content":{"rendered":"<p>Nos voisins de l&rsquo;<a href=\"http:\/\/usagerstergard.free.fr\/viewtopic.php?f=8&#038;t=382\">association des usagers de la SNCF du Gard<\/a> lancent une p\u00e9tition pour la r\u00e9ouverture aux voyageurs de la ligne existante sur la rive droite du Rh\u00f4ne. La r\u00e9gion Languedoc Roussillon en avait parl\u00e9 dans les m\u00e9dias il y a trois ans et depuis plus RIEN. Gros tapage m\u00e9diatique seulement ? Les objectifs de la r\u00e9gion Languedoc Roussillon sont de moins en moins clairs \u00e0 nos yeux. Certes il y a le train \u00e0 un euro qui devrait se g\u00e9n\u00e9raliser un jour \u00e0 toutes les lignes TER des 5 d\u00e9partements, mais de fait on s&rsquo;aper\u00e7oit que au lieu de renforcer la desserte par trains c&rsquo;est tr\u00e9s souvent l&rsquo;occasion d&rsquo;en supprimer et de les remplacer par des bus ! Alors est-ce la faute de la SNCF qui malgr\u00e9 ses beaux discours ne veut pas accompagner la volont\u00e9 r\u00e9gionale d&rsquo;augmentation de fr\u00e9quentation par des tarifs attractifs ? Ou bien est-ce une volont\u00e9 d\u00e9lib\u00e9r\u00e9e et cach\u00e9e de Christian Bourquin le pr\u00e9sident de la r\u00e9gion Languedoc Roussillon ? <\/p>\n<p>En tous cas on peut et <strong>il faut signer la <a href=\"http:\/\/www.change.org\/fr\/p%C3%A9titions\/demande-de-r%C3%A9ouverture-de-la-ligne-sncf-rive-droite-du-rh%C3%B4ne-aux-voyageurs\">p\u00e9tition<\/a> pour le retour au service voyageurs de la ligne de la rive droite du Rh\u00f4ne<\/strong>, ligne en parfait \u00e9tat et qui sert quotidiennement au trafic fret. <\/p>\n<p>L&rsquo;association pour la r\u00e9ouverture de cette ligne a d&rsquo;ailleurs son propre <a href=\"http:\/\/www.assoter.fr\/\">site<\/a> Internet. <\/p>\n","protected":false},"excerpt":{"rendered":"<p>Nos voisins de l&rsquo;association des usagers de la SNCF du Gard lancent une p\u00e9tition pour la r\u00e9ouverture aux<\/p>\n","protected":false},"author":1,"featured_media":1444,"comment_status":"closed","ping_status":"open","sticky":false,"template":"","format":"standard","meta":{"footnotes":""},"categories":[2],"tags":[],"class_list":["post-65","post","type-post","status-publish","format-standard","has-post-thumbnail","hentry","category-infos"],"_links":{"self":[{"href":"https:\/\/usagers-transports.haut-allier.eu\/index.php\/wp-json\/wp\/v2\/posts\/65","targetHints":{"allow":["GET"]}}],"collection":[{"href":"https:\/\/usagers-transports.haut-allier.eu\/index.php\/wp-json\/wp\/v2\/posts"}],"about":[{"href":"https:\/\/usagers-transports.haut-allier.eu\/index.php\/wp-json\/wp\/v2\/types\/post"}],"author":[{"embeddable":true,"href":"https:\/\/usagers-transports.haut-allier.eu\/index.php\/wp-json\/wp\/v2\/users\/1"}],"replies":[{"embeddable":true,"href":"https:\/\/usagers-transports.haut-allier.eu\/index.php\/wp-json\/wp\/v2\/comments?post=65"}],"version-history":[{"count":0,"href":"https:\/\/usagers-transports.haut-allier.eu\/index.php\/wp-json\/wp\/v2\/posts\/65\/revisions"}],"wp:featuredmedia":[{"embeddable":true,"href":"https:\/\/usagers-transports.haut-allier.eu\/index.php\/wp-json\/wp\/v2\/media\/1444"}],"wp:attachment":[{"href":"https:\/\/usagers-transports.haut-allier.eu\/index.php\/wp-json\/wp\/v2\/media?parent=65"}],"wp:term":[{"taxonomy":"category","embeddable":true,"href":"https:\/\/usagers-transports.haut-allier.eu\/index.php\/wp-json\/wp\/v2\/categories?post=65"},{"taxonomy":"post_tag","embeddable":true,"href":"https:\/\/usagers-transports.haut-allier.eu\/index.php\/wp-json\/wp\/v2\/tags?post=65"}],"curies":[{"name":"wp","href":"https:\/\/api.w.org\/{rel}","templated":true}]}}