{"id":650,"date":"2020-01-11T09:23:29","date_gmt":"2020-01-11T08:23:29","guid":{"rendered":"http:\/\/5.45.101.177\/haut-allier\/usagers-transportse\/index.php\/2020\/01\/11\/fermeture-massive-des-guichets650\/"},"modified":"2020-01-11T09:23:29","modified_gmt":"2020-01-11T08:23:29","slug":"fermeture-massive-des-guichets650","status":"publish","type":"post","link":"https:\/\/usagers-transports.haut-allier.eu\/index.php\/2020\/01\/11\/fermeture-massive-des-guichets650\/","title":{"rendered":"Fermeture massive des guichets SNCF : la vraie raison"},"content":{"rendered":"<p>Devant l&rsquo;incompr\u00e9hension des usagers y compris des agents SNCF concernant la fermeture globale des guichets d\u00e9cid\u00e9e par l&rsquo;ex PDG P\u00e9py, m\u00eame dans les grandes villes comme gare de Lyon \u00e0 Paris avec 16 supprim\u00e9s, et apr\u00e8s nous \u00eatre interrog\u00e9 pendant longtemps sur les vraies raisons de cette nouvelle gabegie, une \u00e9vidence surgit :<br \/>\n&nbsp;<br \/>\n<strong>C&rsquo;est en fait le comportement des guichetiers que la direction SNCF a voulu sanctionner au d\u00e9triment du service rendu au public. <\/strong><br \/>\n&nbsp;<br \/>\nExplications : disposant d&rsquo;un outil informatique de conception des billets de plus en plus contraignant et ne permettant plus de r\u00e9pondre aux attentes des voyageurs, notamment en ce qui concerne le nombre de correspondances, limit\u00e9es \u00e0 deux, les agents en gare avaient pris l&rsquo;habitude de consulter en semi cachette, afin de visualiser toutes les possibilit\u00e9s d&rsquo;un trajet demand\u00e9, les sites europ\u00e9ens \u00e9trangers, la plupart du temps celui de l&rsquo;allemand <a href=\"https:\/\/www.bahn.com\/fr\/view\/index.shtml\">DB France<\/a>. Ensuite ils revenaient sur le syst\u00e8me interne de d\u00e9livrance des titres de transport (ainsi d\u00e9nomm\u00e9s en passant par les contr\u00f4leurs et la police) afin de coller au plus pr\u00e8s des demandes. En d\u00e9livrant souvent plusieurs billets, en fractionnant le trajet. Le syst\u00e8me interne, de plus en plus ferm\u00e9, ne le permettait plus ou de plus en plus difficilement.<br \/>\n&nbsp;<br \/>\nTous les op\u00e9rateurs que nous avons interrog\u00e9 nous l&rsquo;ont affirm\u00e9 de vive voix.<br \/>\n&nbsp;<br \/>\nAinsi devant la d\u00e9fiance de ses propres agents et sur ordre de l&rsquo;ex PDG la soci\u00e9t\u00e9 dite ferroviaire ferme depuis ces derni\u00e8res ann\u00e9es les guichets par centaines.<br \/>\n&nbsp;<br \/>\n<strong>Au moins 7 millions d&rsquo;usagers laiss\u00e9s de c\u00f4t\u00e9<\/strong><br \/>\n&nbsp;<br \/>\nElle fait ainsi fi de ses obligations envers les habitants du pays : les personnes \u00e2g\u00e9es, les 7 millions de fran\u00e7ais ne disposant pas d&rsquo;Internet, les jeunes ne disposant pas de carte bancaire, les 19 % des Fran\u00e7ais qui n\u2019ont pas d\u2019ordinateur \u00e0 domicile et 27 % pas de smartphone, les 500 000 personnes qui vivent dans une zone blanche sans connexion Internet et mobile. Les calculs ont \u00e9t\u00e9 fait en 2019 par le D\u00e9fenseur des droits. Rien de moins.<br \/>\n&nbsp;<br \/>\n<img loading=\"lazy\" decoding=\"async\" class=\" aligncenter size-full wp-image-2836\" src=\"http:\/\/5.45.101.177\/haut-allier\/usagers-transportse\/wp-content\/uploads\/2020\/01\/auguichet.jpg\" alt=\"auguichet.jpg\" align=\"center\" width=\"1350\" height=\"759\" srcset=\"https:\/\/usagers-transports.haut-allier.eu\/wp-content\/uploads\/2020\/01\/auguichet.jpg 1350w, https:\/\/usagers-transports.haut-allier.eu\/wp-content\/uploads\/2020\/01\/auguichet-300x169.jpg 300w, https:\/\/usagers-transports.haut-allier.eu\/wp-content\/uploads\/2020\/01\/auguichet-1024x576.jpg 1024w, https:\/\/usagers-transports.haut-allier.eu\/wp-content\/uploads\/2020\/01\/auguichet-768x432.jpg 768w\" sizes=\"auto, (max-width: 1350px) 100vw, 1350px\" \/><br \/>\n&nbsp;<br \/>\n<strong>Une mesure de r\u00e9torsion envers ses agents<\/strong><br \/>\n&nbsp;<br \/>\nTous les fran\u00e7ais, au moins ceux desservis par les petites et moyennes gares, se demandaient bien pourquoi on interdisait d\u00e9sormais aux agents en gare, souvent seuls, alors qu&rsquo;ils sont toujours pr\u00e9sents sur site, la vente des billets. La r\u00e9ponse est claire : <strong>c&rsquo;est une mesure de r\u00e9torsion et de discipline envers les cheminots<\/strong>. Nous avons l\u00e0 une des principales raisons de la fermeture des guichets mais pas que ! Car les boutiques SNCF de ville sont \u00e9galement supprim\u00e9es, victimes qu&rsquo;elles sont de la politique <em>p\u00e9pesque<\/em> de d\u00e9mant\u00e8lement des services aux populations. Un mod\u00e8le de gestion qui se perp\u00e9tue visiblement dans l&rsquo;attente des d\u00e9clarations d&rsquo;intention du nouveau pr\u00e9sident du groupe.<br \/>\n&nbsp;<br \/>\nIl faut comprendre que m\u00eame les distributeurs automatiques de billets de train ob\u00e9issent aussi \u00e0 cette r\u00e8gle de limitation \u00e0 deux correspondances, entra\u00eenant des trajets plus longs et des tarifs plus \u00e9lev\u00e9s, certaines fois du triple.<br \/>\n&nbsp;<br \/>\n<a href=\"http:\/\/chng.it\/hVDnYjSW\"><img loading=\"lazy\" decoding=\"async\" class=\" aligncenter size-full wp-image-2837\" src=\"http:\/\/5.45.101.177\/haut-allier\/usagers-transportse\/wp-content\/uploads\/2020\/01\/nwfyywveizjxhoz-800x450-nopad.jpg.png\" alt=\"nwfyywveizjxhoz-800x450-nopad.jpg.png\" align=\"center\" width=\"699\" height=\"393\" srcset=\"https:\/\/usagers-transports.haut-allier.eu\/wp-content\/uploads\/2020\/01\/nwfyywveizjxhoz-800x450-nopad.jpg.png 699w, https:\/\/usagers-transports.haut-allier.eu\/wp-content\/uploads\/2020\/01\/nwfyywveizjxhoz-800x450-nopad.jpg-300x169.png 300w\" sizes=\"auto, (max-width: 699px) 100vw, 699px\" \/><\/a><br \/>\n&nbsp;<br \/>\n<strong>Pour contrer ces mesures injustes de la part d&rsquo;une soci\u00e9t\u00e9 de service public et pour montrer que les usagers ne sont plus des pigeons il est essentiel que nous exigions tous de la SNCF des billets de trains non limit\u00e9s.<br \/>\n&nbsp;<br \/>\n&#8211; Non limit\u00e9s \u00e0 deux correspondances,<br \/>\n&#8211; Non limit\u00e9s \u00e0 24 heures lorsqu&rsquo;il s&rsquo;agit de billets sans r\u00e9servation comme les TER et certains Intercit\u00e9s,<br \/>\n&#8211; Anonymes, que l&rsquo;on peut acheter sans fournir date de naissance et nom,<br \/>\n&nbsp;<br \/>\nCar non contente de nous ficher elle aura la possibilit\u00e9 de revendre les informations personnelles que nous lui fournissons, \u00e0 prix d&rsquo;or, si elle ne le fait d\u00e9j\u00e0.<br \/>\n&nbsp;<br \/>\nCes titres de voyage limit\u00e9s elle veut absolument et par tous les moyens les imposer,  sur ses distributeurs, \u00e0 ses rares guichets, sur son site Internet Oui.sncf. Les guichetiers, confront\u00e9s au public, eux faisaient en sorte d&rsquo;adoucir le syst\u00e8me.<br \/>\n<\/strong><br \/>\n&nbsp;<br \/>\nMais non les voyageurs ne se laisseront pas faire, les voyageurs veulent pouvoir disposer de toutes les r\u00e9ponses \u00e0 un parcours demand\u00e9, m\u00eame s&rsquo;il comporte 3, 4 ou 5 changements. Tout le monde ne circule pas qu&rsquo;entre deux villes desservies par une ligne TGV. Un r\u00e9seau bien maill\u00e9, avec des correspondances bien calcul\u00e9es, est un atout incomparable pour la desserte de tous les territoires \u00e0 la fois pour les usagers occasionnels comme les vacanciers, ou les non press\u00e9s. Sans ces limitations impos\u00e9es les lignes d\u00e9nomm\u00e9es \u00ab\u00a0petites\u00a0\u00bb ou pire \u00ab\u00a0fines\u00a0\u00bb vont retrouver des voyageurs, et stopper leur d\u00e9saffection organis\u00e9e, nous l&rsquo;avons prouv\u00e9.<br \/>\n&nbsp;<br \/>\nNotre p\u00e9tition lanc\u00e9e il y a quelques mois est toujours en cours, il est essentiel de la signer, de la faire conna\u00eetre et de la propager. <a href=\"http:\/\/chng.it\/hVDnYjSW\"><strong>C&rsquo;est ici<\/strong><\/a>.<br \/>\n&nbsp;<br \/>\n<strong>R\u00e9action rapide et minable de la SNCF<\/strong><br \/>\n&nbsp;<br \/>\nLe voyagiste a r\u00e9agi deux semaines seulement apr\u00e8s son lancement en rajoutant un bouton \u00ab\u00a0Correspondances\u00a0\u00bb dans l&rsquo;affichage des r\u00e9sultats du site oui.sncf. Compl\u00e8tement ridicule car le nombre de correspondances affich\u00e9es ne d\u00e9passe jamais les deux. Elle ne veut pas d\u00e9passer ce seuil, c&rsquo;est une limitation qui repose uniquement sur ses intentions financi\u00e8res, commerciales : tromper l&rsquo;usager.<br \/>\n&nbsp;<br \/>\nMerci \u00e0 tous et toutes pour votre action.<br \/>\n&nbsp;<br \/>\n<em>La r\u00e9ponse idiote de Oui.sncf \u00e0 notre p\u00e9tition :<\/em><br \/>\n&nbsp;<br \/>\n<img loading=\"lazy\" decoding=\"async\" class=\" aligncenter size-full wp-image-2838\" src=\"http:\/\/5.45.101.177\/haut-allier\/usagers-transportse\/wp-content\/uploads\/2020\/01\/ralczgtyibzivnt-800x450-nopad.jpg.png\" alt=\"ralczgtyibzivnt-800x450-nopad.jpg.png\" align=\"center\" width=\"788\" height=\"443\" srcset=\"https:\/\/usagers-transports.haut-allier.eu\/wp-content\/uploads\/2020\/01\/ralczgtyibzivnt-800x450-nopad.jpg.png 788w, https:\/\/usagers-transports.haut-allier.eu\/wp-content\/uploads\/2020\/01\/ralczgtyibzivnt-800x450-nopad.jpg-300x169.png 300w, https:\/\/usagers-transports.haut-allier.eu\/wp-content\/uploads\/2020\/01\/ralczgtyibzivnt-800x450-nopad.jpg-768x432.png 768w\" sizes=\"auto, (max-width: 788px) 100vw, 788px\" \/><br \/>\n&nbsp;<br \/>\n&nbsp;<br \/>\n<img loading=\"lazy\" decoding=\"async\" class=\" aligncenter size-full wp-image-2839\" src=\"http:\/\/5.45.101.177\/haut-allier\/usagers-transportse\/wp-content\/uploads\/2020\/01\/fermeture-guichets.jpg\" alt=\"fermeture-guichets.jpg\" align=\"center\" width=\"1200\" height=\"900\" srcset=\"https:\/\/usagers-transports.haut-allier.eu\/wp-content\/uploads\/2020\/01\/fermeture-guichets.jpg 1200w, https:\/\/usagers-transports.haut-allier.eu\/wp-content\/uploads\/2020\/01\/fermeture-guichets-300x225.jpg 300w, https:\/\/usagers-transports.haut-allier.eu\/wp-content\/uploads\/2020\/01\/fermeture-guichets-1024x768.jpg 1024w, https:\/\/usagers-transports.haut-allier.eu\/wp-content\/uploads\/2020\/01\/fermeture-guichets-768x576.jpg 768w\" sizes=\"auto, (max-width: 1200px) 100vw, 1200px\" \/><\/p>\n","protected":false},"excerpt":{"rendered":"<p>Devant l&rsquo;incompr\u00e9hension des usagers y compris des agents SNCF concernant la fermeture globale des guichets d\u00e9cid\u00e9e par l&rsquo;ex<\/p>\n","protected":false},"author":1,"featured_media":2835,"comment_status":"open","ping_status":"open","sticky":false,"template":"","format":"standard","meta":{"footnotes":""},"categories":[8],"tags":[],"class_list":["post-650","post","type-post","status-publish","format-standard","has-post-thumbnail","hentry","category-communiques"],"_links":{"self":[{"href":"https:\/\/usagers-transports.haut-allier.eu\/index.php\/wp-json\/wp\/v2\/posts\/650","targetHints":{"allow":["GET"]}}],"collection":[{"href":"https:\/\/usagers-transports.haut-allier.eu\/index.php\/wp-json\/wp\/v2\/posts"}],"about":[{"href":"https:\/\/usagers-transports.haut-allier.eu\/index.php\/wp-json\/wp\/v2\/types\/post"}],"author":[{"embeddable":true,"href":"https:\/\/usagers-transports.haut-allier.eu\/index.php\/wp-json\/wp\/v2\/users\/1"}],"replies":[{"embeddable":true,"href":"https:\/\/usagers-transports.haut-allier.eu\/index.php\/wp-json\/wp\/v2\/comments?post=650"}],"version-history":[{"count":0,"href":"https:\/\/usagers-transports.haut-allier.eu\/index.php\/wp-json\/wp\/v2\/posts\/650\/revisions"}],"wp:featuredmedia":[{"embeddable":true,"href":"https:\/\/usagers-transports.haut-allier.eu\/index.php\/wp-json\/wp\/v2\/media\/2835"}],"wp:attachment":[{"href":"https:\/\/usagers-transports.haut-allier.eu\/index.php\/wp-json\/wp\/v2\/media?parent=650"}],"wp:term":[{"taxonomy":"category","embeddable":true,"href":"https:\/\/usagers-transports.haut-allier.eu\/index.php\/wp-json\/wp\/v2\/categories?post=650"},{"taxonomy":"post_tag","embeddable":true,"href":"https:\/\/usagers-transports.haut-allier.eu\/index.php\/wp-json\/wp\/v2\/tags?post=650"}],"curies":[{"name":"wp","href":"https:\/\/api.w.org\/{rel}","templated":true}]}}