{"id":651,"date":"2020-01-16T11:15:28","date_gmt":"2020-01-16T10:15:28","guid":{"rendered":"http:\/\/5.45.101.177\/haut-allier\/usagers-transportse\/index.php\/2020\/01\/16\/massif-central-conference-debat-du651\/"},"modified":"2020-01-16T11:15:28","modified_gmt":"2020-01-16T10:15:28","slug":"massif-central-conference-debat-du651","status":"publish","type":"post","link":"https:\/\/usagers-transports.haut-allier.eu\/index.php\/2020\/01\/16\/massif-central-conference-debat-du651\/","title":{"rendered":"Massif central : conf\u00e9rence d\u00e9bat du Comit\u00e9 pluraliste ce 1er f\u00e9vrier \u00e0 Rodez"},"content":{"rendered":"<p>Plusieurs th\u00e8mes abord\u00e9s :<br \/>\n&nbsp;<br \/>\n&#8211; Quelle place pour le rail dans la transition \u00e9cologique\u00a0?<br \/>\n&#8211; Quel avenir pour le Fret ferroviaire\u00a0?<br \/>\n&#8211; Quel service public ferroviaire pour le Massif Central\u00a0?<br \/>\n&#8211; St Ch\u00e9ly d\u2019Apcher-Rodez-Toulouse, la voie de l\u2019industrie, est-ce une \u00e9vidence\u00a0?<br \/>\n&nbsp;<br \/>\nelle se tiendra :<br \/>\n&nbsp;<br \/>\n<strong>Salle du CE (Comit\u00e9 d&rsquo;entreprise)<br \/>\nGare de Rodez<br \/>\nSamedi 1er f\u00e9vrier 2020 \u00e0 10h30<\/strong><br \/>\n&nbsp;<br \/>\nEn pr\u00e9sence de Jean-Luc Gibelin, Vice-pr\u00e9sident du Conseil R\u00e9gional Occitanie, en charge des infrastructures et des mobilit\u00e9s.<br \/>\n&nbsp;<br \/>\nEv\u00e8nement organis\u00e9 par le Comit\u00e9 Pluraliste, les cheminots de Rodez, Millau et de la Loz\u00e8re.<br \/>\n&nbsp;<br \/>\nUn ap\u00e9ritif cl\u00f4turera cette conf\u00e9rence-d\u00e9bat et le repas sera tir\u00e9 du sac.<br \/>\n&nbsp;<br \/>\nDepuis le sud covoiturage \u00e0 partir de B\u00e9darieux RV en gare \u00e0 7h30. Contacter Jacky Tello tel. 06 08 17 58 87. A partir de Millau contacter Fred Laur t\u00e9l. 06 85 33 66 23.<br \/>\n&nbsp;<br \/>\n<img loading=\"lazy\" decoding=\"async\" class=\" aligncenter size-full wp-image-2841\" src=\"http:\/\/5.45.101.177\/haut-allier\/usagers-transportse\/wp-content\/uploads\/2020\/01\/afficheconferencerodez01-02.jpg\" alt=\"afficheconferencerodez01-02.jpg\" align=\"center\" width=\"1168\" height=\"1652\" srcset=\"https:\/\/usagers-transports.haut-allier.eu\/wp-content\/uploads\/2020\/01\/afficheconferencerodez01-02.jpg 1168w, https:\/\/usagers-transports.haut-allier.eu\/wp-content\/uploads\/2020\/01\/afficheconferencerodez01-02-212x300.jpg 212w, https:\/\/usagers-transports.haut-allier.eu\/wp-content\/uploads\/2020\/01\/afficheconferencerodez01-02-724x1024.jpg 724w, https:\/\/usagers-transports.haut-allier.eu\/wp-content\/uploads\/2020\/01\/afficheconferencerodez01-02-768x1086.jpg 768w, https:\/\/usagers-transports.haut-allier.eu\/wp-content\/uploads\/2020\/01\/afficheconferencerodez01-02-1086x1536.jpg 1086w\" sizes=\"auto, (max-width: 1168px) 100vw, 1168px\" \/><\/p>\n","protected":false},"excerpt":{"rendered":"<p>Plusieurs th\u00e8mes abord\u00e9s : &nbsp; &#8211; Quelle place pour le rail dans la transition \u00e9cologique\u00a0? &#8211; Quel avenir<\/p>\n","protected":false},"author":1,"featured_media":2840,"comment_status":"open","ping_status":"open","sticky":false,"template":"","format":"standard","meta":{"footnotes":""},"categories":[2],"tags":[],"class_list":["post-651","post","type-post","status-publish","format-standard","has-post-thumbnail","hentry","category-infos"],"_links":{"self":[{"href":"https:\/\/usagers-transports.haut-allier.eu\/index.php\/wp-json\/wp\/v2\/posts\/651","targetHints":{"allow":["GET"]}}],"collection":[{"href":"https:\/\/usagers-transports.haut-allier.eu\/index.php\/wp-json\/wp\/v2\/posts"}],"about":[{"href":"https:\/\/usagers-transports.haut-allier.eu\/index.php\/wp-json\/wp\/v2\/types\/post"}],"author":[{"embeddable":true,"href":"https:\/\/usagers-transports.haut-allier.eu\/index.php\/wp-json\/wp\/v2\/users\/1"}],"replies":[{"embeddable":true,"href":"https:\/\/usagers-transports.haut-allier.eu\/index.php\/wp-json\/wp\/v2\/comments?post=651"}],"version-history":[{"count":0,"href":"https:\/\/usagers-transports.haut-allier.eu\/index.php\/wp-json\/wp\/v2\/posts\/651\/revisions"}],"wp:featuredmedia":[{"embeddable":true,"href":"https:\/\/usagers-transports.haut-allier.eu\/index.php\/wp-json\/wp\/v2\/media\/2840"}],"wp:attachment":[{"href":"https:\/\/usagers-transports.haut-allier.eu\/index.php\/wp-json\/wp\/v2\/media?parent=651"}],"wp:term":[{"taxonomy":"category","embeddable":true,"href":"https:\/\/usagers-transports.haut-allier.eu\/index.php\/wp-json\/wp\/v2\/categories?post=651"},{"taxonomy":"post_tag","embeddable":true,"href":"https:\/\/usagers-transports.haut-allier.eu\/index.php\/wp-json\/wp\/v2\/tags?post=651"}],"curies":[{"name":"wp","href":"https:\/\/api.w.org\/{rel}","templated":true}]}}