{"id":652,"date":"2020-01-22T16:09:13","date_gmt":"2020-01-22T15:09:13","guid":{"rendered":"http:\/\/5.45.101.177\/haut-allier\/usagers-transportse\/index.php\/2020\/01\/22\/premier-jour-de-circulation-des652\/"},"modified":"2020-01-22T16:09:13","modified_gmt":"2020-01-22T15:09:13","slug":"premier-jour-de-circulation-des652","status":"publish","type":"post","link":"https:\/\/usagers-transports.haut-allier.eu\/index.php\/2020\/01\/22\/premier-jour-de-circulation-des652\/","title":{"rendered":"Premier jour de circulation des nouvelles rames du train C\u00e9venol"},"content":{"rendered":"<p>Hier mardi avait lieu la premi\u00e8re circulation des Coradia Liner de type R\u00e9giolis affect\u00e9s \u00e0 la ligne des C\u00e9vennes.<br \/>\n&nbsp;<br \/>\n<em>Ici le passage \u00e0 Pont d&rsquo;Alleyras en provenance du nord \u00e0 14h58.<\/em><br \/>\n&nbsp;<br \/>\n<img loading=\"lazy\" decoding=\"async\" class=\" aligncenter size-full wp-image-2843\" src=\"http:\/\/5.45.101.177\/haut-allier\/usagers-transportse\/wp-content\/uploads\/2020\/01\/20200121_1500511-tw.jpg\" alt=\"20200121_1500511-tw.jpg\" align=\"center\" width=\"754\" height=\"509\" srcset=\"https:\/\/usagers-transports.haut-allier.eu\/wp-content\/uploads\/2020\/01\/20200121_1500511-tw.jpg 754w, https:\/\/usagers-transports.haut-allier.eu\/wp-content\/uploads\/2020\/01\/20200121_1500511-tw-300x203.jpg 300w\" sizes=\"auto, (max-width: 754px) 100vw, 754px\" \/><br \/>\n&nbsp;<br \/>\nCe nouveau mat\u00e9riel, 3 rames, une pour chaque sens entre N\u00eemes et Clermont-Ferrand plus une de secours, constituait la condition pour que la r\u00e9gion Occitanie reprenne la gestion du train mythique entre Clermont-Ferrand et N\u00eemes entre les mains de l&rsquo;\u00e9tat. Ce qu&rsquo;elle a fait.<br \/>\n&nbsp;<br \/>\nVoici quelques photos prises par par notre report\u00e8re Cathy Parat, que nous remercions vivement, au passage en gare d&rsquo;Alleyras :<br \/>\n&nbsp;<br \/>\n<img loading=\"lazy\" decoding=\"async\" class=\" aligncenter size-full wp-image-2844\" src=\"http:\/\/5.45.101.177\/haut-allier\/usagers-transportse\/wp-content\/uploads\/2020\/01\/20200121_150202p.jpg\" alt=\"20200121_150202p.jpg\" align=\"center\" width=\"1400\" height=\"945\" srcset=\"https:\/\/usagers-transports.haut-allier.eu\/wp-content\/uploads\/2020\/01\/20200121_150202p.jpg 1400w, https:\/\/usagers-transports.haut-allier.eu\/wp-content\/uploads\/2020\/01\/20200121_150202p-300x203.jpg 300w, https:\/\/usagers-transports.haut-allier.eu\/wp-content\/uploads\/2020\/01\/20200121_150202p-1024x691.jpg 1024w, https:\/\/usagers-transports.haut-allier.eu\/wp-content\/uploads\/2020\/01\/20200121_150202p-768x518.jpg 768w\" sizes=\"auto, (max-width: 1400px) 100vw, 1400px\" \/><br \/>\n&nbsp;<br \/>\n<img loading=\"lazy\" decoding=\"async\" class=\" aligncenter size-full wp-image-2845\" src=\"http:\/\/5.45.101.177\/haut-allier\/usagers-transportse\/wp-content\/uploads\/2020\/01\/20200121_150103p.jpg\" alt=\"20200121_150103p.jpg\" align=\"center\" width=\"1125\" height=\"1500\" srcset=\"https:\/\/usagers-transports.haut-allier.eu\/wp-content\/uploads\/2020\/01\/20200121_150103p.jpg 1125w, https:\/\/usagers-transports.haut-allier.eu\/wp-content\/uploads\/2020\/01\/20200121_150103p-225x300.jpg 225w, https:\/\/usagers-transports.haut-allier.eu\/wp-content\/uploads\/2020\/01\/20200121_150103p-768x1024.jpg 768w\" sizes=\"auto, (max-width: 1125px) 100vw, 1125px\" \/><br \/>\n&nbsp;<br \/>\nBient\u00f4t ces trois rames devraient \u00eatre \u00ab\u00a0pellicul\u00e9es\u00a0\u00bb au nom de la r\u00e9gion Occitanie et de son service de transport LIO. Voici un clich\u00e9 d&rsquo;une des 3 rames du train C\u00e9venol encore \u00e0 Toulouse.<br \/>\n&nbsp;<br \/>\n <img loading=\"lazy\" decoding=\"async\" class=\" aligncenter size-full wp-image-2846\" src=\"http:\/\/5.45.101.177\/haut-allier\/usagers-transportse\/wp-content\/uploads\/2020\/01\/photo_c_payrastre_.png\" alt=\"photo_c_payrastre_.png\" align=\"center\" width=\"640\" height=\"480\" srcset=\"https:\/\/usagers-transports.haut-allier.eu\/wp-content\/uploads\/2020\/01\/photo_c_payrastre_.png 640w, https:\/\/usagers-transports.haut-allier.eu\/wp-content\/uploads\/2020\/01\/photo_c_payrastre_-300x225.png 300w\" sizes=\"auto, (max-width: 640px) 100vw, 640px\" \/><br \/>\n&nbsp;<br \/>\nNous aurions aim\u00e9 que le logo des 150 ans du train C\u00e9venol apparaisse&#8230; mais bon&#8230; \u00e7e n&rsquo;est apparemment pas si simple.<br \/>\n&nbsp;<br \/>\n<strong>[Mise \u00e0 jour du 26 janvier]<\/strong><br \/>\n&nbsp;<br \/>\nApparemment le photographe masqu\u00e9 de Midi Libre a assist\u00e9 la veille au soir au passage du vrai premier Coradia R\u00e9giolis avec 40 minutes de retard \u00e0 Alleyras. Au vu de la photo d&rsquo;illustration de cet article du quotidien, \u00e9dition G\u00e9nolhac :<br \/>\n&nbsp;<br \/>\n<a href=\"https:\/\/www.midilibre.fr\/2020\/01\/26\/le-nouveau-cevenol-passera-en-gare-lundi,8687550.php\"><em>Le nouveau C\u00e9venol passera en gare lundi<\/em><\/a><br \/>\n&nbsp;<\/p>\n","protected":false},"excerpt":{"rendered":"<p>Hier mardi avait lieu la premi\u00e8re circulation des Coradia Liner de type R\u00e9giolis affect\u00e9s \u00e0 la ligne des<\/p>\n","protected":false},"author":1,"featured_media":2842,"comment_status":"open","ping_status":"open","sticky":false,"template":"","format":"standard","meta":{"footnotes":""},"categories":[2],"tags":[],"class_list":["post-652","post","type-post","status-publish","format-standard","has-post-thumbnail","hentry","category-infos"],"_links":{"self":[{"href":"https:\/\/usagers-transports.haut-allier.eu\/index.php\/wp-json\/wp\/v2\/posts\/652","targetHints":{"allow":["GET"]}}],"collection":[{"href":"https:\/\/usagers-transports.haut-allier.eu\/index.php\/wp-json\/wp\/v2\/posts"}],"about":[{"href":"https:\/\/usagers-transports.haut-allier.eu\/index.php\/wp-json\/wp\/v2\/types\/post"}],"author":[{"embeddable":true,"href":"https:\/\/usagers-transports.haut-allier.eu\/index.php\/wp-json\/wp\/v2\/users\/1"}],"replies":[{"embeddable":true,"href":"https:\/\/usagers-transports.haut-allier.eu\/index.php\/wp-json\/wp\/v2\/comments?post=652"}],"version-history":[{"count":0,"href":"https:\/\/usagers-transports.haut-allier.eu\/index.php\/wp-json\/wp\/v2\/posts\/652\/revisions"}],"wp:featuredmedia":[{"embeddable":true,"href":"https:\/\/usagers-transports.haut-allier.eu\/index.php\/wp-json\/wp\/v2\/media\/2842"}],"wp:attachment":[{"href":"https:\/\/usagers-transports.haut-allier.eu\/index.php\/wp-json\/wp\/v2\/media?parent=652"}],"wp:term":[{"taxonomy":"category","embeddable":true,"href":"https:\/\/usagers-transports.haut-allier.eu\/index.php\/wp-json\/wp\/v2\/categories?post=652"},{"taxonomy":"post_tag","embeddable":true,"href":"https:\/\/usagers-transports.haut-allier.eu\/index.php\/wp-json\/wp\/v2\/tags?post=652"}],"curies":[{"name":"wp","href":"https:\/\/api.w.org\/{rel}","templated":true}]}}