{"id":653,"date":"2020-01-22T21:56:52","date_gmt":"2020-01-22T20:56:52","guid":{"rendered":"http:\/\/5.45.101.177\/haut-allier\/usagers-transportse\/index.php\/2020\/01\/22\/ferroviaire-2eme-reunion-de653\/"},"modified":"2020-01-22T21:56:52","modified_gmt":"2020-01-22T20:56:52","slug":"ferroviaire-2eme-reunion-de653","status":"publish","type":"post","link":"https:\/\/usagers-transports.haut-allier.eu\/index.php\/2020\/01\/22\/ferroviaire-2eme-reunion-de653\/","title":{"rendered":"Ferroviaire : 2\u00e8me r\u00e9union de concertation entre les r\u00e9gions Occitanie et Auvergne Rh\u00f4ne Alpes"},"content":{"rendered":"<p>Apr\u00e8s une premi\u00e8re r\u00e9union \u00e0 Saint-Flour, ce vendredi 17 janvier avait lieu en Haute-Loire, \u00e0 Saint-Haon, le deuxi\u00e8me comit\u00e9 de pilotage sur les lignes inter-r\u00e9gionales entre les deux r\u00e9gions Occitanie et AuRA.<br \/>\n&nbsp;<br \/>\nLe collectif des usagers des transports du Haut Allier, l&rsquo;association \u00ab\u00a02020 150 ans de la ligne du train C\u00e9venol\u00a0\u00bb et les associations du Massif central qui ont pouss\u00e9 \u00e0 ce rapprochement se r\u00e9jouissent de voir que le dialogue entre les deux autorit\u00e9s organisatrices de tutelle des trains r\u00e9gionaux s&rsquo;amorce enfin. Il ne peut \u00eatre que constructif et il \u00e9tait grand temps de montrer \u00e0 l&rsquo;\u00e9tat qui a tout fait pour sectionner son r\u00e9seau afin qu&rsquo;il ne soit plus g\u00e9rable, que des collectivit\u00e9s, m\u00eame oppos\u00e9es politiquement, pouvaient dialoguer pour le bien des usagers. Nous ne pouvons que f\u00e9liciter la volont\u00e9 des deux charg\u00e9(e)s des transports.<br \/>\n&nbsp;<br \/>\nUn rapprochement des r\u00e9gions sur les mobilit\u00e9s ferroviaires, mais pas forc\u00e9ment d&rsquo;ailleurs des deux prestataires r\u00e9gionaux de la SNCF ou des autorit\u00e9s pr\u00e9fectorales. Jean-Luc Gibelin, charg\u00e9 des transports Occitanie le pr\u00e9cise sur son blog : <em>\u00ab\u00a0Nous avons impos\u00e9 la pr\u00e9sence des entit\u00e9s SNCF des deux r\u00e9gions, les repr\u00e9sentants de l\u2019Etat, des deux r\u00e9gions aussi.\u00a0\u00bb<\/em><br \/>\n&nbsp;<br \/>\nPuis il \u00e9voque la teneur de la rencontre :<em> \u00ab\u00a0Nous avons ainsi \u00e9chang\u00e9 sur l\u2019ensemble des lignes partag\u00e9es entre nos deux r\u00e9gions : le C\u00e9venol, l\u2019Aubrac, la ligne Aurillac Brive-la-Gaillarde, la Rive Droite du Rh\u00f4ne, la liaison Aurillac Figeac\u2026 \u00ab\u00a0<\/em><br \/>\n&nbsp;<br \/>\nLa prochaine r\u00e9union est programm\u00e9e au second trimestre 2020.<br \/>\n&nbsp;<br \/>\n<img loading=\"lazy\" decoding=\"async\" class=\" aligncenter size-full wp-image-2848\" src=\"http:\/\/5.45.101.177\/haut-allier\/usagers-transportse\/wp-content\/uploads\/2020\/01\/gibgui.jpg\" alt=\"gibgui.jpg\" align=\"center\" width=\"1000\" height=\"732\" srcset=\"https:\/\/usagers-transports.haut-allier.eu\/wp-content\/uploads\/2020\/01\/gibgui.jpg 1000w, https:\/\/usagers-transports.haut-allier.eu\/wp-content\/uploads\/2020\/01\/gibgui-300x220.jpg 300w, https:\/\/usagers-transports.haut-allier.eu\/wp-content\/uploads\/2020\/01\/gibgui-768x562.jpg 768w\" sizes=\"auto, (max-width: 1000px) 100vw, 1000px\" \/><br \/>\n&nbsp;<br \/>\n<a href=\"http:\/\/jean-luc-gibelin.com\/copil-inter-regional-occitanie-aura\/\"><em>Le blog de Jean-Luc Gibelin<\/em><\/a><\/p>\n","protected":false},"excerpt":{"rendered":"<p>Apr\u00e8s une premi\u00e8re r\u00e9union \u00e0 Saint-Flour, ce vendredi 17 janvier avait lieu en Haute-Loire, \u00e0 Saint-Haon, le deuxi\u00e8me<\/p>\n","protected":false},"author":1,"featured_media":2847,"comment_status":"open","ping_status":"open","sticky":false,"template":"","format":"standard","meta":{"footnotes":""},"categories":[2],"tags":[],"class_list":["post-653","post","type-post","status-publish","format-standard","has-post-thumbnail","hentry","category-infos"],"_links":{"self":[{"href":"https:\/\/usagers-transports.haut-allier.eu\/index.php\/wp-json\/wp\/v2\/posts\/653","targetHints":{"allow":["GET"]}}],"collection":[{"href":"https:\/\/usagers-transports.haut-allier.eu\/index.php\/wp-json\/wp\/v2\/posts"}],"about":[{"href":"https:\/\/usagers-transports.haut-allier.eu\/index.php\/wp-json\/wp\/v2\/types\/post"}],"author":[{"embeddable":true,"href":"https:\/\/usagers-transports.haut-allier.eu\/index.php\/wp-json\/wp\/v2\/users\/1"}],"replies":[{"embeddable":true,"href":"https:\/\/usagers-transports.haut-allier.eu\/index.php\/wp-json\/wp\/v2\/comments?post=653"}],"version-history":[{"count":0,"href":"https:\/\/usagers-transports.haut-allier.eu\/index.php\/wp-json\/wp\/v2\/posts\/653\/revisions"}],"wp:featuredmedia":[{"embeddable":true,"href":"https:\/\/usagers-transports.haut-allier.eu\/index.php\/wp-json\/wp\/v2\/media\/2847"}],"wp:attachment":[{"href":"https:\/\/usagers-transports.haut-allier.eu\/index.php\/wp-json\/wp\/v2\/media?parent=653"}],"wp:term":[{"taxonomy":"category","embeddable":true,"href":"https:\/\/usagers-transports.haut-allier.eu\/index.php\/wp-json\/wp\/v2\/categories?post=653"},{"taxonomy":"post_tag","embeddable":true,"href":"https:\/\/usagers-transports.haut-allier.eu\/index.php\/wp-json\/wp\/v2\/tags?post=653"}],"curies":[{"name":"wp","href":"https:\/\/api.w.org\/{rel}","templated":true}]}}