{"id":654,"date":"2020-01-28T18:41:38","date_gmt":"2020-01-28T17:41:38","guid":{"rendered":"http:\/\/5.45.101.177\/haut-allier\/usagers-transportse\/index.php\/2020\/01\/28\/ce-27-janvier-etait-journee-de654\/"},"modified":"2020-01-28T18:41:38","modified_gmt":"2020-01-28T17:41:38","slug":"ce-27-janvier-etait-journee-de654","status":"publish","type":"post","link":"https:\/\/usagers-transports.haut-allier.eu\/index.php\/2020\/01\/28\/ce-27-janvier-etait-journee-de654\/","title":{"rendered":"Ce 27 janvier \u00e9tait journ\u00e9e de f\u00eate pour le lancement du nouveau train C\u00e9venol [MAJ]"},"content":{"rendered":"<p>Les nouvelles rames \u00ab\u00a0neutres\u00a0\u00bb, toutes grises, avaient commenc\u00e9 \u00e0 circuler d\u00e8s le lundi 18 janvier au soir dans les gorges du Haut-Allier. Ici leur passage \u00e0 Pont d&rsquo;Alleyras.<br \/>\n&nbsp;<br \/>\n<img loading=\"lazy\" decoding=\"async\" class=\" aligncenter size-full wp-image-2850\" src=\"http:\/\/5.45.101.177\/haut-allier\/usagers-transportse\/wp-content\/uploads\/2020\/01\/20200121_1500511-tw-3.jpg\" alt=\"20200121_1500511-tw-3.jpg\" align=\"center\" width=\"754\" height=\"509\" srcset=\"https:\/\/usagers-transports.haut-allier.eu\/wp-content\/uploads\/2020\/01\/20200121_1500511-tw-3.jpg 754w, https:\/\/usagers-transports.haut-allier.eu\/wp-content\/uploads\/2020\/01\/20200121_1500511-tw-3-300x203.jpg 300w\" sizes=\"auto, (max-width: 754px) 100vw, 754px\" \/><br \/>\n&nbsp;<br \/>\n<img loading=\"lazy\" decoding=\"async\" class=\" aligncenter size-full wp-image-2851\" src=\"http:\/\/5.45.101.177\/haut-allier\/usagers-transportse\/wp-content\/uploads\/2020\/01\/20200121_150202p-2.jpg\" alt=\"20200121_150202p-2.jpg\" align=\"center\" width=\"1400\" height=\"945\" srcset=\"https:\/\/usagers-transports.haut-allier.eu\/wp-content\/uploads\/2020\/01\/20200121_150202p-2.jpg 1400w, https:\/\/usagers-transports.haut-allier.eu\/wp-content\/uploads\/2020\/01\/20200121_150202p-2-300x203.jpg 300w, https:\/\/usagers-transports.haut-allier.eu\/wp-content\/uploads\/2020\/01\/20200121_150202p-2-1024x691.jpg 1024w, https:\/\/usagers-transports.haut-allier.eu\/wp-content\/uploads\/2020\/01\/20200121_150202p-2-768x518.jpg 768w\" sizes=\"auto, (max-width: 1400px) 100vw, 1400px\" \/><br \/>\n&nbsp;<br \/>\n<em>La presse en \u00e9tait toute \u00e9moustill\u00e9e : <a href=\"https:\/\/www.midilibre.fr\/2020\/01\/26\/le-nouveau-cevenol-passera-en-gare-lundi,8687550.php\"><strong>Midi Libre du 26\/01\/2020<\/strong><\/a><\/em><br \/>\n&nbsp;<br \/>\n<img loading=\"lazy\" decoding=\"async\" class=\" aligncenter size-full wp-image-2852\" src=\"http:\/\/5.45.101.177\/haut-allier\/usagers-transportse\/wp-content\/uploads\/2020\/01\/article-2020-01-26-08-56-385198.png\" alt=\"article-2020-01-26-08-56-385198.png\" align=\"center\" width=\"714\" height=\"484\" srcset=\"https:\/\/usagers-transports.haut-allier.eu\/wp-content\/uploads\/2020\/01\/article-2020-01-26-08-56-385198.png 714w, https:\/\/usagers-transports.haut-allier.eu\/wp-content\/uploads\/2020\/01\/article-2020-01-26-08-56-385198-300x203.png 300w\" sizes=\"auto, (max-width: 714px) 100vw, 714px\" \/><br \/>\n&nbsp;<br \/>\nAinsi tout juste une semaine apr\u00e8s, un lancement officiel cette fois \u00e9tait d\u00e9cid\u00e9 avec le d\u00e9part de la premi\u00e8re rame aux couleurs du service transports LIO de la r\u00e9gion Occitanie propri\u00e9taire des rames. Une journ\u00e9e bien charg\u00e9e s&rsquo;amor\u00e7ait.<br \/>\n&nbsp;<br \/>\n<strong>N\u00eemes : l&rsquo;envol du nouveau train C\u00e9venol<\/strong><br \/>\n&nbsp;<br \/>\nPr\u00e9vu mi d\u00e9cembre le lancement avait \u00e9t\u00e9 plusieurs fois report\u00e9 \u00e0 cause des gr\u00e8ves actuelles des cheminots SNCF contre la r\u00e9forme des retraites. C&rsquo;est presque la veille que la date est fix\u00e9e et que Jean-Luc Gibelin nous y donne rendez-vous.<br \/>\n&nbsp;<br \/>\n<img loading=\"lazy\" decoding=\"async\" class=\" aligncenter size-full wp-image-2853\" src=\"http:\/\/5.45.101.177\/haut-allier\/usagers-transportse\/wp-content\/uploads\/2020\/01\/p_20200127_145331.jpg\" alt=\"p_20200127_145331.jpg\" align=\"center\" width=\"1300\" height=\"912\" srcset=\"https:\/\/usagers-transports.haut-allier.eu\/wp-content\/uploads\/2020\/01\/p_20200127_145331.jpg 1300w, https:\/\/usagers-transports.haut-allier.eu\/wp-content\/uploads\/2020\/01\/p_20200127_145331-300x210.jpg 300w, https:\/\/usagers-transports.haut-allier.eu\/wp-content\/uploads\/2020\/01\/p_20200127_145331-1024x718.jpg 1024w, https:\/\/usagers-transports.haut-allier.eu\/wp-content\/uploads\/2020\/01\/p_20200127_145331-768x539.jpg 768w\" sizes=\"auto, (max-width: 1300px) 100vw, 1300px\" \/><br \/>\n&nbsp;<br \/>\n<em>Un Vice pr\u00e9sident de r\u00e9gion ravi et on le comprend au vu de son action d\u00e9cisive<\/em><br \/>\n<img loading=\"lazy\" decoding=\"async\" class=\" aligncenter size-full wp-image-2854\" src=\"http:\/\/5.45.101.177\/haut-allier\/usagers-transportse\/wp-content\/uploads\/2020\/01\/p_20200127_140354_2.jpg\" alt=\"p_20200127_140354_2.jpg\" align=\"center\" width=\"1300\" height=\"891\" srcset=\"https:\/\/usagers-transports.haut-allier.eu\/wp-content\/uploads\/2020\/01\/p_20200127_140354_2.jpg 1300w, https:\/\/usagers-transports.haut-allier.eu\/wp-content\/uploads\/2020\/01\/p_20200127_140354_2-300x206.jpg 300w, https:\/\/usagers-transports.haut-allier.eu\/wp-content\/uploads\/2020\/01\/p_20200127_140354_2-1024x702.jpg 1024w, https:\/\/usagers-transports.haut-allier.eu\/wp-content\/uploads\/2020\/01\/p_20200127_140354_2-768x526.jpg 768w\" sizes=\"auto, (max-width: 1300px) 100vw, 1300px\" \/><br \/>\n&nbsp;<br \/>\n<strong>Un train enfin tr\u00e8s confortable<\/strong><br \/>\n&nbsp;<br \/>\nLes grincheux avaient pleurnich\u00e9 la disparition des vieilles rames Corail mises au rebus (enfin on l&rsquo;esp\u00e8re pour les autres voyageurs) depuis 2016. Et ce apr\u00e8s des incidents \u00e0 r\u00e9p\u00e9tition comme par exemple quelques incendies dans des locomotives \u00e0 bout de souffle, des pertes d&rsquo;essuies glace, des cabines non \u00e9tanches, qui occasionnaient retards sur retards. Les \u00ab\u00a0suppositoires\u00a0\u00bb, autorails bleus plus modernes mais de moindre capacit\u00e9 et moins confortable selon les <em>aficionados du train<\/em> les ont remplac\u00e9.<br \/>\n&nbsp;<br \/>\nAvec les nouvelles rames Coradia d&rsquo;Alstom, de type R\u00e9giolis mais dot\u00e9es d&rsquo;un \u00e9quipement Intercit\u00e9s nous souffle-ton, l&rsquo;usager dispose de tout le n\u00e9cessaire : prises \u00e9lectriques, moins de bruits de roulement, des \u00e9clairages individuels&#8230; Il ne manque peut-\u00eatre que le wifi puisque la ligne est tr\u00e8s mal couverte par les op\u00e9rateurs de t\u00e9l\u00e9phonie mobile.<br \/>\n&nbsp;<br \/>\n<em>Un int\u00e9rieur assez convivial<\/em><br \/>\n<img loading=\"lazy\" decoding=\"async\" class=\" aligncenter size-full wp-image-2855\" src=\"http:\/\/5.45.101.177\/haut-allier\/usagers-transportse\/wp-content\/uploads\/2020\/01\/p_20200127_140755.jpg\" alt=\"p_20200127_140755.jpg\" align=\"center\" width=\"1300\" height=\"941\" srcset=\"https:\/\/usagers-transports.haut-allier.eu\/wp-content\/uploads\/2020\/01\/p_20200127_140755.jpg 1300w, https:\/\/usagers-transports.haut-allier.eu\/wp-content\/uploads\/2020\/01\/p_20200127_140755-300x217.jpg 300w, https:\/\/usagers-transports.haut-allier.eu\/wp-content\/uploads\/2020\/01\/p_20200127_140755-1024x741.jpg 1024w, https:\/\/usagers-transports.haut-allier.eu\/wp-content\/uploads\/2020\/01\/p_20200127_140755-768x556.jpg 768w\" sizes=\"auto, (max-width: 1300px) 100vw, 1300px\" \/><br \/>\n&nbsp;<br \/>\nVoici la vid\u00e9o post\u00e9e sur Twitter par l&rsquo;Association des Usagers SNCF du Gard et des d\u00e9partements limitrophes et sa sympathique pr\u00e9sidente Anne-Marie Skora :<br \/>\n&nbsp;<br \/>\n<a href=\"http:\/\/5.45.101.177\/haut-allier\/usagers-transportse\/wp-content\/uploads\/2020\/01\/tweet-visite-nouveau-train-cevenol-par-usagers-sncf-gard.mp4\">tweet-visite-nouveau-train-cevenol-par-usagers-sncf-gard.mp4<\/a><br \/>\n&nbsp;<br \/>\n<em>Une v\u00e9ritable d\u00e9claration d&rsquo;amour de la r\u00e9gion \u00e0 une de ses plus belles lignes<\/em><br \/>\n<img loading=\"lazy\" decoding=\"async\" class=\" aligncenter size-full wp-image-2857\" src=\"http:\/\/5.45.101.177\/haut-allier\/usagers-transportse\/wp-content\/uploads\/2020\/01\/p_20200127_134456.jpg\" alt=\"p_20200127_134456.jpg\" align=\"center\" width=\"1300\" height=\"1019\" srcset=\"https:\/\/usagers-transports.haut-allier.eu\/wp-content\/uploads\/2020\/01\/p_20200127_134456.jpg 1300w, https:\/\/usagers-transports.haut-allier.eu\/wp-content\/uploads\/2020\/01\/p_20200127_134456-300x235.jpg 300w, https:\/\/usagers-transports.haut-allier.eu\/wp-content\/uploads\/2020\/01\/p_20200127_134456-1024x803.jpg 1024w, https:\/\/usagers-transports.haut-allier.eu\/wp-content\/uploads\/2020\/01\/p_20200127_134456-768x602.jpg 768w\" sizes=\"auto, (max-width: 1300px) 100vw, 1300px\" \/><br \/>\n&nbsp;<br \/>\n<strong>Bonus : le train C\u00e9venol retournera \u00e0 Marseille !<\/strong><br \/>\n&nbsp;<br \/>\nC&rsquo;est l&rsquo;annonce exclusive que nous a fait Jean-Luc Gibelin le vice-pr\u00e9sident charg\u00e9 des transports. Il dit y travailler activement avec ses coll\u00e8gues de PACA \/ R\u00e9gion Sud et d&rsquo;ailleurs <strong>une premi\u00e8re rame atteindra Marseille Saint-Charles le dimanche 26 avril<\/strong> \u00e0 l&rsquo;occasion de la journ\u00e9e de lancement sur la Canebi\u00e8re des festivit\u00e9s autour des <a href=\"http:\/\/150anstraincevenol.info\"><strong>150 ans de ligne<\/strong><\/a>.<br \/>\n&nbsp;<br \/>\n<a href=\"http:\/\/5.45.101.177\/haut-allier\/usagers-transportse\/wp-content\/uploads\/2020\/01\/jean-luc-gibelin-lancement-nouvellle-rame-coradia-nimes-27janv2020.mp4\">jean-luc-gibelin-lancement-nouvellle-rame-coradia-nimes-27janv2020.mp4<\/a><br \/>\n&nbsp;<br \/>\n<strong>Le passage \u00e0 Al\u00e8s<\/strong><br \/>\n&nbsp;<br \/>\nPubli\u00e9 par nos soins sur Twitter.<br \/>\n&nbsp;<br \/>\n<a href=\"http:\/\/5.45.101.177\/haut-allier\/usagers-transportse\/wp-content\/uploads\/2020\/01\/twitter_20200127_145427.mp4\">twitter_20200127_145427.mp4<\/a><br \/>\n&nbsp;<br \/>\n<strong>Le passage \u00e0 G\u00e9nolhac<\/strong><br \/>\n&nbsp;<br \/>\nLe reportage de France 3 Occitanie Languedoc du 27\/01<br \/>\n&nbsp;<br \/>\n<a href=\"http:\/\/5.45.101.177\/haut-allier\/usagers-transportse\/wp-content\/uploads\/2020\/01\/france3lr-jt-12h-28janv2020-nouveau-train-cevenol.mp4\">france3lr-jt-12h-28janv2020-nouveau-train-cevenol.mp4<\/a><br \/>\n&nbsp;<br \/>\n<strong>Le passage \u00e0 Langogne<\/strong><br \/>\n&nbsp;<br \/>\nPubli\u00e9 sur Twitter par l&rsquo;Office de tourisme de Langogne<br \/>\n&nbsp;<br \/>\n<img loading=\"lazy\" decoding=\"async\" class=\" aligncenter size-full wp-image-2861\" src=\"http:\/\/5.45.101.177\/haut-allier\/usagers-transportse\/wp-content\/uploads\/2020\/01\/eptmltmwkaatthe.jpg\" alt=\"eptmltmwkaatthe.jpg\" align=\"center\" width=\"1300\" height=\"880\" srcset=\"https:\/\/usagers-transports.haut-allier.eu\/wp-content\/uploads\/2020\/01\/eptmltmwkaatthe.jpg 1300w, https:\/\/usagers-transports.haut-allier.eu\/wp-content\/uploads\/2020\/01\/eptmltmwkaatthe-300x203.jpg 300w, https:\/\/usagers-transports.haut-allier.eu\/wp-content\/uploads\/2020\/01\/eptmltmwkaatthe-1024x693.jpg 1024w, https:\/\/usagers-transports.haut-allier.eu\/wp-content\/uploads\/2020\/01\/eptmltmwkaatthe-768x520.jpg 768w\" sizes=\"auto, (max-width: 1300px) 100vw, 1300px\" \/><br \/>\n&nbsp;<br \/>\n<strong>Le passage \u00e0 Monistrol d&rsquo;Allier<\/strong><br \/>\n&nbsp;<br \/>\nPubli\u00e9 sur Tweeter par Florian Vicard<br \/>\n&nbsp;<br \/>\n<img loading=\"lazy\" decoding=\"async\" class=\" aligncenter size-full wp-image-2862\" src=\"http:\/\/5.45.101.177\/haut-allier\/usagers-transportse\/wp-content\/uploads\/2020\/01\/firefox_screenshot_2020-01-28t17-10-10.355z.png\" alt=\"firefox_screenshot_2020-01-28t17-10-10.355z.png\" align=\"center\" width=\"511\" height=\"283\" srcset=\"https:\/\/usagers-transports.haut-allier.eu\/wp-content\/uploads\/2020\/01\/firefox_screenshot_2020-01-28t17-10-10.355z.png 511w, https:\/\/usagers-transports.haut-allier.eu\/wp-content\/uploads\/2020\/01\/firefox_screenshot_2020-01-28t17-10-10.355z-300x166.png 300w\" sizes=\"auto, (max-width: 511px) 100vw, 511px\" \/><br \/>\n&nbsp;<br \/>\n<strong>Le passage \u00e0 Brioude \u00e0 la nuit tombante<\/strong><br \/>\n&nbsp;<br \/>\nPubli\u00e9 par JC Roche<br \/>\n&nbsp;<br \/>\n<img loading=\"lazy\" decoding=\"async\" class=\" aligncenter size-full wp-image-2863\" src=\"http:\/\/5.45.101.177\/haut-allier\/usagers-transportse\/wp-content\/uploads\/2020\/01\/dsc02877.jpg\" alt=\"dsc02877.jpg\" align=\"center\" width=\"640\" height=\"360\" srcset=\"https:\/\/usagers-transports.haut-allier.eu\/wp-content\/uploads\/2020\/01\/dsc02877.jpg 640w, https:\/\/usagers-transports.haut-allier.eu\/wp-content\/uploads\/2020\/01\/dsc02877-300x169.jpg 300w\" sizes=\"auto, (max-width: 640px) 100vw, 640px\" \/><br \/>\n<img loading=\"lazy\" decoding=\"async\" class=\" aligncenter size-full wp-image-2864\" src=\"http:\/\/5.45.101.177\/haut-allier\/usagers-transportse\/wp-content\/uploads\/2020\/01\/dsc02882.jpg\" alt=\"dsc02882.jpg\" align=\"center\" width=\"640\" height=\"360\" srcset=\"https:\/\/usagers-transports.haut-allier.eu\/wp-content\/uploads\/2020\/01\/dsc02882.jpg 640w, https:\/\/usagers-transports.haut-allier.eu\/wp-content\/uploads\/2020\/01\/dsc02882-300x169.jpg 300w\" sizes=\"auto, (max-width: 640px) 100vw, 640px\" \/><br \/>\n&nbsp;<br \/>\nFin d&rsquo;une bonne journ\u00e9e.<br \/>\nRendez-vous \u00e0 Marseille le 26 avril et cet \u00e9t\u00e9 pour les 150 ans !<br \/>\n&nbsp;<br \/>\n<strong>[MAJ du 06 f\u00e9vrier]<\/strong><br \/>\n&nbsp;<br \/>\nEt on ajoute une photo de Jean-Louis Maurin :<br \/>\n&nbsp;<br \/>\n<strong>Le passage \u00e0 Pr\u00e9vench\u00e8res<\/strong><br \/>\n&nbsp;<br \/>\n<img loading=\"lazy\" decoding=\"async\" class=\" aligncenter size-full wp-image-2865\" src=\"http:\/\/5.45.101.177\/haut-allier\/usagers-transportse\/wp-content\/uploads\/2020\/01\/garedeprevencheres-jl-maurin-fev-2020.jpg\" alt=\"garedeprevencheres-jl-maurin-fev-2020.jpg\" align=\"center\" width=\"1181\" height=\"808\" srcset=\"https:\/\/usagers-transports.haut-allier.eu\/wp-content\/uploads\/2020\/01\/garedeprevencheres-jl-maurin-fev-2020.jpg 1181w, https:\/\/usagers-transports.haut-allier.eu\/wp-content\/uploads\/2020\/01\/garedeprevencheres-jl-maurin-fev-2020-300x205.jpg 300w, https:\/\/usagers-transports.haut-allier.eu\/wp-content\/uploads\/2020\/01\/garedeprevencheres-jl-maurin-fev-2020-1024x701.jpg 1024w, https:\/\/usagers-transports.haut-allier.eu\/wp-content\/uploads\/2020\/01\/garedeprevencheres-jl-maurin-fev-2020-768x525.jpg 768w\" sizes=\"auto, (max-width: 1181px) 100vw, 1181px\" \/><br \/>\n&nbsp;<\/p>\n","protected":false},"excerpt":{"rendered":"<p>Les nouvelles rames \u00ab\u00a0neutres\u00a0\u00bb, toutes grises, avaient commenc\u00e9 \u00e0 circuler d\u00e8s le lundi 18 janvier au soir dans<\/p>\n","protected":false},"author":1,"featured_media":2849,"comment_status":"open","ping_status":"open","sticky":false,"template":"","format":"standard","meta":{"footnotes":""},"categories":[2],"tags":[],"class_list":["post-654","post","type-post","status-publish","format-standard","has-post-thumbnail","hentry","category-infos"],"_links":{"self":[{"href":"https:\/\/usagers-transports.haut-allier.eu\/index.php\/wp-json\/wp\/v2\/posts\/654","targetHints":{"allow":["GET"]}}],"collection":[{"href":"https:\/\/usagers-transports.haut-allier.eu\/index.php\/wp-json\/wp\/v2\/posts"}],"about":[{"href":"https:\/\/usagers-transports.haut-allier.eu\/index.php\/wp-json\/wp\/v2\/types\/post"}],"author":[{"embeddable":true,"href":"https:\/\/usagers-transports.haut-allier.eu\/index.php\/wp-json\/wp\/v2\/users\/1"}],"replies":[{"embeddable":true,"href":"https:\/\/usagers-transports.haut-allier.eu\/index.php\/wp-json\/wp\/v2\/comments?post=654"}],"version-history":[{"count":0,"href":"https:\/\/usagers-transports.haut-allier.eu\/index.php\/wp-json\/wp\/v2\/posts\/654\/revisions"}],"wp:featuredmedia":[{"embeddable":true,"href":"https:\/\/usagers-transports.haut-allier.eu\/index.php\/wp-json\/wp\/v2\/media\/2849"}],"wp:attachment":[{"href":"https:\/\/usagers-transports.haut-allier.eu\/index.php\/wp-json\/wp\/v2\/media?parent=654"}],"wp:term":[{"taxonomy":"category","embeddable":true,"href":"https:\/\/usagers-transports.haut-allier.eu\/index.php\/wp-json\/wp\/v2\/categories?post=654"},{"taxonomy":"post_tag","embeddable":true,"href":"https:\/\/usagers-transports.haut-allier.eu\/index.php\/wp-json\/wp\/v2\/tags?post=654"}],"curies":[{"name":"wp","href":"https:\/\/api.w.org\/{rel}","templated":true}]}}