{"id":656,"date":"2020-02-24T08:18:54","date_gmt":"2020-02-24T07:18:54","guid":{"rendered":"http:\/\/5.45.101.177\/haut-allier\/usagers-transportse\/index.php\/2020\/02\/24\/formidable-un-plan-du-gouvernement656\/"},"modified":"2026-09-01T15:56:04","modified_gmt":"2026-09-01T13:56:04","slug":"formidable-un-plan-du-gouvernement656","status":"publish","type":"post","link":"https:\/\/usagers-transports.haut-allier.eu\/index.php\/2020\/02\/24\/formidable-un-plan-du-gouvernement656\/","title":{"rendered":"Formidable : un plan du gouvernement pour sauver les petites lignes"},"content":{"rendered":"Nous nous \u00e9tonnions sur Twitter vendredi dernier de l&rsquo;apparition enfin du rapport de l&rsquo;ex-pr\u00e9fet Philizot sur les \u00ab\u00a0petites lignes\u00a0\u00bb apr\u00e8s un silence de plusieurs mois du gouvernement. On n&rsquo;est pas d\u00e9\u00e7u ! Un rapport qui a mis des mois de r\u00e9daction et d&rsquo;enqu\u00eates sur le terrain et r\u00e9sultat : 9 pages de conseils sans chiffres.\n&nbsp;\n<img loading=\"lazy\" decoding=\"async\" class=\" aligncenter size-full wp-image-2870\" src=\"http:\/\/5.45.101.177\/haut-allier\/usagers-transportse\/wp-content\/uploads\/2020\/02\/firefox_screenshot_2020-02-24t06-28-41.399z.png\" alt=\"firefox_screenshot_2020-02-24t06-28-41.399z.png\" align=\"center\" width=\"247\" height=\"366\" srcset=\"https:\/\/usagers-transports.haut-allier.eu\/wp-content\/uploads\/2020\/02\/firefox_screenshot_2020-02-24t06-28-41.399z.png 247w, https:\/\/usagers-transports.haut-allier.eu\/wp-content\/uploads\/2020\/02\/firefox_screenshot_2020-02-24t06-28-41.399z-202x300.png 202w\" sizes=\"auto, (max-width: 247px) 100vw, 247px\" \/>\n&nbsp;\nDans ce rapport, disponible sur <a href=\"https:\/\/www.ecologique-solidaire.gouv.fr\/sites\/default\/files\/20200220_JBD_DP_Petites_lignes_vf.pdf\"><strong>le site du minist\u00e8re de l&rsquo;\u00e9cologie solidaire et des transports<\/strong><\/a>, comme nous le disions vendredi on y apprend que la possibilit\u00e9 pour les plus abandonn\u00e9es par la SNCF de refaire surface sera une transformation de la voie ferr\u00e9e en voie bitum\u00e9e pour la circulation de v\u00e9hicules l\u00e9gers, comprenez des bus.\n&nbsp;\nPour la presse nationale, \u00e7a y est les petites lignes sont sauv\u00e9es, t\u00e9moin l&rsquo;article de ce jour dans les Echos :<a href=\"https:\/\/www.lesechos.fr\/industrie-services\/tourisme-transport\/le-gouvernement-veut-donner-un-avenir-aux-petites-lignes-de-train-1173821#xtor=CS1-3046\"> <em>Le gouvernement veut \u00ab donner un avenir \u00bb aux petites lignes de train<\/em><\/a>\n&nbsp;\nOu celui de la <a href=\"https:\/\/www.banquedesterritoires.fr\/petites-lignes-ferroviaires-le-rapport-philizot-publie-les-premiers-plans-dactions-regionaux-signes\"><em>Banque des Territoires<\/em><\/a>.\n&nbsp;\nLe gouvernement comme ses pr\u00e9d\u00e9cesseurs souhaite aussi le d\u00e9veloppement de trains \u00ab\u00a0l\u00e9gers\u00a0\u00bb de la part des constructeurs. Ceux-ci pour le moment ne r\u00e9pondent pas \u00e0 cette demande puisque un train \u00ab\u00a0l\u00e9ger\u00a0\u00bb c&rsquo;est un bus sans pneus, un d\u00e9riv\u00e9 du tramway de ville qui ne peut atteindre des vitesses \u00e9lev\u00e9es. A chaque \u00ab crise \u00bb sur la consistance du r\u00e9seau et le maillage des territoires la question du train l\u00e9ger revient. Les exp\u00e9riences diverses ne sont pas toutes convaincantes, au Canada par exemple.    \nOn lira \u00e0 ce sujet l&rsquo;excellent article de Transportrail : <a href=\"http:\/\/transportrail.canalblog.com\/pages\/des-trains-plus-legers-pour-les-petites-lignes----1-\/37521563.html\"><em>Des trains plus l\u00e9gers pour les petites lignes ?<\/em><\/a>.\n&nbsp;\nEt donc quelles \u00ab\u00a0petites\u00a0\u00bb lignes vont b\u00e9n\u00e9ficier de la transformation miraculeuse rail \/ bitume ? Et bien celles qu&rsquo;a abandonn\u00e9 la SNCF, d\u00e9laissement qui a fait des centaines de milliers de voyageurs se d\u00e9tourner du train et reprendre les voitures.\n&nbsp;\n<em>Alors que les \u00ab\u00a0petites lignes\u00a0\u00bb ne demandent qu&rsquo;\u00e0 vivre comme ici gare de Langeac<\/em><img loading=\"lazy\" decoding=\"async\" class=\" aligncenter size-full wp-image-2871\" src=\"http:\/\/5.45.101.177\/haut-allier\/usagers-transportse\/wp-content\/uploads\/2020\/02\/keskece-4-02-2019.jpg\" alt=\"keskece-4-02-2019.jpg\" align=\"center\" width=\"1600\" height=\"900\" srcset=\"https:\/\/usagers-transports.haut-allier.eu\/wp-content\/uploads\/2020\/02\/keskece-4-02-2019.jpg 1600w, https:\/\/usagers-transports.haut-allier.eu\/wp-content\/uploads\/2020\/02\/keskece-4-02-2019-300x169.jpg 300w, https:\/\/usagers-transports.haut-allier.eu\/wp-content\/uploads\/2020\/02\/keskece-4-02-2019-1024x576.jpg 1024w, https:\/\/usagers-transports.haut-allier.eu\/wp-content\/uploads\/2020\/02\/keskece-4-02-2019-768x432.jpg 768w, https:\/\/usagers-transports.haut-allier.eu\/wp-content\/uploads\/2020\/02\/keskece-4-02-2019-1536x864.jpg 1536w\" sizes=\"auto, (max-width: 1600px) 100vw, 1600px\" \/>\n&nbsp;\nOn pourra conclure donc par cette r\u00e9flexion d&rsquo;un twittos :\n&nbsp;\n<img loading=\"lazy\" decoding=\"async\" class=\" aligncenter size-full wp-image-2872\" src=\"http:\/\/5.45.101.177\/haut-allier\/usagers-transportse\/wp-content\/uploads\/2020\/02\/firefox_screenshot_2020-02-24t06-39-48.630z.png\" alt=\"firefox_screenshot_2020-02-24t06-39-48.630z.png\" align=\"center\" width=\"254\" height=\"237\" \/>\n&nbsp;\n <p>&nbsp;<\/p>\n\n\t<figure class=\"wp-block-gallery columns-1 is-cropped wp-block-gallery-1 is-layout-flex wp-block-gallery-is-layout-flex\">\n\t\t<ul class=\"blocks-gallery-grid\">\n\t\t\t<li class=\"blocks-gallery-item\">\n\t\t\t\t<figure>\n\t\t\t\t\t\t\t\t\t\t\t<img loading=\"lazy\" decoding=\"async\" width=\"915\" height=\"721\" src=\"http:\/\/5.45.101.177\/haut-allier\/usagers-transportse\/wp-content\/uploads\/2020\/02\/article-2020-02-24-07-00-031686.png\"\n\t\t\t\t\t\t alt=\"article-2020-02-24-07-00-031686.png\"\n\t\t\t\t\t\t data-id=\"2873\"\n\t\t\t\t\t\t data-full-url=\"http:\/\/5.45.101.177\/haut-allier\/usagers-transportse\/wp-content\/uploads\/2020\/02\/article-2020-02-24-07-00-031686.png\"\n\t\t\t\t\t\t data-link=\"http:\/\/5.45.101.177\/haut-allier\/usagers-transportse\/attachment-article-2020-02-24-07-00-031686-png\/\"\n\t\t\t\t\t\t class=\"wp-image-2873\" srcset=\"https:\/\/usagers-transports.haut-allier.eu\/wp-content\/uploads\/2020\/02\/article-2020-02-24-07-00-031686.png 915w, https:\/\/usagers-transports.haut-allier.eu\/wp-content\/uploads\/2020\/02\/article-2020-02-24-07-00-031686-300x236.png 300w, https:\/\/usagers-transports.haut-allier.eu\/wp-content\/uploads\/2020\/02\/article-2020-02-24-07-00-031686-768x605.png 768w\" sizes=\"auto, (max-width: 915px) 100vw, 915px\" \/>\n\t\t\t\t<\/figure>\n\t\t\t<\/li>\n\t\t<\/ul>\n\t<\/figure>\n","protected":false},"excerpt":{"rendered":"<p>Nous nous \u00e9tonnions sur Twitter vendredi dernier de l&rsquo;apparition enfin du rapport de l&rsquo;ex-pr\u00e9fet Philizot sur les \u00ab\u00a0petites<\/p>\n","protected":false},"author":1,"featured_media":2869,"comment_status":"open","ping_status":"open","sticky":false,"template":"","format":"standard","meta":{"footnotes":""},"categories":[2],"tags":[],"class_list":["post-656","post","type-post","status-publish","format-standard","has-post-thumbnail","hentry","category-infos"],"_links":{"self":[{"href":"https:\/\/usagers-transports.haut-allier.eu\/index.php\/wp-json\/wp\/v2\/posts\/656","targetHints":{"allow":["GET"]}}],"collection":[{"href":"https:\/\/usagers-transports.haut-allier.eu\/index.php\/wp-json\/wp\/v2\/posts"}],"about":[{"href":"https:\/\/usagers-transports.haut-allier.eu\/index.php\/wp-json\/wp\/v2\/types\/post"}],"author":[{"embeddable":true,"href":"https:\/\/usagers-transports.haut-allier.eu\/index.php\/wp-json\/wp\/v2\/users\/1"}],"replies":[{"embeddable":true,"href":"https:\/\/usagers-transports.haut-allier.eu\/index.php\/wp-json\/wp\/v2\/comments?post=656"}],"version-history":[{"count":1,"href":"https:\/\/usagers-transports.haut-allier.eu\/index.php\/wp-json\/wp\/v2\/posts\/656\/revisions"}],"predecessor-version":[{"id":2874,"href":"https:\/\/usagers-transports.haut-allier.eu\/index.php\/wp-json\/wp\/v2\/posts\/656\/revisions\/2874"}],"wp:featuredmedia":[{"embeddable":true,"href":"https:\/\/usagers-transports.haut-allier.eu\/index.php\/wp-json\/wp\/v2\/media\/2869"}],"wp:attachment":[{"href":"https:\/\/usagers-transports.haut-allier.eu\/index.php\/wp-json\/wp\/v2\/media?parent=656"}],"wp:term":[{"taxonomy":"category","embeddable":true,"href":"https:\/\/usagers-transports.haut-allier.eu\/index.php\/wp-json\/wp\/v2\/categories?post=656"},{"taxonomy":"post_tag","embeddable":true,"href":"https:\/\/usagers-transports.haut-allier.eu\/index.php\/wp-json\/wp\/v2\/tags?post=656"}],"curies":[{"name":"wp","href":"https:\/\/api.w.org\/{rel}","templated":true}]}}