{"id":657,"date":"2020-02-24T10:50:50","date_gmt":"2020-02-24T09:50:50","guid":{"rendered":"http:\/\/5.45.101.177\/haut-allier\/usagers-transportse\/index.php\/2020\/02\/24\/occitanie-il-reste-un-mercredi657\/"},"modified":"2020-02-24T10:50:50","modified_gmt":"2020-02-24T09:50:50","slug":"occitanie-il-reste-un-mercredi657","status":"publish","type":"post","link":"https:\/\/usagers-transports.haut-allier.eu\/index.php\/2020\/02\/24\/occitanie-il-reste-un-mercredi657\/","title":{"rendered":"Occitanie : il reste un mercredi pour voyager \u00e0 1 euro dans toute la r\u00e9gion"},"content":{"rendered":"<p>L&rsquo;organisation des transports r\u00e9gionaux de l&rsquo;Occitanie LIO a mis en vente ce mois de f\u00e9vrier des billets \u00e0 un euro pour voyager de tout point de la r\u00e9gion \u00e0 un autre. C&rsquo;est vrai on ne vous avait pas averti.<br \/>\n&nbsp;<br \/>\n<strong>Une offre exceptionnelle qui se termine ce mercredi prochain 26 f\u00e9vrier. <\/strong><br \/>\n&nbsp;<br \/>\n<img loading=\"lazy\" decoding=\"async\" class=\" aligncenter size-full wp-image-2876\" src=\"http:\/\/5.45.101.177\/haut-allier\/usagers-transportse\/wp-content\/uploads\/2020\/02\/firefox_screenshot_2020-02-24t09-29-54.181z.png\" alt=\"firefox_screenshot_2020-02-24t09-29-54.181z.png\" align=\"center\" width=\"619\" height=\"366\" srcset=\"https:\/\/usagers-transports.haut-allier.eu\/wp-content\/uploads\/2020\/02\/firefox_screenshot_2020-02-24t09-29-54.181z.png 619w, https:\/\/usagers-transports.haut-allier.eu\/wp-content\/uploads\/2020\/02\/firefox_screenshot_2020-02-24t09-29-54.181z-300x177.png 300w\" sizes=\"auto, (max-width: 619px) 100vw, 619px\" \/><br \/>\n&nbsp;<br \/>\nL&rsquo;achat des billets se passe sur cette <a href=\"https:\/\/www.ter.sncf.com\/occitanie\/offres\/offres-speciales\/mercredi-un-euro#ancre\"><strong>page du site Lio TER Occitanie<\/strong><\/a>.<br \/>\n&nbsp;<br \/>\nChoisissons par exemple un voyage Chapeauroux Cerb\u00e8re&#8230; 1 euro.<br \/>\n&nbsp;<br \/>\n<img loading=\"lazy\" decoding=\"async\" class=\" aligncenter size-full wp-image-2877\" src=\"http:\/\/5.45.101.177\/haut-allier\/usagers-transportse\/wp-content\/uploads\/2020\/02\/firefox_screenshot_2020-02-24t09-27-25.946z.png\" alt=\"firefox_screenshot_2020-02-24t09-27-25.946z.png\" align=\"center\" width=\"761\" height=\"380\" srcset=\"https:\/\/usagers-transports.haut-allier.eu\/wp-content\/uploads\/2020\/02\/firefox_screenshot_2020-02-24t09-27-25.946z.png 761w, https:\/\/usagers-transports.haut-allier.eu\/wp-content\/uploads\/2020\/02\/firefox_screenshot_2020-02-24t09-27-25.946z-300x150.png 300w\" sizes=\"auto, (max-width: 761px) 100vw, 761px\" \/><br \/>\n&nbsp;<br \/>\nOu un voyage Saint-Ch\u00e9ly d&rsquo;Apcher Tarbes&#8230; c&rsquo;est encore un euro.<br \/>\n&nbsp;<br \/>\n<img loading=\"lazy\" decoding=\"async\" class=\" aligncenter size-full wp-image-2878\" src=\"http:\/\/5.45.101.177\/haut-allier\/usagers-transportse\/wp-content\/uploads\/2020\/02\/firefox_screenshot_2020-02-24t09-29-19.298z.png\" alt=\"firefox_screenshot_2020-02-24t09-29-19.298z.png\" align=\"center\" width=\"750\" height=\"389\" srcset=\"https:\/\/usagers-transports.haut-allier.eu\/wp-content\/uploads\/2020\/02\/firefox_screenshot_2020-02-24t09-29-19.298z.png 750w, https:\/\/usagers-transports.haut-allier.eu\/wp-content\/uploads\/2020\/02\/firefox_screenshot_2020-02-24t09-29-19.298z-300x156.png 300w\" sizes=\"auto, (max-width: 750px) 100vw, 750px\" \/><br \/>\n&nbsp;<br \/>\nProfitez bien ! En esp\u00e9rant voir l&rsquo;exp\u00e9rience renouvel\u00e9e.<br \/>\n&nbsp;<br \/>\nLa carte TER LIO de l&rsquo;Occitanie<br \/>\n&nbsp;<br \/>\n<img loading=\"lazy\" decoding=\"async\" class=\" aligncenter size-full wp-image-2879\" src=\"http:\/\/5.45.101.177\/haut-allier\/usagers-transportse\/wp-content\/uploads\/2020\/02\/1557914251-reseaux-ter-occitanie.jpg\" alt=\"1557914251-reseaux-ter-occitanie.jpg\" align=\"center\" width=\"979\" height=\"842\" srcset=\"https:\/\/usagers-transports.haut-allier.eu\/wp-content\/uploads\/2020\/02\/1557914251-reseaux-ter-occitanie.jpg 979w, https:\/\/usagers-transports.haut-allier.eu\/wp-content\/uploads\/2020\/02\/1557914251-reseaux-ter-occitanie-300x258.jpg 300w, https:\/\/usagers-transports.haut-allier.eu\/wp-content\/uploads\/2020\/02\/1557914251-reseaux-ter-occitanie-768x661.jpg 768w\" sizes=\"auto, (max-width: 979px) 100vw, 979px\" \/><br \/>\n&nbsp;<\/p>\n","protected":false},"excerpt":{"rendered":"<p>L&rsquo;organisation des transports r\u00e9gionaux de l&rsquo;Occitanie LIO a mis en vente ce mois de f\u00e9vrier des billets \u00e0<\/p>\n","protected":false},"author":1,"featured_media":2875,"comment_status":"open","ping_status":"open","sticky":false,"template":"","format":"standard","meta":{"footnotes":""},"categories":[2],"tags":[],"class_list":["post-657","post","type-post","status-publish","format-standard","has-post-thumbnail","hentry","category-infos"],"_links":{"self":[{"href":"https:\/\/usagers-transports.haut-allier.eu\/index.php\/wp-json\/wp\/v2\/posts\/657","targetHints":{"allow":["GET"]}}],"collection":[{"href":"https:\/\/usagers-transports.haut-allier.eu\/index.php\/wp-json\/wp\/v2\/posts"}],"about":[{"href":"https:\/\/usagers-transports.haut-allier.eu\/index.php\/wp-json\/wp\/v2\/types\/post"}],"author":[{"embeddable":true,"href":"https:\/\/usagers-transports.haut-allier.eu\/index.php\/wp-json\/wp\/v2\/users\/1"}],"replies":[{"embeddable":true,"href":"https:\/\/usagers-transports.haut-allier.eu\/index.php\/wp-json\/wp\/v2\/comments?post=657"}],"version-history":[{"count":0,"href":"https:\/\/usagers-transports.haut-allier.eu\/index.php\/wp-json\/wp\/v2\/posts\/657\/revisions"}],"wp:featuredmedia":[{"embeddable":true,"href":"https:\/\/usagers-transports.haut-allier.eu\/index.php\/wp-json\/wp\/v2\/media\/2875"}],"wp:attachment":[{"href":"https:\/\/usagers-transports.haut-allier.eu\/index.php\/wp-json\/wp\/v2\/media?parent=657"}],"wp:term":[{"taxonomy":"category","embeddable":true,"href":"https:\/\/usagers-transports.haut-allier.eu\/index.php\/wp-json\/wp\/v2\/categories?post=657"},{"taxonomy":"post_tag","embeddable":true,"href":"https:\/\/usagers-transports.haut-allier.eu\/index.php\/wp-json\/wp\/v2\/tags?post=657"}],"curies":[{"name":"wp","href":"https:\/\/api.w.org\/{rel}","templated":true}]}}