{"id":658,"date":"2020-02-26T14:51:44","date_gmt":"2020-02-26T13:51:44","guid":{"rendered":"http:\/\/5.45.101.177\/haut-allier\/usagers-transportse\/index.php\/2020\/02\/26\/etoiles-ferroviaires-un-rer-nomme658\/"},"modified":"2020-02-26T14:51:44","modified_gmt":"2020-02-26T13:51:44","slug":"etoiles-ferroviaires-un-rer-nomme658","status":"publish","type":"post","link":"https:\/\/usagers-transports.haut-allier.eu\/index.php\/2020\/02\/26\/etoiles-ferroviaires-un-rer-nomme658\/","title":{"rendered":"Etoiles ferroviaires : un RER nomm\u00e9 D\u00e9sir le 29 f\u00e9vrier \u00e0 Toulouse"},"content":{"rendered":"<p>Il importe que, suite aux nouvelles possibilit\u00e9s laiss\u00e9es par la loi LOM et pour r\u00e9pondre aux besoins des populations, les \u00e9toiles ferroviaires existantes se renforcent, et m\u00eame et surtout celles des territoires de montagne ou ruraux ! On pense l\u00e0 \u00e0 Clermont-Ferrand, \u00e0 La Bastide Puylaurent, \u00e0 Marvejols, \u00e0 S\u00e9verac, \u00e0 Saint-Georges d&rsquo;Aurac, \u00e0 Pont de Dore et tant d&rsquo;autres.<br \/>\n&nbsp;<br \/>\nLe d\u00e9veloppement des noeuds ferroviaires ne va pas forc\u00e9ment contre les liaisons structurantes entre les villes. Simplement il faut que les deux flux puissent cohabiter. Et c&rsquo;est possible, de nombreux pays le font sans aucune difficult\u00e9 depuis des d\u00e9cennies, comme en Catalogne par exemple avec les <a href=\"https:\/\/www.renfe.com\/FR\/viajeros\/cercanias\/barcelona\/\"><em>Rodalies de Barcelona<\/em><\/a>, les trains de banlieue.<br \/>\n&nbsp;<br \/>\nEn France les citoyens se sont empar\u00e9s de plusieurs projets de renforcement notamment \u00e0 Toulouse ou dans les Alpes \u00e0 Veynes. La SNCF freine \u00e0 4 pieds comme d&rsquo;habitude, tout ceci ne fait pas partie de ses plans ni de ses objectifs. La soci\u00e9t\u00e9 dite ferroviaire l\u00e0 peut \u00eatre accus\u00e9e de concentralisme vers Paris au simple vu de la carte de son r\u00e9seau. Un centralisme qu&rsquo;elle a tout fait pour renforcer au fil de son monopole : \u00e9limination ou mise en difficult\u00e9 des lignes transversales (Bordeaux Nantes, Nice Bordeaux, Lyon Bordeaux etc.), fermeture de petites lignes irrigantes. En bon petit soldat du concept \u00e9tat-nation-uneseulecapitale, elle a le plus grand mal \u00e0 concevoir l&rsquo;existence m\u00eame d&rsquo;\u00e9toiles ferroviaires attractives en \u00ab\u00a0province\u00a0\u00bb.<br \/>\n&nbsp;<br \/>\nUne telle politique ou absence de&#8230; a clairement favoris\u00e9 comme on pouvait l&rsquo;attendre la d\u00e9sertification des territoires au b\u00e9n\u00e9fice d&rsquo;une seule capitale.<br \/>\n&nbsp;<br \/>\nMais c&rsquo;est sans compter sur les citoyens intelligents qui proposent depuis peu des projets coh\u00e9rents qui ne co\u00fbteront pas grand chose, si ce n&rsquo;est une volont\u00e9 commune des d\u00e9cideurs. Le collectif <a href=\"http:\/\/rallumonsletoile.fr\/\"><strong>Rallumons l&rsquo;Etoile<\/strong><\/a> de Toulouse est de ceux-l\u00e0.<br \/>\n&nbsp;<br \/>\n<img loading=\"lazy\" decoding=\"async\" class=\" aligncenter size-full wp-image-2881\" src=\"http:\/\/5.45.101.177\/haut-allier\/usagers-transportse\/wp-content\/uploads\/2020\/02\/article-population-v11-768x543.jpg\" alt=\"article-population-v11-768x543.jpg\" align=\"center\" width=\"768\" height=\"543\" srcset=\"https:\/\/usagers-transports.haut-allier.eu\/wp-content\/uploads\/2020\/02\/article-population-v11-768x543.jpg 768w, https:\/\/usagers-transports.haut-allier.eu\/wp-content\/uploads\/2020\/02\/article-population-v11-768x543-300x212.jpg 300w\" sizes=\"auto, (max-width: 768px) 100vw, 768px\" \/><br \/>\n&nbsp;<br \/>\nIl a beaucoup de mal \u00e0 trouver \u00e9cho aupr\u00e8s de la SNCF \u00e0 tel point que trop bouscul\u00e9e cette derni\u00e8re a refus\u00e9 l&rsquo;autorisation de circulation d&rsquo;un train demand\u00e9e pour la journ\u00e9e du 29 f\u00e9vrier. Une journ\u00e9e o\u00f9 le collectif veut sensibiliser la population \u00e0 son projet pour le bien de tous : <em>Le RER toulousain, faire d&rsquo;un r\u00eave une r\u00e9alit\u00e9<\/em> comme elle l&rsquo;affiche sur son site.<br \/>\n&nbsp;<br \/>\n\u00ab Rallumons l\u2019Etoile ! \u00bb va utiliser les TER de la SNCF pour son \u00ab RER nomm\u00e9 d\u00e9sir \u00bb puisque la SNCF s\u2019obstine \u00e0 annuler son train sp\u00e9cial. Les horaires sont avanc\u00e9s d\u2019environ une heure et \u00ab Rallumons l\u2019Etoile ! \u00bb ach\u00e8tera des tickets TER pour tous ceux qui auront r\u00e9serv\u00e9 leur place sur son site (3 \u20ac). Ce samedi, ce sera donc bien la \u00ab F\u00eate du RER \u00bb, entre Bazi\u00e8ge et Castelnau-d\u2019Estr\u00e9tefonds.<br \/>\n&nbsp;<br \/>\n<img loading=\"lazy\" decoding=\"async\" class=\" aligncenter size-full wp-image-2882\" src=\"http:\/\/5.45.101.177\/haut-allier\/usagers-transportse\/wp-content\/uploads\/2020\/02\/horaires-plan-b.png\" alt=\"horaires-plan-b.png\" align=\"center\" width=\"656\" height=\"617\" srcset=\"https:\/\/usagers-transports.haut-allier.eu\/wp-content\/uploads\/2020\/02\/horaires-plan-b.png 656w, https:\/\/usagers-transports.haut-allier.eu\/wp-content\/uploads\/2020\/02\/horaires-plan-b-300x282.png 300w\" sizes=\"auto, (max-width: 656px) 100vw, 656px\" \/><br \/>\n&nbsp;<br \/>\nDes activistes toulousains obstin\u00e9s comme on les aime.<br \/>\n&nbsp;<br \/>\n<a href=\"https:\/\/rallumonsletoile.fr\/wp-content\/uploads\/2020\/02\/200226-Communiqu%C3%A9-V2.pdf\"><strong> <em>Leur dernier communiqu\u00e9 de presse.<\/em> <\/strong><\/a><br \/>\n&nbsp;<br \/>\n<img loading=\"lazy\" decoding=\"async\" class=\" aligncenter size-full wp-image-2883\" src=\"http:\/\/5.45.101.177\/haut-allier\/usagers-transportse\/wp-content\/uploads\/2020\/02\/ec9525dc-569c-4161-9cda-162c3c21e064.png\" alt=\"ec9525dc-569c-4161-9cda-162c3c21e064.png\" align=\"center\" width=\"600\" height=\"425\" srcset=\"https:\/\/usagers-transports.haut-allier.eu\/wp-content\/uploads\/2020\/02\/ec9525dc-569c-4161-9cda-162c3c21e064.png 600w, https:\/\/usagers-transports.haut-allier.eu\/wp-content\/uploads\/2020\/02\/ec9525dc-569c-4161-9cda-162c3c21e064-300x213.png 300w\" sizes=\"auto, (max-width: 600px) 100vw, 600px\" \/><\/p>\n","protected":false},"excerpt":{"rendered":"<p>Il importe que, suite aux nouvelles possibilit\u00e9s laiss\u00e9es par la loi LOM et pour r\u00e9pondre aux besoins des<\/p>\n","protected":false},"author":1,"featured_media":2880,"comment_status":"open","ping_status":"open","sticky":false,"template":"","format":"standard","meta":{"footnotes":""},"categories":[2],"tags":[],"class_list":["post-658","post","type-post","status-publish","format-standard","has-post-thumbnail","hentry","category-infos"],"_links":{"self":[{"href":"https:\/\/usagers-transports.haut-allier.eu\/index.php\/wp-json\/wp\/v2\/posts\/658","targetHints":{"allow":["GET"]}}],"collection":[{"href":"https:\/\/usagers-transports.haut-allier.eu\/index.php\/wp-json\/wp\/v2\/posts"}],"about":[{"href":"https:\/\/usagers-transports.haut-allier.eu\/index.php\/wp-json\/wp\/v2\/types\/post"}],"author":[{"embeddable":true,"href":"https:\/\/usagers-transports.haut-allier.eu\/index.php\/wp-json\/wp\/v2\/users\/1"}],"replies":[{"embeddable":true,"href":"https:\/\/usagers-transports.haut-allier.eu\/index.php\/wp-json\/wp\/v2\/comments?post=658"}],"version-history":[{"count":0,"href":"https:\/\/usagers-transports.haut-allier.eu\/index.php\/wp-json\/wp\/v2\/posts\/658\/revisions"}],"wp:featuredmedia":[{"embeddable":true,"href":"https:\/\/usagers-transports.haut-allier.eu\/index.php\/wp-json\/wp\/v2\/media\/2880"}],"wp:attachment":[{"href":"https:\/\/usagers-transports.haut-allier.eu\/index.php\/wp-json\/wp\/v2\/media?parent=658"}],"wp:term":[{"taxonomy":"category","embeddable":true,"href":"https:\/\/usagers-transports.haut-allier.eu\/index.php\/wp-json\/wp\/v2\/categories?post=658"},{"taxonomy":"post_tag","embeddable":true,"href":"https:\/\/usagers-transports.haut-allier.eu\/index.php\/wp-json\/wp\/v2\/tags?post=658"}],"curies":[{"name":"wp","href":"https:\/\/api.w.org\/{rel}","templated":true}]}}