{"id":659,"date":"2020-02-28T11:17:34","date_gmt":"2020-02-28T10:17:34","guid":{"rendered":"http:\/\/5.45.101.177\/haut-allier\/usagers-transportse\/index.php\/2020\/02\/28\/occitanie-en-mars-tous-les-trajets659\/"},"modified":"2020-02-28T11:17:34","modified_gmt":"2020-02-28T10:17:34","slug":"occitanie-en-mars-tous-les-trajets659","status":"publish","type":"post","link":"https:\/\/usagers-transports.haut-allier.eu\/index.php\/2020\/02\/28\/occitanie-en-mars-tous-les-trajets659\/","title":{"rendered":"Occitanie : en mars tous les trajets des samedis et dimanches \u00e0 un euro [MAJ]"},"content":{"rendered":"<p>Jean-Luc Gibelin vient d&rsquo;annoncer ce matin une des mesures destin\u00e9es \u00e0 \u00ab\u00a0reconqu\u00e9rir\u00a0\u00bb les voyageurs perdus lors des longues gr\u00e8ves de d\u00e9cembre et janvier en collaboration avec la SNCF : tous les trajets de train effectu\u00e9s en mars dans la r\u00e9gion Occitanie et uniquement co\u00fbteront un euro les samedis et les dimanches.<br \/>\n&nbsp;<br \/>\nDe quoi effectivement inciter \u00e0 utiliser le ferroviaire.<br \/>\n&nbsp;<br \/>\n<strong>Voici le script de ses annonces sur France Bleu Occitanie Toulouse ce matin :<\/strong><br \/>\n&nbsp;<br \/>\nJeanne-Marie Marco :<br \/>\nJean-Luc Gibelin vice-pr\u00e9sident \u00e0 la r\u00e9gion en charge des transports, ce qui nous int\u00e9resse \u00e9galement beaucoup ce sont les prix. qu\u2019est-ce que vous annoncez pour ces tarifs pour les voyageurs\u00a0?<br \/>\n&nbsp;<br \/>\nJLG<br \/>\n<em>\u00ab\u00a0Il y a eu une annonce nationale d\u2019une mensualit\u00e9 rembours\u00e9e dans la cadre de ce qu\u2019ils ont appel\u00e9 le d\u00e9dommagement des gr\u00e8ves, c\u2019est une mesure nationale SNCF. La r\u00e9gion Occitanie a maintenu le principe de la prime de fid\u00e9lit\u00e9 que nous avions mis en place en 2019, nous la renouvelons en 2020, que nous finan\u00e7ons \u00e0 partir des p\u00e9nalit\u00e9s appliqu\u00e9es \u00e0 la SNCF. Donc pour les abonn\u00e9s annuels \u00e7a veut dire qu\u2019il y aura eu deux mensualit\u00e9s de rembours\u00e9es, pour un abonnement annuel une possibilit\u00e9 de circuler pendant douze mois. D\u00e9j\u00e0 le prix de d\u00e9part c\u2019est dix mensualit\u00e9s, avec les deux de moins \u00e7a arrive \u00e0 8 mensualit\u00e9s&#8230;\u00a0\u00bb <\/em><br \/>\n&nbsp;<br \/>\nCa ce sont pour les remboursements. Pour les prix&#8230; les prix des trains&#8230; Si on prend un train aujourd\u2019hui est-ce qu\u2019il est moins cher qu\u2019il ne l\u2019\u00e9tait avant-hier\u00a0?<br \/>\n&nbsp;<br \/>\n<em>\u00ab\u00a0Alors le prix du train dans le cadre d\u2019un abonnement il est de fait moins cher puisqu\u2019il y a ces tarifs. Si vous \u00e9tiez un abonn\u00e9 mensuel et que vous d\u00e9cid\u00e9 de passer abonn\u00e9 annuel vous aurez une mensualit\u00e9 aussi de propos\u00e9e. Il y a les petits prix puisque les 1 euro ont \u00e9t\u00e9 aussi tr\u00e8s utilis\u00e9s et que la SNCF a d\u00e9cid\u00e9, pendant le mois de f\u00e9vrier elle a accord\u00e9 les mercredis \u00e0 un euro, pendant le mois de mars ce seront les week-end, les samedis et les dimanches, o\u00f9 sur l\u2019ensemble du r\u00e9seau tous les trains seront \u00e0 un euro. Ce sont aussi les petits tarifs les 3 \u00e0 10 euros, ce sont aussi pour les scolaires la mise en place \u00e0 partir du 16 mars de tous les voyages scolaires, voyages \u00e9tudes, sorties scolaires, qui seront \u00e0 un euro par enfant, ce qui va \u00eatre \u00e9videmment un prix d\u00e9fiant toute concurrence.\u00a0Ca va permettre d\u2019aider \u00e0 ce que les enfants utilisent le train.\u00a0\u00bb<\/em><br \/>\n&nbsp;<br \/>\nL&rsquo;interview enti\u00e8re en audio :<br \/>\n&nbsp;<br \/>\n<a href=\"http:\/\/5.45.101.177\/haut-allier\/usagers-transportse\/wp-content\/uploads\/2020\/02\/usagers-transports-haut-allier-eu-fbt-2020-02-28-08h20.mp3\">usagers-transports-haut-allier-eu-fbt-2020-02-28-08h20.mp3<\/a><br \/>\n&nbsp;<br \/>\nA cet instant, vendredi matin 28 f\u00e9vrier SNCF TER LIO n&rsquo;avait pas encore annonc\u00e9 la mesure.<br \/>\n&nbsp;<br \/>\n<img loading=\"lazy\" decoding=\"async\" class=\" aligncenter size-full wp-image-2886\" src=\"http:\/\/5.45.101.177\/haut-allier\/usagers-transportse\/wp-content\/uploads\/2020\/02\/occitanie-uneuroleswe.jpg\" alt=\"occitanie-uneuroleswe.jpg\" align=\"center\" width=\"700\" height=\"488\" srcset=\"https:\/\/usagers-transports.haut-allier.eu\/wp-content\/uploads\/2020\/02\/occitanie-uneuroleswe.jpg 700w, https:\/\/usagers-transports.haut-allier.eu\/wp-content\/uploads\/2020\/02\/occitanie-uneuroleswe-300x209.jpg 300w\" sizes=\"auto, (max-width: 700px) 100vw, 700px\" \/><br \/>\n<img loading=\"lazy\" decoding=\"async\" class=\" aligncenter size-full wp-image-2887\" src=\"http:\/\/5.45.101.177\/haut-allier\/usagers-transportse\/wp-content\/uploads\/2020\/02\/firefox_screenshot_2020-02-28t09-59-55.341z.png\" alt=\"firefox_screenshot_2020-02-28t09-59-55.341z.png\" align=\"center\" width=\"746\" height=\"2128\" srcset=\"https:\/\/usagers-transports.haut-allier.eu\/wp-content\/uploads\/2020\/02\/firefox_screenshot_2020-02-28t09-59-55.341z.png 746w, https:\/\/usagers-transports.haut-allier.eu\/wp-content\/uploads\/2020\/02\/firefox_screenshot_2020-02-28t09-59-55.341z-105x300.png 105w, https:\/\/usagers-transports.haut-allier.eu\/wp-content\/uploads\/2020\/02\/firefox_screenshot_2020-02-28t09-59-55.341z-359x1024.png 359w, https:\/\/usagers-transports.haut-allier.eu\/wp-content\/uploads\/2020\/02\/firefox_screenshot_2020-02-28t09-59-55.341z-538x1536.png 538w, https:\/\/usagers-transports.haut-allier.eu\/wp-content\/uploads\/2020\/02\/firefox_screenshot_2020-02-28t09-59-55.341z-718x2048.png 718w\" sizes=\"auto, (max-width: 746px) 100vw, 746px\" \/><br \/>\n&nbsp;<br \/>\n<strong>[MAJ du 6 mars 7h00 ]<\/strong><br \/>\n&nbsp;<br \/>\n<strong>Il se trouve qu&rsquo;\u00e0 ce jour 6 mars l&rsquo;offre 1 euro les samedis et dimanches de mars n&rsquo;appara\u00eet toujours pas sur le site TER LIO Occitanie. Le Vice-Pr\u00e9sident de r\u00e9gion charg\u00e9 des transports vient d&rsquo;interpeller \u00e0 notre demande le directeur SNCF Occitanie sur ce sujet. Wait and see&#8230; <\/strong><br \/>\n&nbsp;<br \/>\n<strong>[MAJ du 6 mars 15h00]<\/strong><br \/>\n&nbsp;<br \/>\n<strong>Apr\u00e8s les demandes d&rsquo;explications voici la r\u00e9ponse du directeur r\u00e9gional SNCF au charg\u00e9 des transports de la r\u00e9gion Occitanie : <em>\u00ab\u00a0Pour tous les week-ends de mars c&rsquo;est la formule 50% de r\u00e9duction sur tous les trains. On a gard\u00e9 les 1 euros contingentes \u00e0 ce stade. C&rsquo;est bien en place.\u00a0\u00bb<\/em> Pas du tout ce qu&rsquo;avait demand\u00e9 le vice-pr\u00e9sident de la r\u00e9gion Jean-Luc Gibelin ou ce qui lui avait \u00e9t\u00e9 promis. Une nouvelle couleuvre \u00e0 avaler.<\/strong><\/p>\n","protected":false},"excerpt":{"rendered":"<p>Jean-Luc Gibelin vient d&rsquo;annoncer ce matin une des mesures destin\u00e9es \u00e0 \u00ab\u00a0reconqu\u00e9rir\u00a0\u00bb les voyageurs perdus lors des longues<\/p>\n","protected":false},"author":1,"featured_media":2884,"comment_status":"open","ping_status":"open","sticky":false,"template":"","format":"standard","meta":{"footnotes":""},"categories":[2],"tags":[],"class_list":["post-659","post","type-post","status-publish","format-standard","has-post-thumbnail","hentry","category-infos"],"_links":{"self":[{"href":"https:\/\/usagers-transports.haut-allier.eu\/index.php\/wp-json\/wp\/v2\/posts\/659","targetHints":{"allow":["GET"]}}],"collection":[{"href":"https:\/\/usagers-transports.haut-allier.eu\/index.php\/wp-json\/wp\/v2\/posts"}],"about":[{"href":"https:\/\/usagers-transports.haut-allier.eu\/index.php\/wp-json\/wp\/v2\/types\/post"}],"author":[{"embeddable":true,"href":"https:\/\/usagers-transports.haut-allier.eu\/index.php\/wp-json\/wp\/v2\/users\/1"}],"replies":[{"embeddable":true,"href":"https:\/\/usagers-transports.haut-allier.eu\/index.php\/wp-json\/wp\/v2\/comments?post=659"}],"version-history":[{"count":0,"href":"https:\/\/usagers-transports.haut-allier.eu\/index.php\/wp-json\/wp\/v2\/posts\/659\/revisions"}],"wp:featuredmedia":[{"embeddable":true,"href":"https:\/\/usagers-transports.haut-allier.eu\/index.php\/wp-json\/wp\/v2\/media\/2884"}],"wp:attachment":[{"href":"https:\/\/usagers-transports.haut-allier.eu\/index.php\/wp-json\/wp\/v2\/media?parent=659"}],"wp:term":[{"taxonomy":"category","embeddable":true,"href":"https:\/\/usagers-transports.haut-allier.eu\/index.php\/wp-json\/wp\/v2\/categories?post=659"},{"taxonomy":"post_tag","embeddable":true,"href":"https:\/\/usagers-transports.haut-allier.eu\/index.php\/wp-json\/wp\/v2\/tags?post=659"}],"curies":[{"name":"wp","href":"https:\/\/api.w.org\/{rel}","templated":true}]}}