{"id":66,"date":"2013-08-20T07:42:37","date_gmt":"2013-08-20T05:42:37","guid":{"rendered":"http:\/\/5.45.101.177\/haut-allier\/usagers-transportse\/index.php\/2013\/08\/20\/temoignage-alleyras-nimes-le-train066\/"},"modified":"2026-09-01T15:53:09","modified_gmt":"2026-09-01T13:53:09","slug":"temoignage-alleyras-nimes-le-train066","status":"publish","type":"post","link":"https:\/\/usagers-transports.haut-allier.eu\/index.php\/2013\/08\/20\/temoignage-alleyras-nimes-le-train066\/","title":{"rendered":"T\u00e9moignage : Alleyras \/ N\u00eemes, le train comme on l&rsquo;aime"},"content":{"rendered":"<em>La f\u00eate d\u2019Alleyras vient de finir, c\u2019est le signal de retour pour une petite fille venue passer 15 jours de vacances avec ses 2 super copines ; Meldwine et Nolwenn. La petite habite Toulon et habituellement je la ram\u00e8ne chez elle en voiture. Apr\u00e8s r\u00e9flexion je d\u00e9cide de faire le voyage en train pour \u00e9viter de conduire sous les grosses chaleurs de ce mois d\u2019Ao\u00fbt et \u00e9chapper du m\u00eame coup \u00e0 la sur-fr\u00e9quentation automobile des routes du sud.<\/em>\n\n\n1er \u00e9tape, acheter le billet par Internet avec le Puy en Velay en ville de d\u00e9part. Suivant le jour et l\u2019heure choisis, un aller pour 2 vers Toulon me co\u00fbtera entre 121\u20ac et 169\u20ac. Fiuuu, je trouve \u00e7a un peu cher. A ce moment l\u00e0 l\u2019id\u00e9e de me traverse de regarder ce qui m\u2019est propos\u00e9 en partant de la gare d\u2019Alleyras. Bien m\u2019en a pris !! Il m\u2019est offert la possibilit\u00e9 de partir chaque jour \u00e0 8H56 depuis Alleyras via N\u00eemes et Marseille pour arriver \u00e0 Toulon \u00e0 16H09. Soit 7 heures de route (dont 1H30 de pause d\u00e9jeuner \u00e0 N\u00eemes) et pour un tarif de 84\u20ac. Oui, vous avez bien lu : PRENDRE LE TRAIN en GARE d\u2019ALLEYRAS pour descendre vers le Sud vous co\u00fbtera moins cher qu\u2019un d\u00e9part du Puy. Sachez-le.\n\n\nL\u2019occasion est trop belle de faire un petit reportage sur le tron\u00e7on Alleyras \/ N\u00eemes. Le voici :\n\n<img loading=\"lazy\" decoding=\"async\" class=\" aligncenter size-full wp-image-1446\" src=\"http:\/\/5.45.101.177\/haut-allier\/usagers-transportse\/wp-content\/uploads\/2013\/08\/photo1m.jpg\" alt=\"photo1m.jpg\" align=\"center\" width=\"800\" height=\"600\" srcset=\"https:\/\/usagers-transports.haut-allier.eu\/wp-content\/uploads\/2013\/08\/photo1m.jpg 800w, https:\/\/usagers-transports.haut-allier.eu\/wp-content\/uploads\/2013\/08\/photo1m-300x225.jpg 300w, https:\/\/usagers-transports.haut-allier.eu\/wp-content\/uploads\/2013\/08\/photo1m-768x576.jpg 768w\" sizes=\"auto, (max-width: 800px) 100vw, 800px\" \/>\n\n\n<strong>Mardi matin 8H50 :<\/strong> nous arrivons sur le quai de la gare d\u2019Alleyras o\u00f9 2 personnes y attendent comme nous le train. Renseignement pris, seule la fille s\u2019en retourne vers Montpellier, le p\u00e8re, lui, finit sa semaine de location \u00e0 Cap\u2019vacances. Les 2 sont d\u2019accord pour affirmer le c\u00f4t\u00e9 hyper pratique d\u2019avoir une gare \u00e0 moins d\u2019un kilom\u00e8tre de leur lieu de vacances.\n\n\nSoudain je me rends compte que la petite et moi n\u2019avons rien mang\u00e9 avant de partir. Qu\u2019\u00e0 cela tienne, je crie apr\u00e8s St\u00e9phan le g\u00e9rant de la petite \u00e9picerie \u00ab Relais de la gare \u00bb. Contre quelques pi\u00e8ces de monnaie celui-ci, grand sourire aux l\u00e8vres, me passe 2 croissants frais par-dessus le grillage bordant le quai. Le commerce de proximit\u00e9 dans toute sa noblesse.\n\n\nLe train est maintenant l\u00e0, nous nous engouffrons vite dedans car l\u2019arr\u00eat n\u2019est ici que d\u2019une seule minute, et encore&#8230;\nNotre train est un TER \u00e0 2 wagons. Je compte 18 personnes dans celui o\u00f9 nous sommes mont\u00e9s. 10 minutes et quelques tunnels plus tard nos yeux sont riv\u00e9s sur l\u2019extraordinaire paysage qui d\u00e9file devant nous. La rivi\u00e8re Allier nous escorte tr\u00e8s gentiment en ce d\u00e9but de voyage. C\u2019est une bien agr\u00e9able compagne avec de jolies courbes. Le train roule lentement.\n\n\n<strong>09H20 <\/strong> &#8211; Court arr\u00eat en gare de Chapeauroux puis le train red\u00e9marre.\n\n\nLes voies sont bord\u00e9es de feuillus tandis que les hauteurs sont garnies de pins, du caillou partout. Tout est relief ici, nos yeux ne s\u2019ennuient jamais.\n\n\n<strong>09H30<\/strong> &#8211; L\u2019allure augmente. Le paysage d\u00e9file plus vite.\n\n\n<strong>09H45<\/strong> &#8211; Nous voici en Gare de Langogne. Elle est bien plus grande que toutes celles que nous avons travers\u00e9 jusqu\u2019\u00e0 maintenant. Sur le quai il y a une bonne dizaine de personnes qui attendent : qui avec une valise de vacancier, qui juste avec un petit sac, 2 ou 3 simplement les mains dans les poches. Un grand coup de sifflet et c\u2019est reparti.\n\n\nLe paysage devient moins accident\u00e9. Un p\u00eacheur, quelques vaches, un couple de chevaux viennent agr\u00e9menter ce d\u00e9cor toujours aussi beau. Vraiment quel plaisir, quel repos pour les yeux, quel bienfait pour l\u2019esprit et le moral !\n\n\n<strong>10H05<\/strong> &#8211; La bastide St Laurent les Bains.\n\n\nNous nous mettons \u00e0 quai au c\u00f4t\u00e9 d\u2019un TER identique au n\u00f4tre mais avec le nez dans l\u2019autre sens. \u00ab Bon voyage Messieurs, Dames ! Saluez Alleyras de ma part et surtout : ouvrez vos yeux et profitez bien. \u00bb\n\nL\u2019allure augmente encore, le train ne balade plus, il avance maintenant de fa\u00e7on d\u00e9termin\u00e9e.\n\n\nLe contr\u00f4leur passe. Il est en petite chemise, casquette SNCF et sourire aux l\u00e8vres. Il sait la chance qu\u2019il a de travailler sur cette ligne. \nC\u2019est tr\u00e8s agr\u00e9able d\u2019\u00eatre contr\u00f4l\u00e9 de cette fa\u00e7on.\n\n\n<strong>10H25<\/strong> &#8211; Petit arr\u00eat en gare de Villefort. Nous sommes en Languedoc\/Roussillon.\n\n\nNotre wagon avale quelques touristes lourdement charg\u00e9s + quelques autochtones.\n\n\n<strong>10H40<\/strong> &#8211; 3 minutes d\u2019arr\u00eat \u00e0 GENOLHAC en Loz\u00e8re\nQuelques personnes s\u2019embrassent et se quittent avec \u00e9motion. Je trouve les adieux fait sur le quai d\u2019une gare toujours plus \u00e9mouvants qu\u2019ailleurs, je ne saurais dire pourquoi.\n\n\n<strong>11H05<\/strong> &#8211; Nous voici \u00e0 Grand Combe la Pise, d\u00e9partement du Gard.\nLe vert du d\u00e9cor devient plus clair maintenant. Les feuillus semblent avoir n\u00e9goci\u00e9 et obtenu le droit de coloniser les collines gardoises.\n\n\n<strong>11H20<\/strong> &#8211; Arr\u00eat en la grande gare d\u2019Al\u00e8s.\n\n\nLes chosent changent. Les hameaux deviennent de petites villes. Le Massif Central nous offre encore quelques collines mais ce n\u2019est l\u00e0 qu\u2019un baroud d\u2019honneur. Dans quelques instants la Provence nous ouvrira ses bras.\n\n\nVoil\u00e0, c\u2019est fait. Nous entrons dans un nouveau monde. La ligne d\u2019horizon devient une r\u00e9alit\u00e9. Quelques champs de tournesol et des parcelles de vignes commencent \u00e0 appara\u00eetre.\n\n\nLe style des maisons et des toitures change. Notre train, lui, file \u00e0 vive allure sur une 2 voie. Dans la rame 90% des si\u00e8ges sont occup\u00e9s.\n\n\n<img loading=\"lazy\" decoding=\"async\" class=\" aligncenter size-full wp-image-1447\" src=\"http:\/\/5.45.101.177\/haut-allier\/usagers-transportse\/wp-content\/uploads\/2013\/08\/photo2.jpg\" alt=\"photo2.jpg\" align=\"center\" width=\"800\" height=\"600\" srcset=\"https:\/\/usagers-transports.haut-allier.eu\/wp-content\/uploads\/2013\/08\/photo2.jpg 800w, https:\/\/usagers-transports.haut-allier.eu\/wp-content\/uploads\/2013\/08\/photo2-300x225.jpg 300w, https:\/\/usagers-transports.haut-allier.eu\/wp-content\/uploads\/2013\/08\/photo2-768x576.jpg 768w\" sizes=\"auto, (max-width: 800px) 100vw, 800px\" \/>\n\n \n<strong>12H00 pile<\/strong> &#8211; Nous entrons en gare de N\u00eemes.\n\n\nMon r\u00e9cit s\u2019ach\u00e8ve ici. Je jette un \u0153il sur les trains en partance et j\u2019y vois des destinations comme Montpellier, Lyon, Marseille et m\u00eame un TGV Lille-Flandres. Une invitation \u00e0 d\u2019autres voyages, d\u2019autres r\u00e9cits.\n \nNous avons 1 heure \u00bd pour avaler un sandwich maison devant les grandes ar\u00e8nes de N\u00eemes. La petite est ravie.\n\n\nVraiment je ne regrette pas d\u2019avoir choisi le train pour voyager et je vous encourage vivement \u00e0 faire de m\u00eame si l\u2019occasion se pr\u00e9sente.\n \n\n<em>Amicalement. Le beau L\u00e9on.<\/em><p>&nbsp;<\/p>\n\n\t<figure class=\"wp-block-gallery columns-1 is-cropped wp-block-gallery-1 is-layout-flex wp-block-gallery-is-layout-flex\">\n\t\t<ul class=\"blocks-gallery-grid\">\n\t\t\t<li class=\"blocks-gallery-item\">\n\t\t\t\t<figure>\n\t\t\t\t\t\t\t\t\t\t\t<img loading=\"lazy\" decoding=\"async\" width=\"2560\" height=\"1920\" src=\"http:\/\/5.45.101.177\/haut-allier\/usagers-transportse\/wp-content\/uploads\/2013\/08\/photo1-scaled.jpg\"\n\t\t\t\t\t\t alt=\"photo1.jpg\"\n\t\t\t\t\t\t data-id=\"1448\"\n\t\t\t\t\t\t data-full-url=\"http:\/\/5.45.101.177\/haut-allier\/usagers-transportse\/wp-content\/uploads\/2013\/08\/photo1-scaled.jpg\"\n\t\t\t\t\t\t data-link=\"http:\/\/5.45.101.177\/haut-allier\/usagers-transportse\/attachment-photo1-jpg\/\"\n\t\t\t\t\t\t class=\"wp-image-1448\" srcset=\"https:\/\/usagers-transports.haut-allier.eu\/wp-content\/uploads\/2013\/08\/photo1-scaled.jpg 2560w, https:\/\/usagers-transports.haut-allier.eu\/wp-content\/uploads\/2013\/08\/photo1-300x225.jpg 300w, https:\/\/usagers-transports.haut-allier.eu\/wp-content\/uploads\/2013\/08\/photo1-1024x768.jpg 1024w, https:\/\/usagers-transports.haut-allier.eu\/wp-content\/uploads\/2013\/08\/photo1-768x576.jpg 768w, https:\/\/usagers-transports.haut-allier.eu\/wp-content\/uploads\/2013\/08\/photo1-1536x1152.jpg 1536w, https:\/\/usagers-transports.haut-allier.eu\/wp-content\/uploads\/2013\/08\/photo1-2048x1536.jpg 2048w\" sizes=\"auto, (max-width: 2560px) 100vw, 2560px\" \/>\n\t\t\t\t<\/figure>\n\t\t\t<\/li>\n\t\t<\/ul>\n\t<\/figure>\n","protected":false},"excerpt":{"rendered":"<p>La f\u00eate d\u2019Alleyras vient de finir, c\u2019est le signal de retour pour une petite fille venue passer 15<\/p>\n","protected":false},"author":1,"featured_media":1445,"comment_status":"closed","ping_status":"open","sticky":false,"template":"","format":"standard","meta":{"footnotes":""},"categories":[3],"tags":[],"class_list":["post-66","post","type-post","status-publish","format-standard","has-post-thumbnail","hentry","category-en-train"],"_links":{"self":[{"href":"https:\/\/usagers-transports.haut-allier.eu\/index.php\/wp-json\/wp\/v2\/posts\/66","targetHints":{"allow":["GET"]}}],"collection":[{"href":"https:\/\/usagers-transports.haut-allier.eu\/index.php\/wp-json\/wp\/v2\/posts"}],"about":[{"href":"https:\/\/usagers-transports.haut-allier.eu\/index.php\/wp-json\/wp\/v2\/types\/post"}],"author":[{"embeddable":true,"href":"https:\/\/usagers-transports.haut-allier.eu\/index.php\/wp-json\/wp\/v2\/users\/1"}],"replies":[{"embeddable":true,"href":"https:\/\/usagers-transports.haut-allier.eu\/index.php\/wp-json\/wp\/v2\/comments?post=66"}],"version-history":[{"count":1,"href":"https:\/\/usagers-transports.haut-allier.eu\/index.php\/wp-json\/wp\/v2\/posts\/66\/revisions"}],"predecessor-version":[{"id":1449,"href":"https:\/\/usagers-transports.haut-allier.eu\/index.php\/wp-json\/wp\/v2\/posts\/66\/revisions\/1449"}],"wp:featuredmedia":[{"embeddable":true,"href":"https:\/\/usagers-transports.haut-allier.eu\/index.php\/wp-json\/wp\/v2\/media\/1445"}],"wp:attachment":[{"href":"https:\/\/usagers-transports.haut-allier.eu\/index.php\/wp-json\/wp\/v2\/media?parent=66"}],"wp:term":[{"taxonomy":"category","embeddable":true,"href":"https:\/\/usagers-transports.haut-allier.eu\/index.php\/wp-json\/wp\/v2\/categories?post=66"},{"taxonomy":"post_tag","embeddable":true,"href":"https:\/\/usagers-transports.haut-allier.eu\/index.php\/wp-json\/wp\/v2\/tags?post=66"}],"curies":[{"name":"wp","href":"https:\/\/api.w.org\/{rel}","templated":true}]}}