{"id":660,"date":"2020-03-16T10:08:20","date_gmt":"2020-03-16T09:08:20","guid":{"rendered":"http:\/\/5.45.101.177\/haut-allier\/usagers-transportse\/index.php\/2020\/03\/16\/montrain-com-enfin-un-site660\/"},"modified":"2020-03-16T10:08:20","modified_gmt":"2020-03-16T09:08:20","slug":"montrain-com-enfin-un-site660","status":"publish","type":"post","link":"https:\/\/usagers-transports.haut-allier.eu\/index.php\/2020\/03\/16\/montrain-com-enfin-un-site660\/","title":{"rendered":"Montrain.com : enfin un site fran\u00e7ais qui visualise les trajets complets d&rsquo;un parcours demand\u00e9 !"},"content":{"rendered":"<p>Mais qui malheureusement ne propose pas la vente de billets. Et c&rsquo;est bien dommage.<br \/>\n&nbsp;<br \/>\nLe site est l&rsquo;initiative d&rsquo;un strasbourgeois et propose une d\u00e9clinaison francis\u00e9e des r\u00e9sultats propos\u00e9 par la <a href=\"https:\/\/www.bahn.com\/fr\/view\/index.shtml\"><strong>DB<\/strong><\/a>.<br \/>\n&nbsp;<br \/>\nMais tout y est et on peut en fait consulter les horaires de tous les pays europ\u00e9ens plus la suisse.<br \/>\n&nbsp;<br \/>\n<img loading=\"lazy\" decoding=\"async\" class=\" aligncenter size-full wp-image-2889\" src=\"http:\/\/5.45.101.177\/haut-allier\/usagers-transportse\/wp-content\/uploads\/2020\/03\/firefox_screenshot_2020-03-16t08-49-59.255z.png\" alt=\"firefox_screenshot_2020-03-16t08-49-59.255z.png\" align=\"center\" width=\"785\" height=\"1643\" srcset=\"https:\/\/usagers-transports.haut-allier.eu\/wp-content\/uploads\/2020\/03\/firefox_screenshot_2020-03-16t08-49-59.255z.png 785w, https:\/\/usagers-transports.haut-allier.eu\/wp-content\/uploads\/2020\/03\/firefox_screenshot_2020-03-16t08-49-59.255z-143x300.png 143w, https:\/\/usagers-transports.haut-allier.eu\/wp-content\/uploads\/2020\/03\/firefox_screenshot_2020-03-16t08-49-59.255z-489x1024.png 489w, https:\/\/usagers-transports.haut-allier.eu\/wp-content\/uploads\/2020\/03\/firefox_screenshot_2020-03-16t08-49-59.255z-768x1607.png 768w, https:\/\/usagers-transports.haut-allier.eu\/wp-content\/uploads\/2020\/03\/firefox_screenshot_2020-03-16t08-49-59.255z-734x1536.png 734w\" sizes=\"auto, (max-width: 785px) 100vw, 785px\" \/><br \/>\n&nbsp;<br \/>\nUn site hyper clair, sans pub, sans aucune fioriture. Voici la page de recherche pour la France :<br \/>\n&nbsp;<br \/>\n<img loading=\"lazy\" decoding=\"async\" class=\" aligncenter size-full wp-image-2890\" src=\"http:\/\/5.45.101.177\/haut-allier\/usagers-transportse\/wp-content\/uploads\/2020\/03\/firefox_screenshot_2020-03-16t08-51-40.668z.png\" alt=\"firefox_screenshot_2020-03-16t08-51-40.668z.png\" align=\"center\" width=\"457\" height=\"398\" srcset=\"https:\/\/usagers-transports.haut-allier.eu\/wp-content\/uploads\/2020\/03\/firefox_screenshot_2020-03-16t08-51-40.668z.png 457w, https:\/\/usagers-transports.haut-allier.eu\/wp-content\/uploads\/2020\/03\/firefox_screenshot_2020-03-16t08-51-40.668z-300x261.png 300w\" sizes=\"auto, (max-width: 457px) 100vw, 457px\" \/><br \/>\n&nbsp;<br \/>\nPour un voyage Thiers (Puy-de-D\u00f4me) vers Grasse (Alpes-Maritimes) les r\u00e9sultats sont complets, clairs&#8230;<br \/>\n&nbsp;<br \/>\n<img loading=\"lazy\" decoding=\"async\" class=\" aligncenter size-full wp-image-2891\" src=\"http:\/\/5.45.101.177\/haut-allier\/usagers-transportse\/wp-content\/uploads\/2020\/03\/firefox_screenshot_2020-03-16t08-54-33.542z.png\" alt=\"firefox_screenshot_2020-03-16t08-54-33.542z.png\" align=\"center\" width=\"767\" height=\"1096\" srcset=\"https:\/\/usagers-transports.haut-allier.eu\/wp-content\/uploads\/2020\/03\/firefox_screenshot_2020-03-16t08-54-33.542z.png 767w, https:\/\/usagers-transports.haut-allier.eu\/wp-content\/uploads\/2020\/03\/firefox_screenshot_2020-03-16t08-54-33.542z-210x300.png 210w, https:\/\/usagers-transports.haut-allier.eu\/wp-content\/uploads\/2020\/03\/firefox_screenshot_2020-03-16t08-54-33.542z-717x1024.png 717w\" sizes=\"auto, (max-width: 767px) 100vw, 767px\" \/><br \/>\n&nbsp;<br \/>\nEn fait enfin du pur bonheur pour pr\u00e9parer un voyage. Vous avez le num\u00e9ro du train. Ensuite on se reporte sur le vilain site pourri <em>oui.sncf<\/em> pour prendre ses billets en fractionnant le parcours.<br \/>\n&nbsp;<br \/>\nMerci \u00e0 l&rsquo;initiateur !<br \/>\n&nbsp;<br \/>\nEt on rajoute notre petit couplet pour exiger de la SNCF un site de vente de billets non limit\u00e9s \u00e0 deux changements, avec des arr\u00eats possibles, non limit\u00e9s \u00e0 24 heures. C&rsquo;est ici toujours : Pour le moment 660 signatures. Allez un effort vers les 1000. Car \u00e7a ne bouge toujours pas c\u00f4t\u00e9 SNCF. Fig\u00e9s qu&rsquo;ils sont dans leur embrouillaminis pour ne pas \u00eatre vulgaires.<br \/>\n&nbsp;<br \/>\n<a href=\"http:\/\/chng.it\/GmNTn2kv7R\"><img loading=\"lazy\" decoding=\"async\" class=\" aligncenter size-full wp-image-2892\" src=\"http:\/\/5.45.101.177\/haut-allier\/usagers-transportse\/wp-content\/uploads\/2020\/03\/firefox_screenshot_2020-03-16t09-03-17.165z.png\" alt=\"firefox_screenshot_2020-03-16t09-03-17.165z.png\" align=\"center\" width=\"1069\" height=\"846\" srcset=\"https:\/\/usagers-transports.haut-allier.eu\/wp-content\/uploads\/2020\/03\/firefox_screenshot_2020-03-16t09-03-17.165z.png 1069w, https:\/\/usagers-transports.haut-allier.eu\/wp-content\/uploads\/2020\/03\/firefox_screenshot_2020-03-16t09-03-17.165z-300x237.png 300w, https:\/\/usagers-transports.haut-allier.eu\/wp-content\/uploads\/2020\/03\/firefox_screenshot_2020-03-16t09-03-17.165z-1024x810.png 1024w, https:\/\/usagers-transports.haut-allier.eu\/wp-content\/uploads\/2020\/03\/firefox_screenshot_2020-03-16t09-03-17.165z-768x608.png 768w\" sizes=\"auto, (max-width: 1069px) 100vw, 1069px\" \/><\/a><\/p>\n<p>&nbsp;<br \/>\nEt sinon donc :<br \/>\n&nbsp;<br \/>\n<a href=\"https:\/\/www.montrain.com\/fr-FR\"><strong>Montrain.com<\/strong><\/a><\/p>\n","protected":false},"excerpt":{"rendered":"<p>Mais qui malheureusement ne propose pas la vente de billets. Et c&rsquo;est bien dommage. &nbsp; Le site est<\/p>\n","protected":false},"author":1,"featured_media":2888,"comment_status":"open","ping_status":"open","sticky":false,"template":"","format":"standard","meta":{"footnotes":""},"categories":[2],"tags":[],"class_list":["post-660","post","type-post","status-publish","format-standard","has-post-thumbnail","hentry","category-infos"],"_links":{"self":[{"href":"https:\/\/usagers-transports.haut-allier.eu\/index.php\/wp-json\/wp\/v2\/posts\/660","targetHints":{"allow":["GET"]}}],"collection":[{"href":"https:\/\/usagers-transports.haut-allier.eu\/index.php\/wp-json\/wp\/v2\/posts"}],"about":[{"href":"https:\/\/usagers-transports.haut-allier.eu\/index.php\/wp-json\/wp\/v2\/types\/post"}],"author":[{"embeddable":true,"href":"https:\/\/usagers-transports.haut-allier.eu\/index.php\/wp-json\/wp\/v2\/users\/1"}],"replies":[{"embeddable":true,"href":"https:\/\/usagers-transports.haut-allier.eu\/index.php\/wp-json\/wp\/v2\/comments?post=660"}],"version-history":[{"count":0,"href":"https:\/\/usagers-transports.haut-allier.eu\/index.php\/wp-json\/wp\/v2\/posts\/660\/revisions"}],"wp:featuredmedia":[{"embeddable":true,"href":"https:\/\/usagers-transports.haut-allier.eu\/index.php\/wp-json\/wp\/v2\/media\/2888"}],"wp:attachment":[{"href":"https:\/\/usagers-transports.haut-allier.eu\/index.php\/wp-json\/wp\/v2\/media?parent=660"}],"wp:term":[{"taxonomy":"category","embeddable":true,"href":"https:\/\/usagers-transports.haut-allier.eu\/index.php\/wp-json\/wp\/v2\/categories?post=660"},{"taxonomy":"post_tag","embeddable":true,"href":"https:\/\/usagers-transports.haut-allier.eu\/index.php\/wp-json\/wp\/v2\/tags?post=660"}],"curies":[{"name":"wp","href":"https:\/\/api.w.org\/{rel}","templated":true}]}}