{"id":661,"date":"2020-03-16T18:35:19","date_gmt":"2020-03-16T17:35:19","guid":{"rendered":"http:\/\/5.45.101.177\/haut-allier\/usagers-transportse\/index.php\/2020\/03\/16\/virus-ou-pas-la-ligne-langeac661\/"},"modified":"2020-03-16T18:35:19","modified_gmt":"2020-03-16T17:35:19","slug":"virus-ou-pas-la-ligne-langeac661","status":"publish","type":"post","link":"https:\/\/usagers-transports.haut-allier.eu\/index.php\/2020\/03\/16\/virus-ou-pas-la-ligne-langeac661\/","title":{"rendered":"Virus ou pas, la ligne Langeac Langogne du train C\u00e9venol une nouvelle fois sacrifi\u00e9e !!!"},"content":{"rendered":"<p>Le corona virus a bon dos ! D\u00e8s qu&rsquo;il y a un incident c&rsquo;est le haut Allier qui trinque ! L\u00e0 on d\u00e9sesp\u00e8re de cette soci\u00e9t\u00e9 ferroviaire pourrie jusqu&rsquo;\u00e0 l&rsquo;os !<br \/>\n&nbsp;<br \/>\nVoici les pdf distribu\u00e9s gracieusement \u00e0 21 heures hier soir sur le site de TER AURA pour la journ\u00e9e du lundi 16 mars aujourd&rsquo;hui.<br \/>\n&nbsp;<br \/>\nCa suffit !!! Vivement un changement radical dans le ferroviaire fran\u00e7ais.<br \/>\n&nbsp;<br \/>\n<img loading=\"lazy\" decoding=\"async\" class=\" aligncenter size-full wp-image-2894\" src=\"http:\/\/5.45.101.177\/haut-allier\/usagers-transportse\/wp-content\/uploads\/2020\/03\/ligne_08___clermont_fd_-_nimes_auvergne_16-03-2020_tcm72-250773_tcm72-108032-b.png\" alt=\"ligne_08___clermont_fd_-_nimes_auvergne_16-03-2020_tcm72-250773_tcm72-108032-b.png\" align=\"center\" width=\"826\" height=\"1169\" srcset=\"https:\/\/usagers-transports.haut-allier.eu\/wp-content\/uploads\/2020\/03\/ligne_08___clermont_fd_-_nimes_auvergne_16-03-2020_tcm72-250773_tcm72-108032-b.png 826w, https:\/\/usagers-transports.haut-allier.eu\/wp-content\/uploads\/2020\/03\/ligne_08___clermont_fd_-_nimes_auvergne_16-03-2020_tcm72-250773_tcm72-108032-b-212x300.png 212w, https:\/\/usagers-transports.haut-allier.eu\/wp-content\/uploads\/2020\/03\/ligne_08___clermont_fd_-_nimes_auvergne_16-03-2020_tcm72-250773_tcm72-108032-b-724x1024.png 724w, https:\/\/usagers-transports.haut-allier.eu\/wp-content\/uploads\/2020\/03\/ligne_08___clermont_fd_-_nimes_auvergne_16-03-2020_tcm72-250773_tcm72-108032-b-768x1087.png 768w\" sizes=\"auto, (max-width: 826px) 100vw, 826px\" \/><br \/>\n&nbsp;<br \/>\n<img loading=\"lazy\" decoding=\"async\" class=\" aligncenter size-full wp-image-2895\" src=\"http:\/\/5.45.101.177\/haut-allier\/usagers-transportse\/wp-content\/uploads\/2020\/03\/ligne_08___clermont_fd_-_nimes_auvergne_16-03-2020_tcm72-250773_tcm72-108032-a.png\" alt=\"ligne_08___clermont_fd_-_nimes_auvergne_16-03-2020_tcm72-250773_tcm72-108032-a.png\" align=\"center\" width=\"826\" height=\"1169\" srcset=\"https:\/\/usagers-transports.haut-allier.eu\/wp-content\/uploads\/2020\/03\/ligne_08___clermont_fd_-_nimes_auvergne_16-03-2020_tcm72-250773_tcm72-108032-a.png 826w, https:\/\/usagers-transports.haut-allier.eu\/wp-content\/uploads\/2020\/03\/ligne_08___clermont_fd_-_nimes_auvergne_16-03-2020_tcm72-250773_tcm72-108032-a-212x300.png 212w, https:\/\/usagers-transports.haut-allier.eu\/wp-content\/uploads\/2020\/03\/ligne_08___clermont_fd_-_nimes_auvergne_16-03-2020_tcm72-250773_tcm72-108032-a-724x1024.png 724w, https:\/\/usagers-transports.haut-allier.eu\/wp-content\/uploads\/2020\/03\/ligne_08___clermont_fd_-_nimes_auvergne_16-03-2020_tcm72-250773_tcm72-108032-a-768x1087.png 768w\" sizes=\"auto, (max-width: 826px) 100vw, 826px\" \/><br \/>\n&nbsp;<br \/>\n<strong>Gageons que les m\u00eames horaires reviendront demain et apr\u00e8s demain et ainsi de suite !!!<\/strong><br \/>\n&nbsp;<br \/>\nEt oui les voici pour ce <strong>mardi 17 mars<\/strong> : C&rsquo;EST PAREIL, TOUJOURS LES MEMES SACRIFIES ! C&rsquo;est scandaleux.<br \/>\n&nbsp;<br \/>\n<a href=\"http:\/\/5.45.101.177\/haut-allier\/usagers-transportse\/wp-content\/uploads\/2020\/03\/ligne_08___clermont_fd_-_nimes_auvergne_17-03-2020_tcm72-250853_tcm72-108089.pdf\">ligne_08___clermont_fd_-_nimes_auvergne_17-03-2020_tcm72-250853_tcm72-108089.pdf<\/a><br \/>\n&nbsp;<br \/>\n&#8230;et c\u00f4t\u00e9 Occitanie c&rsquo;est IDEM !<br \/>\n&nbsp;<br \/>\n<a href=\"http:\/\/5.45.101.177\/haut-allier\/usagers-transportse\/wp-content\/uploads\/2020\/03\/ni-ale-mde_17_mars__tcm76-234911_tcm76-252346.pdf\">ni-ale-mde_17_mars__tcm76-234911_tcm76-252346.pdf<\/a><br \/>\n&nbsp;<br \/>\nPour le jeudi 19 mars pareil !!! Voir ci-dessous :<br \/>\n&nbsp;<br \/>\n<a href=\"http:\/\/5.45.101.177\/haut-allier\/usagers-transportse\/wp-content\/uploads\/2020\/03\/ligne_08___clermont_fd_-_nimes_auvergne_19-03-2020_tcm72-250852_tcm72-107976.pdf\">ligne_08___clermont_fd_-_nimes_auvergne_19-03-2020_tcm72-250852_tcm72-107976.pdf<\/a><\/p>\n","protected":false},"excerpt":{"rendered":"<p>Le corona virus a bon dos ! D\u00e8s qu&rsquo;il y a un incident c&rsquo;est le haut Allier qui<\/p>\n","protected":false},"author":1,"featured_media":2893,"comment_status":"open","ping_status":"open","sticky":false,"template":"","format":"standard","meta":{"footnotes":""},"categories":[8],"tags":[],"class_list":["post-661","post","type-post","status-publish","format-standard","has-post-thumbnail","hentry","category-communiques"],"_links":{"self":[{"href":"https:\/\/usagers-transports.haut-allier.eu\/index.php\/wp-json\/wp\/v2\/posts\/661","targetHints":{"allow":["GET"]}}],"collection":[{"href":"https:\/\/usagers-transports.haut-allier.eu\/index.php\/wp-json\/wp\/v2\/posts"}],"about":[{"href":"https:\/\/usagers-transports.haut-allier.eu\/index.php\/wp-json\/wp\/v2\/types\/post"}],"author":[{"embeddable":true,"href":"https:\/\/usagers-transports.haut-allier.eu\/index.php\/wp-json\/wp\/v2\/users\/1"}],"replies":[{"embeddable":true,"href":"https:\/\/usagers-transports.haut-allier.eu\/index.php\/wp-json\/wp\/v2\/comments?post=661"}],"version-history":[{"count":0,"href":"https:\/\/usagers-transports.haut-allier.eu\/index.php\/wp-json\/wp\/v2\/posts\/661\/revisions"}],"wp:featuredmedia":[{"embeddable":true,"href":"https:\/\/usagers-transports.haut-allier.eu\/index.php\/wp-json\/wp\/v2\/media\/2893"}],"wp:attachment":[{"href":"https:\/\/usagers-transports.haut-allier.eu\/index.php\/wp-json\/wp\/v2\/media?parent=661"}],"wp:term":[{"taxonomy":"category","embeddable":true,"href":"https:\/\/usagers-transports.haut-allier.eu\/index.php\/wp-json\/wp\/v2\/categories?post=661"},{"taxonomy":"post_tag","embeddable":true,"href":"https:\/\/usagers-transports.haut-allier.eu\/index.php\/wp-json\/wp\/v2\/tags?post=661"}],"curies":[{"name":"wp","href":"https:\/\/api.w.org\/{rel}","templated":true}]}}