{"id":662,"date":"2020-03-20T07:01:43","date_gmt":"2020-03-20T06:01:43","guid":{"rendered":"http:\/\/5.45.101.177\/haut-allier\/usagers-transportse\/index.php\/2020\/03\/20\/coronavirus-la-sncf-stoppe-ses662\/"},"modified":"2020-03-20T07:01:43","modified_gmt":"2020-03-20T06:01:43","slug":"coronavirus-la-sncf-stoppe-ses662","status":"publish","type":"post","link":"https:\/\/usagers-transports.haut-allier.eu\/index.php\/2020\/03\/20\/coronavirus-la-sncf-stoppe-ses662\/","title":{"rendered":"Coronavirus : la SNCF stoppe ses chantiers de r\u00e9novation des lignes"},"content":{"rendered":"<p>A lire d&rsquo;urgence dans <a href=\"https:\/\/www.lesechos.fr\/industrie-services\/tourisme-transport\/exclusif-coronavirus-la-sncf-stoppe-ses-chantiers-de-renovation-des-lignes-1186991#utm_source=newsletter&#038;utm_medium=email&#038;utm_campaign=nl_lec_18h-20200319\"><strong>Les Echos<\/strong><\/a> de ce jeudi : <\/p>\n<p><em>Apr\u00e8s avoir d\u00e9croch\u00e9 un budget de r\u00e9novation en hausse de 1,1 milliard en deux ans, la SNCF stoppe pour une dur\u00e9e ind\u00e9termin\u00e9e la quasi-totalit\u00e9 de ses chantiers de remise \u00e0 niveau des voies ferr\u00e9es. <\/em><\/p>\n<p><em> C&rsquo;\u00e9tait il y a 4 mois \u00e0 peine : apr\u00e8s une haute lutte de plusieurs semaines avec la tutelle de Bercy et moult allers-retours, la SNCF parvenait \u00e0 arracher un nouveau budget en hausse pour la r\u00e9novation de ses lignes ferroviaires. Une enveloppe totale de 6,2 milliards d&rsquo;euros d&rsquo;investissements au titre de 2020, un niveau in\u00e9dit apr\u00e8s les 5,7 milliards de 2019 et les 5,1 milliards de 2018.<\/em><\/p>\n<p><em>De quoi continuer \u00e0 marche forc\u00e9e la r\u00e9novation des lignes en d\u00e9sh\u00e9rence, notamment avec les 450 millions d&rsquo;euros \u00e0 consacrer en un an \u00e0 la remise en \u00e9tat de nombreuses \u00ab petites lignes \u00bb, hautement menac\u00e9es. Et lancer dans la foul\u00e9e une campagne de recrutement de 2.200 agents pour cette ann\u00e9e, pour des m\u00e9tiers d&rsquo;\u00e9lectriciens, de techniciens de voies, ou de maintenance des infrastructures&#8230;<\/em><\/p>\n<p><strong>Cette soci\u00e9t\u00e9 dite ferroviaire doit \u00eatre d\u00e9mantel\u00e9e au plus vite et tous ses dirigeants doivent \u00eatre jug\u00e9s pour leur gestion du bien national. Ca suffit.<\/strong><\/p>\n","protected":false},"excerpt":{"rendered":"<p>A lire d&rsquo;urgence dans Les Echos de ce jeudi : Apr\u00e8s avoir d\u00e9croch\u00e9 un budget de r\u00e9novation en<\/p>\n","protected":false},"author":1,"featured_media":2899,"comment_status":"open","ping_status":"open","sticky":false,"template":"","format":"standard","meta":{"footnotes":""},"categories":[2],"tags":[],"class_list":["post-662","post","type-post","status-publish","format-standard","has-post-thumbnail","hentry","category-infos"],"_links":{"self":[{"href":"https:\/\/usagers-transports.haut-allier.eu\/index.php\/wp-json\/wp\/v2\/posts\/662","targetHints":{"allow":["GET"]}}],"collection":[{"href":"https:\/\/usagers-transports.haut-allier.eu\/index.php\/wp-json\/wp\/v2\/posts"}],"about":[{"href":"https:\/\/usagers-transports.haut-allier.eu\/index.php\/wp-json\/wp\/v2\/types\/post"}],"author":[{"embeddable":true,"href":"https:\/\/usagers-transports.haut-allier.eu\/index.php\/wp-json\/wp\/v2\/users\/1"}],"replies":[{"embeddable":true,"href":"https:\/\/usagers-transports.haut-allier.eu\/index.php\/wp-json\/wp\/v2\/comments?post=662"}],"version-history":[{"count":0,"href":"https:\/\/usagers-transports.haut-allier.eu\/index.php\/wp-json\/wp\/v2\/posts\/662\/revisions"}],"wp:featuredmedia":[{"embeddable":true,"href":"https:\/\/usagers-transports.haut-allier.eu\/index.php\/wp-json\/wp\/v2\/media\/2899"}],"wp:attachment":[{"href":"https:\/\/usagers-transports.haut-allier.eu\/index.php\/wp-json\/wp\/v2\/media?parent=662"}],"wp:term":[{"taxonomy":"category","embeddable":true,"href":"https:\/\/usagers-transports.haut-allier.eu\/index.php\/wp-json\/wp\/v2\/categories?post=662"},{"taxonomy":"post_tag","embeddable":true,"href":"https:\/\/usagers-transports.haut-allier.eu\/index.php\/wp-json\/wp\/v2\/tags?post=662"}],"curies":[{"name":"wp","href":"https:\/\/api.w.org\/{rel}","templated":true}]}}