{"id":663,"date":"2020-04-16T10:44:45","date_gmt":"2020-04-16T08:44:45","guid":{"rendered":"http:\/\/5.45.101.177\/haut-allier\/usagers-transportse\/index.php\/2020\/04\/16\/la-region-auvergne-rhone-alpes663\/"},"modified":"2020-04-16T10:44:45","modified_gmt":"2020-04-16T08:44:45","slug":"la-region-auvergne-rhone-alpes663","status":"publish","type":"post","link":"https:\/\/usagers-transports.haut-allier.eu\/index.php\/2020\/04\/16\/la-region-auvergne-rhone-alpes663\/","title":{"rendered":"La r\u00e9gion Auvergne-Rh\u00f4ne-Alpes demande \u00e0 SNCF de ne pas pr\u00e9lever les abonnements TER en mai"},"content":{"rendered":"<p>C&rsquo;est une info <a href=\"https:\/\/www.francebleu.fr\">France Bleu<\/a> :<br \/>\n&nbsp;<br \/>\n<em> <strong>Corona virus<\/strong><br \/>\n&nbsp;<br \/>\nDe nombreuses r\u00e9gions, dont Auvergne-Rh\u00f4ne-Alpes, ont obtenu de la SNCF que les abonnements TER d&rsquo;avril ne soient pas pr\u00e9lev\u00e9s sur les comptes des voyageurs. La r\u00e9gion demande la m\u00eame chose pour le mois de mai.<br \/>\n&nbsp;<br \/>\nEn raison du confinement, la SNCF n&rsquo;a pas pr\u00e9lev\u00e9 les abonnements TER du mois d&rsquo;avril en r\u00e9gion.  La r\u00e9gion Auvergne-Rh\u00f4ne-Alpes demande qu&rsquo;il en soit de m\u00eame au mois de mai, puisque le confinement va se poursuivre au moins jusqu&rsquo;au 11 mai. Elle demande aussi \u00e0 la SNCF de rembourser les abonnements TER de mars.<br \/>\n&nbsp;<br \/>\nDepuis le d\u00e9but du confinement la circulation des trains et des cars a \u00e9t\u00e9 fortement r\u00e9duite, avec en moyenne deux \u00e0 trois allers-retours par jour sur les principales lignes de la r\u00e9gion. Mais compte tenu du faible nombre de voyageurs, les distances peuvent \u00eatre respect\u00e9es.<br \/>\n&nbsp;<br \/>\nImpossible de joindre la SNCF ce mercredi, le personnel de la communication \u00e9tant d\u00e9sormais en ch\u00f4mage partiel une partie de la semaine.<br \/>\n&nbsp;<br \/>\nLe ferroviaire sera-t-il aid\u00e9 comme les secteurs automobiles et a\u00e9riens?<br \/>\n&nbsp;<br \/>\nLe secr\u00e9taire d\u2019Etat aux transports vient de proposer de \u00ab reporter des travaux ferroviaires \u00bb en raison des \u00e9normes pertes de recettes subies par la SNCF lors des gr\u00e8ves de cet hiver et d\u00e9sormais avec le confinement.<br \/>\n&nbsp; <\/em><br \/>\nComme si les travaux n&rsquo;\u00e9taient pas d\u00e9j\u00e0 report\u00e9s&#8230;<br \/>\n&nbsp;<br \/>\n<strong>Souhaitons puisque les travaux sont annul\u00e9s que le trafic des trains sur la ligne des C\u00e9vennes Clermont N\u00eemes reprenne au moins \u00e0 minima. Les usagers du haut Allier en ont plus que ras le bol d&rsquo;\u00eatre abandonn\u00e9s et sacrifi\u00e9s \u00e0 chaque p\u00e9pin.<\/strong><\/p>\n","protected":false},"excerpt":{"rendered":"<p>C&rsquo;est une info France Bleu : &nbsp; Corona virus &nbsp; De nombreuses r\u00e9gions, dont Auvergne-Rh\u00f4ne-Alpes, ont obtenu de<\/p>\n","protected":false},"author":1,"featured_media":2900,"comment_status":"open","ping_status":"open","sticky":false,"template":"","format":"standard","meta":{"footnotes":""},"categories":[2],"tags":[],"class_list":["post-663","post","type-post","status-publish","format-standard","has-post-thumbnail","hentry","category-infos"],"_links":{"self":[{"href":"https:\/\/usagers-transports.haut-allier.eu\/index.php\/wp-json\/wp\/v2\/posts\/663","targetHints":{"allow":["GET"]}}],"collection":[{"href":"https:\/\/usagers-transports.haut-allier.eu\/index.php\/wp-json\/wp\/v2\/posts"}],"about":[{"href":"https:\/\/usagers-transports.haut-allier.eu\/index.php\/wp-json\/wp\/v2\/types\/post"}],"author":[{"embeddable":true,"href":"https:\/\/usagers-transports.haut-allier.eu\/index.php\/wp-json\/wp\/v2\/users\/1"}],"replies":[{"embeddable":true,"href":"https:\/\/usagers-transports.haut-allier.eu\/index.php\/wp-json\/wp\/v2\/comments?post=663"}],"version-history":[{"count":0,"href":"https:\/\/usagers-transports.haut-allier.eu\/index.php\/wp-json\/wp\/v2\/posts\/663\/revisions"}],"wp:featuredmedia":[{"embeddable":true,"href":"https:\/\/usagers-transports.haut-allier.eu\/index.php\/wp-json\/wp\/v2\/media\/2900"}],"wp:attachment":[{"href":"https:\/\/usagers-transports.haut-allier.eu\/index.php\/wp-json\/wp\/v2\/media?parent=663"}],"wp:term":[{"taxonomy":"category","embeddable":true,"href":"https:\/\/usagers-transports.haut-allier.eu\/index.php\/wp-json\/wp\/v2\/categories?post=663"},{"taxonomy":"post_tag","embeddable":true,"href":"https:\/\/usagers-transports.haut-allier.eu\/index.php\/wp-json\/wp\/v2\/tags?post=663"}],"curies":[{"name":"wp","href":"https:\/\/api.w.org\/{rel}","templated":true}]}}