{"id":664,"date":"2020-04-21T08:31:24","date_gmt":"2020-04-21T06:31:24","guid":{"rendered":"http:\/\/5.45.101.177\/haut-allier\/usagers-transportse\/index.php\/2020\/04\/21\/30-avril-france-3-deconfinement664\/"},"modified":"2020-04-21T08:31:24","modified_gmt":"2020-04-21T06:31:24","slug":"30-avril-france-3-deconfinement664","status":"publish","type":"post","link":"https:\/\/usagers-transports.haut-allier.eu\/index.php\/2020\/04\/21\/30-avril-france-3-deconfinement664\/","title":{"rendered":"30 avril France 3 : d\u00e9confinement ferroviaire \u00e0 propos de la liaison Grenoble-Gap"},"content":{"rendered":"<p>Jeudi 30 Avril \u00e0 22h55 sur France 3 offrons- nous 52\u201936\u2019\u2019 de \u00ab d\u00e9confinement  ferroviaire \u00bb en red\u00e9couvrant au travers d\u2019un documentaire de <em>La Ligne Bleue<\/em> le combat solidaire des populations pour sauver leur train. Un film d&rsquo;Emmanuel Corre et Pierrick Morel.<br \/>\n&nbsp;<br \/>\n<img loading=\"lazy\" decoding=\"async\" class=\" aligncenter size-full wp-image-2902\" src=\"http:\/\/5.45.101.177\/haut-allier\/usagers-transportse\/wp-content\/uploads\/2020\/04\/image001.png\" alt=\"image001.png\" align=\"center\" width=\"709\" height=\"397\" srcset=\"https:\/\/usagers-transports.haut-allier.eu\/wp-content\/uploads\/2020\/04\/image001.png 709w, https:\/\/usagers-transports.haut-allier.eu\/wp-content\/uploads\/2020\/04\/image001-300x168.png 300w\" sizes=\"auto, (max-width: 709px) 100vw, 709px\" \/><\/p>\n","protected":false},"excerpt":{"rendered":"<p>Jeudi 30 Avril \u00e0 22h55 sur France 3 offrons- nous 52\u201936\u2019\u2019 de \u00ab d\u00e9confinement ferroviaire \u00bb en red\u00e9couvrant<\/p>\n","protected":false},"author":1,"featured_media":2901,"comment_status":"open","ping_status":"open","sticky":false,"template":"","format":"standard","meta":{"footnotes":""},"categories":[5],"tags":[],"class_list":["post-664","post","type-post","status-publish","format-standard","has-post-thumbnail","hentry","category-ensemble"],"_links":{"self":[{"href":"https:\/\/usagers-transports.haut-allier.eu\/index.php\/wp-json\/wp\/v2\/posts\/664","targetHints":{"allow":["GET"]}}],"collection":[{"href":"https:\/\/usagers-transports.haut-allier.eu\/index.php\/wp-json\/wp\/v2\/posts"}],"about":[{"href":"https:\/\/usagers-transports.haut-allier.eu\/index.php\/wp-json\/wp\/v2\/types\/post"}],"author":[{"embeddable":true,"href":"https:\/\/usagers-transports.haut-allier.eu\/index.php\/wp-json\/wp\/v2\/users\/1"}],"replies":[{"embeddable":true,"href":"https:\/\/usagers-transports.haut-allier.eu\/index.php\/wp-json\/wp\/v2\/comments?post=664"}],"version-history":[{"count":0,"href":"https:\/\/usagers-transports.haut-allier.eu\/index.php\/wp-json\/wp\/v2\/posts\/664\/revisions"}],"wp:featuredmedia":[{"embeddable":true,"href":"https:\/\/usagers-transports.haut-allier.eu\/index.php\/wp-json\/wp\/v2\/media\/2901"}],"wp:attachment":[{"href":"https:\/\/usagers-transports.haut-allier.eu\/index.php\/wp-json\/wp\/v2\/media?parent=664"}],"wp:term":[{"taxonomy":"category","embeddable":true,"href":"https:\/\/usagers-transports.haut-allier.eu\/index.php\/wp-json\/wp\/v2\/categories?post=664"},{"taxonomy":"post_tag","embeddable":true,"href":"https:\/\/usagers-transports.haut-allier.eu\/index.php\/wp-json\/wp\/v2\/tags?post=664"}],"curies":[{"name":"wp","href":"https:\/\/api.w.org\/{rel}","templated":true}]}}