{"id":665,"date":"2020-04-26T16:45:09","date_gmt":"2020-04-26T14:45:09","guid":{"rendered":"http:\/\/5.45.101.177\/haut-allier\/usagers-transportse\/index.php\/2020\/04\/26\/deconfinement-des-trains-sncf-en665\/"},"modified":"2020-04-26T16:45:09","modified_gmt":"2020-04-26T14:45:09","slug":"deconfinement-des-trains-sncf-en665","status":"publish","type":"post","link":"https:\/\/usagers-transports.haut-allier.eu\/index.php\/2020\/04\/26\/deconfinement-des-trains-sncf-en665\/","title":{"rendered":"D\u00e9confinement des trains SNCF en Auvergne : un fort risque de n\u00e9ant \u00e0 l&rsquo;horizon du 11 mai"},"content":{"rendered":"<p>Le risque \u00e0 partir du 11 mai de n&rsquo;avoir toujours aucun train sur les lignes vitales du massif central est grand. L&rsquo;Auvergne n&rsquo;est plus dans les territoires prioritaires et n&rsquo;est consid\u00e9r\u00e9e d\u00e9sormais que faubourg recul\u00e9 de Lyon. On le voit tous et toutes au quotidien.<br \/>\n&nbsp;<br \/>\nC&rsquo;est encore plus flagrant au niveau des transports publics. D\u00e9j\u00e0 r\u00e9duits au minima du minima d\u00e8s qu&rsquo;une poussi\u00e8re appara\u00eet dans les petits rouages us\u00e9s et non entretenus de la machine SNCF tout est pr\u00e9texte \u00e0 baisser les bras.<br \/>\n&nbsp;<br \/>\nUn <a href=\"https:\/\/www.francebleu.fr\/infos\/transports\/sncf-une-legere-reprise-du-trafic-en-auvergne-a-partir-du-11-mai-1587806026#xtor=RSS-141\"><strong>article \/ sujet<\/strong> <\/a> d&rsquo;Emmanuel Moreau de <em>France Bleu Pays d&rsquo;Auvergne<\/em> fait un bon r\u00e9sum\u00e9 de ce qui nous pend au nez. Extrait :<br \/>\n&nbsp;  <\/p>\n<p>[(<em><br \/>\n <strong>SNCF: le trafic reprendra progressivement en Auvergne \u00e0 partir du 11 mai<\/strong> <\/em><br \/>\n&nbsp;<br \/>\nLa SNCF a annonc\u00e9 qu&rsquo;elle remettrait en circulation plus de la moiti\u00e9 de ses trains \u00e0 compter du 11 mai prochain. Une remise en marche qui risque d&rsquo;\u00eatre un peu plus longue en Auvergne.<br \/>\n&nbsp;<br \/>\nLa reprise du trafic ne peut pas se faire du jour au lendemain, elle doit \u00eatre anticip\u00e9e, question de s\u00e9curit\u00e9 avant tout. Les trains doivent \u00eatre r\u00e9vis\u00e9s et la circulation en ligne ne sera possible que lorsque le fonctionnement de la signalisation et des passages \u00e0 niveau seront v\u00e9rifi\u00e9s. D&rsquo;ici le 11 mai, cela laisse deux semaines pour tout pr\u00e9parer mais il y peu de chances que la moiti\u00e9 des trains puissent circuler en Auvergne, contrairement \u00e0 ce qu&rsquo;annonce la SNCF pour toute la France.<br \/>\n&nbsp;<br \/>\nLa SNCF n&rsquo;a pas encore communiqu\u00e9 ses pr\u00e9visions de circulation. Difficile d&rsquo;en savoir plus donc puisque le trafic n&rsquo;est connu, au mieux, que quelques jours \u00e0 l&rsquo;avance pour les TER. Par exemple la SNCF a annonc\u00e9 ce dimanche les trains qui circuleront jusqu&rsquo;\u00e0 jeudi, pas au-del\u00e0, un trafic toujours aussi faible et qui ne devrait pas \u00e9voluer avant la fin du confinement.<br \/>\n&nbsp;<br \/>\nUne reprise avec de nombreuses inconnues<br \/>\n&nbsp;<br \/>\n)]<\/p>\n<p>Etc. Etc.<\/p>\n<p><strong>Ce qui se profile pour la ligne du train C\u00e9venol<\/strong><\/p>\n<p>On entend dire que les travaux pr\u00e9vus et non effectu\u00e9s car arr\u00eat\u00e9s, vont \u00ab\u00a0glisser\u00a0\u00bb et \u00eatre effectu\u00e9s tr\u00e8s bient\u00f4t pour s&rsquo;achever&#8230; mi juillet au lieu de mi-juin comme pr\u00e9vu. Un excellent \u00e9t\u00e9 touristique donc pour les territoires desservis.<\/p>\n<p><img loading=\"lazy\" decoding=\"async\" class=\" aligncenter size-full wp-image-2904\" src=\"http:\/\/5.45.101.177\/haut-allier\/usagers-transportse\/wp-content\/uploads\/2020\/04\/vlcsnap-2020-01-20-20h46m10s058.jpg\" alt=\"vlcsnap-2020-01-20-20h46m10s058.jpg\" align=\"center\" width=\"1280\" height=\"720\" srcset=\"https:\/\/usagers-transports.haut-allier.eu\/wp-content\/uploads\/2020\/04\/vlcsnap-2020-01-20-20h46m10s058.jpg 1280w, https:\/\/usagers-transports.haut-allier.eu\/wp-content\/uploads\/2020\/04\/vlcsnap-2020-01-20-20h46m10s058-300x169.jpg 300w, https:\/\/usagers-transports.haut-allier.eu\/wp-content\/uploads\/2020\/04\/vlcsnap-2020-01-20-20h46m10s058-1024x576.jpg 1024w, https:\/\/usagers-transports.haut-allier.eu\/wp-content\/uploads\/2020\/04\/vlcsnap-2020-01-20-20h46m10s058-768x432.jpg 768w\" sizes=\"auto, (max-width: 1280px) 100vw, 1280px\" \/><\/p>\n","protected":false},"excerpt":{"rendered":"<p>Le risque \u00e0 partir du 11 mai de n&rsquo;avoir toujours aucun train sur les lignes vitales du massif<\/p>\n","protected":false},"author":1,"featured_media":2903,"comment_status":"open","ping_status":"open","sticky":false,"template":"","format":"standard","meta":{"footnotes":""},"categories":[2],"tags":[],"class_list":["post-665","post","type-post","status-publish","format-standard","has-post-thumbnail","hentry","category-infos"],"_links":{"self":[{"href":"https:\/\/usagers-transports.haut-allier.eu\/index.php\/wp-json\/wp\/v2\/posts\/665","targetHints":{"allow":["GET"]}}],"collection":[{"href":"https:\/\/usagers-transports.haut-allier.eu\/index.php\/wp-json\/wp\/v2\/posts"}],"about":[{"href":"https:\/\/usagers-transports.haut-allier.eu\/index.php\/wp-json\/wp\/v2\/types\/post"}],"author":[{"embeddable":true,"href":"https:\/\/usagers-transports.haut-allier.eu\/index.php\/wp-json\/wp\/v2\/users\/1"}],"replies":[{"embeddable":true,"href":"https:\/\/usagers-transports.haut-allier.eu\/index.php\/wp-json\/wp\/v2\/comments?post=665"}],"version-history":[{"count":0,"href":"https:\/\/usagers-transports.haut-allier.eu\/index.php\/wp-json\/wp\/v2\/posts\/665\/revisions"}],"wp:featuredmedia":[{"embeddable":true,"href":"https:\/\/usagers-transports.haut-allier.eu\/index.php\/wp-json\/wp\/v2\/media\/2903"}],"wp:attachment":[{"href":"https:\/\/usagers-transports.haut-allier.eu\/index.php\/wp-json\/wp\/v2\/media?parent=665"}],"wp:term":[{"taxonomy":"category","embeddable":true,"href":"https:\/\/usagers-transports.haut-allier.eu\/index.php\/wp-json\/wp\/v2\/categories?post=665"},{"taxonomy":"post_tag","embeddable":true,"href":"https:\/\/usagers-transports.haut-allier.eu\/index.php\/wp-json\/wp\/v2\/tags?post=665"}],"curies":[{"name":"wp","href":"https:\/\/api.w.org\/{rel}","templated":true}]}}