{"id":667,"date":"2020-05-10T20:30:39","date_gmt":"2020-05-10T18:30:39","guid":{"rendered":"http:\/\/5.45.101.177\/haut-allier\/usagers-transportse\/index.php\/2020\/05\/10\/auvergne-le-point-sur-la-reprise667\/"},"modified":"2020-05-10T20:30:39","modified_gmt":"2020-05-10T18:30:39","slug":"auvergne-le-point-sur-la-reprise667","status":"publish","type":"post","link":"https:\/\/usagers-transports.haut-allier.eu\/index.php\/2020\/05\/10\/auvergne-le-point-sur-la-reprise667\/","title":{"rendered":"Auvergne : le point sur la reprise des circulations ferroviaires"},"content":{"rendered":"<p>Emmanuel Moreau de France Bleu Auvergne vient de faire un bilan de ce qui va se passer d\u00e8s demain lundi 11 mai dans l&rsquo;ex r\u00e9gion Auvergne.<br \/>\n&nbsp;<br \/>\nExtrait de son article : <a href=\"https:\/\/www.francebleu.fr\/infos\/transports\/deconfinement-le-trafic-sncf-reprend-mais-pas-partout-1589110116#xtor=RSS-141\"><strong>\u00ab\u00a0D\u00e9confinement &#8211; le trafic SNCF reprend mais pas partout\u00a0\u00bb<\/strong> <\/a><br \/>\n&nbsp;<\/p>\n<p>[(<br \/>\nLe trafic de la SNCF sera encore loin de la normale ce lundi, mais les trains seront tout de m\u00eame bien plus nombreux que pendant la p\u00e9riode de confinement.<\/p>\n<p>&nbsp;<br \/>\nPlusieurs trains ont circul\u00e9 \u00e0 vide ce dimanche. La SNCF a fait ce qu&rsquo;elle appelle le \u00ab\u00a0d\u00e9rouillage\u00a0\u00bb des lignes pour v\u00e9rifier que tous les syst\u00e8mes de s\u00e9curit\u00e9, en particulier signalisation et passages \u00e0 niveau, fonctionnaient bien. Malgr\u00e9 tout, la reprise reste partielle et ne concerne pas encore toutes les lignes.<br \/>\n&nbsp;<br \/>\nUne seule ligne conna\u00eetra un trafic normal en Auvergne. Bizarrement, il s&rsquo;agit de la ligne Clermont-Volvic (5 allers-retours), souvent habitu\u00e9e \u00e0 voir ses trains supprim\u00e9s d\u00e8s que le trafic est perturb\u00e9.<br \/>\n&nbsp;<br \/>\nQuelques lignes conna\u00eetront un trafic relativement soutenu m\u00eame s&rsquo;il y aura moins de trains qu&rsquo;\u00e0 la normale (&#8230;).<br \/>\n&nbsp;<br \/>\nEn revanche, de nombreuses lignes vont devoir attendre avant de voir \u00e0 nouveau passer des trains. C&rsquo;est le cas des lignes au d\u00e9part de Clermont vers Le Puy, N\u00eemes, Aurillac, Montlu\u00e7on, des lignes Le Puy &#8211; Firminy et Montlu\u00e7on &#8211; Bourges. Quelques bus de substitution circuleront mais il faudra \u00eatre patient, voire tr\u00e8s patient parfois, pour que la desserte ferroviaire reprenne.<br \/>\n&nbsp;<br \/>\nLes Intercit\u00e9s Clermont &#8211; Paris :<br \/>\n&nbsp;<br \/>\nPendant le confinement, la desserte \u00e9tait r\u00e9duite \u00e0 un seul aller-retour par jour (au d\u00e9part et \u00e0 l&rsquo;arriv\u00e9e de la gare de Lyon) au lieu de 8 allers-retours en temps normal. Ce lundi, il y aura 3 allers-retours entre Clermont et la capitale, qui retrouvent la gare de Bercy.  <\/p>\n<p>)]<\/p>\n<p><strong>Les usagers du Haut Allier ont bien compris que pour se d\u00e9placer au nord, vers Paris il leur faudra prendre un train \u00e0 Brioude ou Issoire. C\u00f4t\u00e9 Le Puy pour aller sur Lyon, que des bus pr\u00e9vus demain ! <\/strong><\/p>\n","protected":false},"excerpt":{"rendered":"<p>Emmanuel Moreau de France Bleu Auvergne vient de faire un bilan de ce qui va se passer d\u00e8s<\/p>\n","protected":false},"author":1,"featured_media":2908,"comment_status":"open","ping_status":"open","sticky":false,"template":"","format":"standard","meta":{"footnotes":""},"categories":[2],"tags":[],"class_list":["post-667","post","type-post","status-publish","format-standard","has-post-thumbnail","hentry","category-infos"],"_links":{"self":[{"href":"https:\/\/usagers-transports.haut-allier.eu\/index.php\/wp-json\/wp\/v2\/posts\/667","targetHints":{"allow":["GET"]}}],"collection":[{"href":"https:\/\/usagers-transports.haut-allier.eu\/index.php\/wp-json\/wp\/v2\/posts"}],"about":[{"href":"https:\/\/usagers-transports.haut-allier.eu\/index.php\/wp-json\/wp\/v2\/types\/post"}],"author":[{"embeddable":true,"href":"https:\/\/usagers-transports.haut-allier.eu\/index.php\/wp-json\/wp\/v2\/users\/1"}],"replies":[{"embeddable":true,"href":"https:\/\/usagers-transports.haut-allier.eu\/index.php\/wp-json\/wp\/v2\/comments?post=667"}],"version-history":[{"count":0,"href":"https:\/\/usagers-transports.haut-allier.eu\/index.php\/wp-json\/wp\/v2\/posts\/667\/revisions"}],"wp:featuredmedia":[{"embeddable":true,"href":"https:\/\/usagers-transports.haut-allier.eu\/index.php\/wp-json\/wp\/v2\/media\/2908"}],"wp:attachment":[{"href":"https:\/\/usagers-transports.haut-allier.eu\/index.php\/wp-json\/wp\/v2\/media?parent=667"}],"wp:term":[{"taxonomy":"category","embeddable":true,"href":"https:\/\/usagers-transports.haut-allier.eu\/index.php\/wp-json\/wp\/v2\/categories?post=667"},{"taxonomy":"post_tag","embeddable":true,"href":"https:\/\/usagers-transports.haut-allier.eu\/index.php\/wp-json\/wp\/v2\/tags?post=667"}],"curies":[{"name":"wp","href":"https:\/\/api.w.org\/{rel}","templated":true}]}}