{"id":668,"date":"2020-05-15T07:42:55","date_gmt":"2020-05-15T05:42:55","guid":{"rendered":"http:\/\/5.45.101.177\/haut-allier\/usagers-transportse\/index.php\/2020\/05\/15\/ligne-du-train-cevenol-reprise668\/"},"modified":"2020-05-15T07:42:55","modified_gmt":"2020-05-15T05:42:55","slug":"ligne-du-train-cevenol-reprise668","status":"publish","type":"post","link":"https:\/\/usagers-transports.haut-allier.eu\/index.php\/2020\/05\/15\/ligne-du-train-cevenol-reprise668\/","title":{"rendered":"Ligne du train C\u00e9venol : Reprise probable des circulations le 3 juillet 2020"},"content":{"rendered":"<p>Le sc\u00e9nario qui se dessine clairement d\u00e9sormais pour la ligne Clermont-Ferrand N\u00eemes est la fin des \u00ab\u00a0travaux\u00a0\u00bb 2020 et la <strong>reprise du trafic le 3 juillet<\/strong>. Les travaux ont \u00e9t\u00e9 gliss\u00e9s jusqu&rsquo;en juillet, ils devaient \u00e0 l&rsquo;origine se terminer \u00e0 mi juin. Mais tout n&rsquo;est pas si simple. ce n&rsquo;est jamais simple avec le prestataire SNCF&#8230;<br \/>\n&nbsp;<br \/>\n[fond jaune]SNCF persiste \u00e0 d\u00e9courager l&rsquo;usager ![\/fond jaune]<br \/>\n&nbsp;<br \/>\nEt \u00e0 avantager le trajet Clermont Lyon N\u00eemes. Ainsi si vous pr\u00e9parez vos vacances et donc vos voyages, en juillet il vous en co\u00fbtera 45 euros minimum pour relier Clermont Ferrand \u00e0 N\u00eemes par le trac\u00e9 direct alors que le train suivant vous sera factur\u00e9 44 euros en passant par Lyon. Le scandale des tarifs revient.<br \/>\n&nbsp;<br \/>\n<img loading=\"lazy\" decoding=\"async\" class=\" aligncenter size-full wp-image-2910\" src=\"http:\/\/5.45.101.177\/haut-allier\/usagers-transportse\/wp-content\/uploads\/2020\/05\/fireshot_capture_023_-_selectionnez_votre_voyage_-_www.oui_.sncf_.png\" alt=\"fireshot_capture_023_-_selectionnez_votre_voyage_-_www.oui.sncf.png\" align=\"center\" width=\"949\" height=\"556\" srcset=\"https:\/\/usagers-transports.haut-allier.eu\/wp-content\/uploads\/2020\/05\/fireshot_capture_023_-_selectionnez_votre_voyage_-_www.oui_.sncf_.png 949w, https:\/\/usagers-transports.haut-allier.eu\/wp-content\/uploads\/2020\/05\/fireshot_capture_023_-_selectionnez_votre_voyage_-_www.oui_.sncf_-300x176.png 300w, https:\/\/usagers-transports.haut-allier.eu\/wp-content\/uploads\/2020\/05\/fireshot_capture_023_-_selectionnez_votre_voyage_-_www.oui_.sncf_-768x450.png 768w\" sizes=\"auto, (max-width: 949px) 100vw, 949px\" \/><br \/>\n&nbsp;<br \/>\nNous retombons dans le combat d&rsquo;il y a dix ans sur les tarifs et le sabotage de la liaison directe Clermont N\u00eemes par la soci\u00e9t\u00e9 dite ferroviaire.<br \/>\n&nbsp;<br \/>\n[fond jaune]La politique du tout TGV continue malgr\u00e9 les beaux discours[\/fond jaune]<br \/>\n&nbsp;<br \/>\n&#8211; Est-ce normal qu&rsquo;un trac\u00e9 de pr\u00e8s du double de kilom\u00e8tres soit factur\u00e9 moins cher que la liaison directe ?<br \/>\n&#8211; Est-ce normal qu&rsquo;une liaison de moins de 300 kms soit factur\u00e9e le m\u00eame prix qu&rsquo;un billet Paris N\u00eemes en TGV le m\u00eame jour ?<br \/>\n<img loading=\"lazy\" decoding=\"async\" class=\" aligncenter size-full wp-image-2911\" src=\"http:\/\/5.45.101.177\/haut-allier\/usagers-transportse\/wp-content\/uploads\/2020\/05\/fireshot_capture_024_-_selectionnez_votre_voyage_-_www.oui_.sncf_.png\" alt=\"fireshot_capture_024_-_selectionnez_votre_voyage_-_www.oui.sncf.png\" align=\"center\" width=\"925\" height=\"158\" srcset=\"https:\/\/usagers-transports.haut-allier.eu\/wp-content\/uploads\/2020\/05\/fireshot_capture_024_-_selectionnez_votre_voyage_-_www.oui_.sncf_.png 925w, https:\/\/usagers-transports.haut-allier.eu\/wp-content\/uploads\/2020\/05\/fireshot_capture_024_-_selectionnez_votre_voyage_-_www.oui_.sncf_-300x51.png 300w, https:\/\/usagers-transports.haut-allier.eu\/wp-content\/uploads\/2020\/05\/fireshot_capture_024_-_selectionnez_votre_voyage_-_www.oui_.sncf_-768x131.png 768w\" sizes=\"auto, (max-width: 925px) 100vw, 925px\" \/><br \/>\n&#8211; Est-ce normal que la SNCF persiste \u00e0 d\u00e9tourner les usagers du r\u00e9seau structurant vers les liaisons TGV \u00e0 tous prix ? Et ce au d\u00e9triment de tous, des r\u00e9gions, des habitants ?<br \/>\n&nbsp;<br \/>\nVous r\u00e9pondrez de vous m\u00eame.<br \/>\n&nbsp;<br \/>\nNous mettons en copie les responsables transports des deux r\u00e9gions travers\u00e9es qui se battent, eux, pour maintenir les lignes irrigantes.<\/p>\n","protected":false},"excerpt":{"rendered":"<p>Le sc\u00e9nario qui se dessine clairement d\u00e9sormais pour la ligne Clermont-Ferrand N\u00eemes est la fin des \u00ab\u00a0travaux\u00a0\u00bb 2020<\/p>\n","protected":false},"author":1,"featured_media":2909,"comment_status":"open","ping_status":"open","sticky":false,"template":"","format":"standard","meta":{"footnotes":""},"categories":[8],"tags":[],"class_list":["post-668","post","type-post","status-publish","format-standard","has-post-thumbnail","hentry","category-communiques"],"_links":{"self":[{"href":"https:\/\/usagers-transports.haut-allier.eu\/index.php\/wp-json\/wp\/v2\/posts\/668","targetHints":{"allow":["GET"]}}],"collection":[{"href":"https:\/\/usagers-transports.haut-allier.eu\/index.php\/wp-json\/wp\/v2\/posts"}],"about":[{"href":"https:\/\/usagers-transports.haut-allier.eu\/index.php\/wp-json\/wp\/v2\/types\/post"}],"author":[{"embeddable":true,"href":"https:\/\/usagers-transports.haut-allier.eu\/index.php\/wp-json\/wp\/v2\/users\/1"}],"replies":[{"embeddable":true,"href":"https:\/\/usagers-transports.haut-allier.eu\/index.php\/wp-json\/wp\/v2\/comments?post=668"}],"version-history":[{"count":0,"href":"https:\/\/usagers-transports.haut-allier.eu\/index.php\/wp-json\/wp\/v2\/posts\/668\/revisions"}],"wp:featuredmedia":[{"embeddable":true,"href":"https:\/\/usagers-transports.haut-allier.eu\/index.php\/wp-json\/wp\/v2\/media\/2909"}],"wp:attachment":[{"href":"https:\/\/usagers-transports.haut-allier.eu\/index.php\/wp-json\/wp\/v2\/media?parent=668"}],"wp:term":[{"taxonomy":"category","embeddable":true,"href":"https:\/\/usagers-transports.haut-allier.eu\/index.php\/wp-json\/wp\/v2\/categories?post=668"},{"taxonomy":"post_tag","embeddable":true,"href":"https:\/\/usagers-transports.haut-allier.eu\/index.php\/wp-json\/wp\/v2\/tags?post=668"}],"curies":[{"name":"wp","href":"https:\/\/api.w.org\/{rel}","templated":true}]}}