{"id":670,"date":"2020-06-04T18:24:22","date_gmt":"2020-06-04T16:24:22","guid":{"rendered":"http:\/\/5.45.101.177\/haut-allier\/usagers-transportse\/index.php\/2020\/06\/04\/1-million-de-billets-a-un-euro670\/"},"modified":"2020-06-04T18:24:22","modified_gmt":"2020-06-04T16:24:22","slug":"1-million-de-billets-a-un-euro670","status":"publish","type":"post","link":"https:\/\/usagers-transports.haut-allier.eu\/index.php\/2020\/06\/04\/1-million-de-billets-a-un-euro670\/","title":{"rendered":"1 million de  billets \u00e0 un euro tout l&rsquo;\u00e9t\u00e9 en Occitanie et des tarifs inchang\u00e9s en Auvergne Rh\u00f4ne Alpes"},"content":{"rendered":"<p>Rappelons que sur la ligne N\u00eemes Clermont-Ferrand un \u00e0 deux TER sur trois sont g\u00e9r\u00e9s par la r\u00e9gion Occitanie de bout en bout.<br \/>\n&nbsp;<br \/>\nLors de la conf\u00e9rence de presse ce jeudi 4 juin, d\u00e9di\u00e9e \u00e0 l&rsquo;un des volets de la relance de l&rsquo;\u00e9conomie touristique r\u00e9gionale, la pr\u00e9sidente de la R\u00e9gion Occitanie, Carole Delga, accompagn\u00e9e de Jean-Luc Gibelin, vice-pr\u00e9sident en charge des mobilit\u00e9s et des infrastructures de transports, et Vincent Garel, pr\u00e9sident du Comit\u00e9 r\u00e9gional du tourisme, ont pr\u00e9sent\u00e9 les offres de transports en commun \u00e0 petits prix pour pr\u00e9server le pouvoir d&rsquo;achat des vacanciers et favoriser une nouvelle fois l&rsquo;usage des transports en commun et des mobilit\u00e9s douces.<br \/>\n&nbsp;<br \/>\n[jaune][fond rouge]<strong>1 million de billets \u00e0 1 \u20ac et des offres EvasiO&rsquo; renforc\u00e9es<\/strong>[\/fond rouge][\/jaune]<br \/>\n&nbsp;<br \/>\nQuand au niveau national la SNCF propose 3 millions de billets \u00e0 moins de 49 \u20ac, la R\u00e9gion Occitanie \/ Pyr\u00e9n\u00e9es-M\u00e9diterran\u00e9e propose \u00e0 elle seule 1 million de billets \u00e0 1 \u20ac, du 6 juin \u00e0 la fin du mois de septembre. L&rsquo;offre est la suivante :<br \/>\n&nbsp;<br \/>\n&#8211; <strong>1\u20ac pour les moins de 26 ans, tous les jours en juillet et ao\u00fbt, sur tous les trajets.<\/strong><\/p>\n<p>&#8211; <strong>1\u20ac tous les week-ends des mois de juin et septembre, pour tous les trajets et tous les voyageurs.<\/strong><\/p>\n<p>&#8211; <strong>En juillet et en ao\u00fbt, un quota de billet \u00e0 1 \u20ac sera propos\u00e9 pour les premiers voyageurs qui r\u00e9serveront, sur tous les trajets en semaine comme le week-end.<\/strong><\/p>\n<p>&nbsp;<br \/>\nLa R\u00e9gion Occitanie renforce \u00e9galement l&rsquo;offre EvasiO&rsquo;, en d\u00e9ployant les EvasiO&rsquo; Culture et en cr\u00e9ant une nouvelle proposition, EvasiO&rsquo; Plein Air, combinant les trains \u00e0 50 % avec les parcours de randonn\u00e9es.<br \/>\n&nbsp;<br \/>\nA vos r\u00e9servations !<br \/>\n&nbsp;<br \/>\n[fond rouge][jaune]Et c\u00f4t\u00e9 Auvergne Rh\u00f4ne Alpes ?[\/jaune][\/fond rouge]<br \/>\n&nbsp;<br \/>\nLaurent Wauquiez son pr\u00e9sident a annonc\u00e9 de son c\u00f4t\u00e9 hier qu&rsquo;il d\u00e9cidait de ne pas augmenter le tarif des billets TER comme il en a le droit tous les ans. Dont acte.<\/p>\n","protected":false},"excerpt":{"rendered":"<p>Rappelons que sur la ligne N\u00eemes Clermont-Ferrand un \u00e0 deux TER sur trois sont g\u00e9r\u00e9s par la r\u00e9gion<\/p>\n","protected":false},"author":1,"featured_media":2914,"comment_status":"open","ping_status":"open","sticky":false,"template":"","format":"standard","meta":{"footnotes":""},"categories":[3],"tags":[],"class_list":["post-670","post","type-post","status-publish","format-standard","has-post-thumbnail","hentry","category-en-train"],"_links":{"self":[{"href":"https:\/\/usagers-transports.haut-allier.eu\/index.php\/wp-json\/wp\/v2\/posts\/670","targetHints":{"allow":["GET"]}}],"collection":[{"href":"https:\/\/usagers-transports.haut-allier.eu\/index.php\/wp-json\/wp\/v2\/posts"}],"about":[{"href":"https:\/\/usagers-transports.haut-allier.eu\/index.php\/wp-json\/wp\/v2\/types\/post"}],"author":[{"embeddable":true,"href":"https:\/\/usagers-transports.haut-allier.eu\/index.php\/wp-json\/wp\/v2\/users\/1"}],"replies":[{"embeddable":true,"href":"https:\/\/usagers-transports.haut-allier.eu\/index.php\/wp-json\/wp\/v2\/comments?post=670"}],"version-history":[{"count":0,"href":"https:\/\/usagers-transports.haut-allier.eu\/index.php\/wp-json\/wp\/v2\/posts\/670\/revisions"}],"wp:featuredmedia":[{"embeddable":true,"href":"https:\/\/usagers-transports.haut-allier.eu\/index.php\/wp-json\/wp\/v2\/media\/2914"}],"wp:attachment":[{"href":"https:\/\/usagers-transports.haut-allier.eu\/index.php\/wp-json\/wp\/v2\/media?parent=670"}],"wp:term":[{"taxonomy":"category","embeddable":true,"href":"https:\/\/usagers-transports.haut-allier.eu\/index.php\/wp-json\/wp\/v2\/categories?post=670"},{"taxonomy":"post_tag","embeddable":true,"href":"https:\/\/usagers-transports.haut-allier.eu\/index.php\/wp-json\/wp\/v2\/tags?post=670"}],"curies":[{"name":"wp","href":"https:\/\/api.w.org\/{rel}","templated":true}]}}