{"id":671,"date":"2020-06-10T13:22:20","date_gmt":"2020-06-10T11:22:20","guid":{"rendered":"http:\/\/5.45.101.177\/haut-allier\/usagers-transportse\/index.php\/2020\/06\/10\/abandonne-par-la-sncf-le-lyon671\/"},"modified":"2020-06-10T13:22:20","modified_gmt":"2020-06-10T11:22:20","slug":"abandonne-par-la-sncf-le-lyon671","status":"publish","type":"post","link":"https:\/\/usagers-transports.haut-allier.eu\/index.php\/2020\/06\/10\/abandonne-par-la-sncf-le-lyon671\/","title":{"rendered":"Abandonn\u00e9 par la SNCF le Lyon Bordeaux direct propos\u00e9 par la coop\u00e9rative Railcoop en 2022"},"content":{"rendered":"<p>Sans passer par Paris. Enfin ! C&rsquo;est une excellente nouvelle pour le Massif central, le Centre et la mobilit\u00e9 : d\u00e9laiss\u00e9e, supprim\u00e9e et rendue impossible depuis le 9 d\u00e9cembre 2012 par la soci\u00e9t\u00e9 nationale dite ferroviaire et l&rsquo;\u00e9tat cette liaison transversale \u00e9vidente et directe qui desservait Libourne, P\u00e9rigueux, Limoges, Saint-Sulpice-Lauri\u00e8re, Gu\u00e9ret, Montlu\u00e7on, Gannat, Saint-Germain-des-Foss\u00e9s et Roanne va reprendre du service puisque la coop\u00e9rative lotoise citoyenne Railcoop dont on vous a d\u00e9j\u00e0 parl\u00e9 ici va la reprendre et la rouvrir en 2022.<br \/>\n&nbsp;<br \/>\nLe temps de parcours total sera de 6h47, plus lent que la connexion via Paris, mais selon Railcoop : \u00ab\u00a0Il y a une vraie demande pour des services ferroviaires directs, confortables, s\u00fbrs, \u00e0 un prix abordable et pour lesquels l\u2019enjeu de vitesse est secondaire\u00a0\u00bb.<br \/>\n&nbsp;<br \/>\nComme ils ont raison.<br \/>\n&nbsp;<br \/>\n<strong>Sans subventions publiques !<\/strong><br \/>\n&nbsp;<br \/>\nMais comment vont-ils faire ? Railcoop c\u2019est une offre de services compl\u00e9mentaires au service public, disent-ils, qui s\u2019inscrit dans le cadre des services librement organis\u00e9s. Concr\u00e8tement ils feront rouler des trains de passagers et de marchandises sans subvention publique. Ils assureront des services grandes lignes nationales et internationales, <strong>de jour comme de nuit<\/strong> ainsi que des dessertes locales utiles aux territoires.<br \/>\n&nbsp;<br \/>\nDe jour comme de nuit ! Mais la SNCF va devoir rouvrir les gares ? Et assurer \u00e0 nouveau un service la nuit ? Comment vont-ils y arriver ? A moins que la coop d\u00e9cide de s&rsquo;en passer et c&rsquo;est certainement possible.<br \/>\n&nbsp;<br \/>\n<img loading=\"lazy\" decoding=\"async\" class=\" aligncenter size-full wp-image-2916\" src=\"http:\/\/5.45.101.177\/haut-allier\/usagers-transportse\/wp-content\/uploads\/2020\/06\/fireshot_capture_048_-_railcoop_-_compagnie_de_transport_ferroviaire_-_www.railcoop.fr_.png\" alt=\"fireshot_capture_048_-_railcoop_-_compagnie_de_transport_ferroviaire_-_www.railcoop.fr.png\" align=\"center\" width=\"1024\" height=\"597\" srcset=\"https:\/\/usagers-transports.haut-allier.eu\/wp-content\/uploads\/2020\/06\/fireshot_capture_048_-_railcoop_-_compagnie_de_transport_ferroviaire_-_www.railcoop.fr_.png 1024w, https:\/\/usagers-transports.haut-allier.eu\/wp-content\/uploads\/2020\/06\/fireshot_capture_048_-_railcoop_-_compagnie_de_transport_ferroviaire_-_www.railcoop.fr_-300x175.png 300w, https:\/\/usagers-transports.haut-allier.eu\/wp-content\/uploads\/2020\/06\/fireshot_capture_048_-_railcoop_-_compagnie_de_transport_ferroviaire_-_www.railcoop.fr_-768x448.png 768w\" sizes=\"auto, (max-width: 1024px) 100vw, 1024px\" \/><br \/>\n&nbsp;<br \/>\nCitoyens pr\u00e9occup\u00e9s de l&rsquo;avenir de nos territoires, d\u00e9p\u00eachez vous de devenir soci\u00e9taires de l&rsquo;organisation, pour :<br \/>\n&#8211; d\u00e9cider lors des r\u00e9unions, un vote = une voix, et bien s\u00fbr&#8230;<br \/>\n&#8211; partager les b\u00e9n\u00e9fices monstrueux qu&rsquo;elle va engendrer.<br \/>\n&nbsp;<br \/>\nC&rsquo;est <a href=\"https:\/\/www.railcoop.fr\/etre-societaire\/\"><strong>ici<\/strong><\/a>.<\/p>\n","protected":false},"excerpt":{"rendered":"<p>Sans passer par Paris. Enfin ! C&rsquo;est une excellente nouvelle pour le Massif central, le Centre et la<\/p>\n","protected":false},"author":1,"featured_media":2915,"comment_status":"open","ping_status":"open","sticky":false,"template":"","format":"standard","meta":{"footnotes":""},"categories":[2],"tags":[],"class_list":["post-671","post","type-post","status-publish","format-standard","has-post-thumbnail","hentry","category-infos"],"_links":{"self":[{"href":"https:\/\/usagers-transports.haut-allier.eu\/index.php\/wp-json\/wp\/v2\/posts\/671","targetHints":{"allow":["GET"]}}],"collection":[{"href":"https:\/\/usagers-transports.haut-allier.eu\/index.php\/wp-json\/wp\/v2\/posts"}],"about":[{"href":"https:\/\/usagers-transports.haut-allier.eu\/index.php\/wp-json\/wp\/v2\/types\/post"}],"author":[{"embeddable":true,"href":"https:\/\/usagers-transports.haut-allier.eu\/index.php\/wp-json\/wp\/v2\/users\/1"}],"replies":[{"embeddable":true,"href":"https:\/\/usagers-transports.haut-allier.eu\/index.php\/wp-json\/wp\/v2\/comments?post=671"}],"version-history":[{"count":0,"href":"https:\/\/usagers-transports.haut-allier.eu\/index.php\/wp-json\/wp\/v2\/posts\/671\/revisions"}],"wp:featuredmedia":[{"embeddable":true,"href":"https:\/\/usagers-transports.haut-allier.eu\/index.php\/wp-json\/wp\/v2\/media\/2915"}],"wp:attachment":[{"href":"https:\/\/usagers-transports.haut-allier.eu\/index.php\/wp-json\/wp\/v2\/media?parent=671"}],"wp:term":[{"taxonomy":"category","embeddable":true,"href":"https:\/\/usagers-transports.haut-allier.eu\/index.php\/wp-json\/wp\/v2\/categories?post=671"},{"taxonomy":"post_tag","embeddable":true,"href":"https:\/\/usagers-transports.haut-allier.eu\/index.php\/wp-json\/wp\/v2\/tags?post=671"}],"curies":[{"name":"wp","href":"https:\/\/api.w.org\/{rel}","templated":true}]}}