{"id":672,"date":"2020-06-15T16:15:27","date_gmt":"2020-06-15T14:15:27","guid":{"rendered":"http:\/\/5.45.101.177\/haut-allier\/usagers-transportse\/index.php\/2020\/06\/15\/seuls-2-deputes-de-l-est-du-massif672\/"},"modified":"2020-06-15T16:15:27","modified_gmt":"2020-06-15T14:15:27","slug":"seuls-2-deputes-de-l-est-du-massif672","status":"publish","type":"post","link":"https:\/\/usagers-transports.haut-allier.eu\/index.php\/2020\/06\/15\/seuls-2-deputes-de-l-est-du-massif672\/","title":{"rendered":"Seuls 2 d\u00e9put\u00e9s de l&rsquo;est du massif central d\u00e9fendent ses \u00e9toiles ferroviaires"},"content":{"rendered":"<p>Le gouvernement devait en d\u00e9but d&rsquo;ann\u00e9e d\u00e9cider du devenir et du d\u00e9veloppement des \u00e9toiles ferroviaires, un appel massif des \u00e9lus et des usagers exigeaient <strong>qu&rsquo;il ne s&rsquo;agisse pas uniquement des \u00e9toiles ferroviaires des m\u00e9tropoles mais aussi de celles de la ruralit\u00e9. <\/strong><br \/>\n&nbsp;<br \/>\nPour le massif central nous avions donc demand\u00e9 \u00e0 tous les d\u00e9put\u00e9s concern\u00e9s du Gard, de Loz\u00e8re, de Haute-Loire et du Puy de D\u00f4me d&rsquo;interpeller le gouvernement par cette lettre personnalis\u00e9e envoy\u00e9e le 3 f\u00e9vrier 2020. Nous demandions une action pour les \u00e9toiles de Clermont-Ferrand, Pont de Dore, Arvant, Saint-Georges d&rsquo;Aurac, LaBastide Saint-Laurent, Marvejols, Neussargues, S\u00e9verac le Ch\u00e2teau, Al\u00e8s et N\u00eemes  :<br \/>\n&nbsp;<br \/>\n<img loading=\"lazy\" decoding=\"async\" class=\" aligncenter size-full wp-image-2918\" src=\"http:\/\/5.45.101.177\/haut-allier\/usagers-transportse\/wp-content\/uploads\/2020\/06\/lettre-chassaigne-andre-etoile-ferroviaire-clermontfd.jpg\" alt=\"lettre-chassaigne-andre-etoile-ferroviaire-clermontfd.jpg\" align=\"center\" width=\"826\" height=\"1169\" srcset=\"https:\/\/usagers-transports.haut-allier.eu\/wp-content\/uploads\/2020\/06\/lettre-chassaigne-andre-etoile-ferroviaire-clermontfd.jpg 826w, https:\/\/usagers-transports.haut-allier.eu\/wp-content\/uploads\/2020\/06\/lettre-chassaigne-andre-etoile-ferroviaire-clermontfd-212x300.jpg 212w, https:\/\/usagers-transports.haut-allier.eu\/wp-content\/uploads\/2020\/06\/lettre-chassaigne-andre-etoile-ferroviaire-clermontfd-724x1024.jpg 724w, https:\/\/usagers-transports.haut-allier.eu\/wp-content\/uploads\/2020\/06\/lettre-chassaigne-andre-etoile-ferroviaire-clermontfd-768x1087.jpg 768w\" sizes=\"auto, (max-width: 826px) 100vw, 826px\" \/><br \/>\n&nbsp;<br \/>\n[fond rouge][jaune]<strong>Seuls deux d\u00e9put\u00e9s ont agi : <\/strong>[\/jaune][\/fond rouge]<br \/>\n&nbsp;<br \/>\n&#8211; Le d\u00e9put\u00e9 de la Loz\u00e8re <strong>Pierre Morel A L&rsquo;Huissier<\/strong> :<\/p>\n<p>[(<br \/>\n<em>Monsieur,<br \/>\n&nbsp;<br \/>\nDerni\u00e8rement, par mail du 04 f\u00e9vrier 2020, vous avez bien voulu attirer mon attention, au nom du Collectif des usagers des Transports du Haut-Allier, sur l\u2019avenir des \u00e9toiles ferroviaires, notamment celles de LA BASTIDE &#8211; ST LAURENT LES BAINS et MARVEJOLS.<br \/>\n&nbsp;<br \/>\nJe tenais \u00e0 vous assurer avoir pris bonne connaissance de vos interrogations concernant le financement de ces lignes dans le cadre du futur CPER (contrat de plan Etat-R\u00e9gion).<br \/>\n&nbsp;<br \/>\nSoucieux de vous accompagner du mieux qu\u2019il soit et de vous apporter une r\u00e9ponse circonstanci\u00e9e, je vous informe avoir pris l\u2019attache de M. Jean-Baptiste DJEBBARI, Secr\u00e9taire d\u2019Etat charg\u00e9 des Transports, afin que cette probl\u00e9matique puisse faire l\u2019objet d\u2019une bienveillante attention et conna\u00eetre les intentions du Gouvernement en la mati\u00e8re.<br \/>\n&nbsp;<br \/>\nSoyez assur\u00e9 que je ne manquerai pas de revenir vers vous, le moment venu, afin de vous communiquer les \u00e9l\u00e9ments de r\u00e9ponse qui me seront r\u00e9serv\u00e9s \u00e0 ce sujet.<br \/>\n&nbsp;<br \/>\nDemeurant \u00e0 votre \u00e9coute et \u00e0 votre enti\u00e8re disposition, et dans l\u2019attente, je vous prie d\u2019agr\u00e9er, Monsieur, mes sinc\u00e8res salutations.<br \/>\n&nbsp;<br \/>\n<br \/>&mdash;&nbsp;<br \/>\nPierre Morel \u00e0 l&rsquo;Huissier<br \/>\nD\u00e9put\u00e9 de la Loz\u00e8re <\/p>\n<p>3 All\u00e9e Piencourt &#8211; BP 32 &#8211; 48001 Mende Cedex<br \/>\n<\/em><br \/>\n)]<\/p>\n<p>&#8211; et le d\u00e9put\u00e9 du Puy de D\u00f4me <strong>Andr\u00e9 Chassaigne<\/strong> :<br \/>\n&nbsp;<br \/>\n<img loading=\"lazy\" decoding=\"async\" class=\" aligncenter size-full wp-image-2919\" src=\"http:\/\/5.45.101.177\/haut-allier\/usagers-transportse\/wp-content\/uploads\/2020\/06\/lettre-a-chassaigne-djebarri-00.jpg\" alt=\"lettre-a-chassaigne-djebarri-00.jpg\" align=\"center\" width=\"826\" height=\"1169\" srcset=\"https:\/\/usagers-transports.haut-allier.eu\/wp-content\/uploads\/2020\/06\/lettre-a-chassaigne-djebarri-00.jpg 826w, https:\/\/usagers-transports.haut-allier.eu\/wp-content\/uploads\/2020\/06\/lettre-a-chassaigne-djebarri-00-212x300.jpg 212w, https:\/\/usagers-transports.haut-allier.eu\/wp-content\/uploads\/2020\/06\/lettre-a-chassaigne-djebarri-00-724x1024.jpg 724w, https:\/\/usagers-transports.haut-allier.eu\/wp-content\/uploads\/2020\/06\/lettre-a-chassaigne-djebarri-00-768x1087.jpg 768w\" sizes=\"auto, (max-width: 826px) 100vw, 826px\" \/><br \/>\n<img loading=\"lazy\" decoding=\"async\" class=\" aligncenter size-full wp-image-2920\" src=\"http:\/\/5.45.101.177\/haut-allier\/usagers-transportse\/wp-content\/uploads\/2020\/06\/lettre-a-chassaigne-djebarri-01.jpg\" alt=\"lettre-a-chassaigne-djebarri-01.jpg\" align=\"center\" width=\"826\" height=\"1169\" srcset=\"https:\/\/usagers-transports.haut-allier.eu\/wp-content\/uploads\/2020\/06\/lettre-a-chassaigne-djebarri-01.jpg 826w, https:\/\/usagers-transports.haut-allier.eu\/wp-content\/uploads\/2020\/06\/lettre-a-chassaigne-djebarri-01-212x300.jpg 212w, https:\/\/usagers-transports.haut-allier.eu\/wp-content\/uploads\/2020\/06\/lettre-a-chassaigne-djebarri-01-724x1024.jpg 724w, https:\/\/usagers-transports.haut-allier.eu\/wp-content\/uploads\/2020\/06\/lettre-a-chassaigne-djebarri-01-768x1087.jpg 768w\" sizes=\"auto, (max-width: 826px) 100vw, 826px\" \/><br \/>\n&nbsp;<\/p>\n<p>Ce dernier d\u00e9put\u00e9 interpellant le minist\u00e8re \u00e9galement sur la liaison Clermont Thiers Boen Saint-Etienne supprim\u00e9e par la SNCF depuis quelques ann\u00e9es \u00e0 cause d&rsquo;un mauvais \u00e9tat de la voie sur 30 km&#8230;<\/p>\n<p>&nbsp;<br \/>\n<strong>Que tous les deux soient remerci\u00e9s pour leur tenacit\u00e9 \u00e0 d\u00e9fendre le d\u00e9senclavement du massif.<\/strong> Quant aux d\u00e9cisions prises par le gouvernement concernant ce financement des \u00e9toiles ferroviaires&#8230; on dira que la crise \u00e9pid\u00e9miologique est pass\u00e9e par l\u00e0&#8230; donc on attend. Les amis de l&rsquo;\u00e9toile ferroviaire de Toulouse \u00ab\u00a0Rallumons l&rsquo;\u00e9toile\u00a0\u00bb, qui r\u00e9clament un vrai RER et ceux de Veynes dans les Alpes se battent \u00e9galement pour obtenir des d\u00e9cisions. <\/p>\n","protected":false},"excerpt":{"rendered":"<p>Le gouvernement devait en d\u00e9but d&rsquo;ann\u00e9e d\u00e9cider du devenir et du d\u00e9veloppement des \u00e9toiles ferroviaires, un appel massif<\/p>\n","protected":false},"author":1,"featured_media":2917,"comment_status":"open","ping_status":"open","sticky":false,"template":"","format":"standard","meta":{"footnotes":""},"categories":[8],"tags":[],"class_list":["post-672","post","type-post","status-publish","format-standard","has-post-thumbnail","hentry","category-communiques"],"_links":{"self":[{"href":"https:\/\/usagers-transports.haut-allier.eu\/index.php\/wp-json\/wp\/v2\/posts\/672","targetHints":{"allow":["GET"]}}],"collection":[{"href":"https:\/\/usagers-transports.haut-allier.eu\/index.php\/wp-json\/wp\/v2\/posts"}],"about":[{"href":"https:\/\/usagers-transports.haut-allier.eu\/index.php\/wp-json\/wp\/v2\/types\/post"}],"author":[{"embeddable":true,"href":"https:\/\/usagers-transports.haut-allier.eu\/index.php\/wp-json\/wp\/v2\/users\/1"}],"replies":[{"embeddable":true,"href":"https:\/\/usagers-transports.haut-allier.eu\/index.php\/wp-json\/wp\/v2\/comments?post=672"}],"version-history":[{"count":0,"href":"https:\/\/usagers-transports.haut-allier.eu\/index.php\/wp-json\/wp\/v2\/posts\/672\/revisions"}],"wp:featuredmedia":[{"embeddable":true,"href":"https:\/\/usagers-transports.haut-allier.eu\/index.php\/wp-json\/wp\/v2\/media\/2917"}],"wp:attachment":[{"href":"https:\/\/usagers-transports.haut-allier.eu\/index.php\/wp-json\/wp\/v2\/media?parent=672"}],"wp:term":[{"taxonomy":"category","embeddable":true,"href":"https:\/\/usagers-transports.haut-allier.eu\/index.php\/wp-json\/wp\/v2\/categories?post=672"},{"taxonomy":"post_tag","embeddable":true,"href":"https:\/\/usagers-transports.haut-allier.eu\/index.php\/wp-json\/wp\/v2\/tags?post=672"}],"curies":[{"name":"wp","href":"https:\/\/api.w.org\/{rel}","templated":true}]}}