{"id":673,"date":"2020-07-01T09:43:41","date_gmt":"2020-07-01T07:43:41","guid":{"rendered":"http:\/\/5.45.101.177\/haut-allier\/usagers-transportse\/index.php\/2020\/07\/01\/ligne-des-cevennes-les-annonces673\/"},"modified":"2020-07-01T09:43:41","modified_gmt":"2020-07-01T07:43:41","slug":"ligne-des-cevennes-les-annonces673","status":"publish","type":"post","link":"https:\/\/usagers-transports.haut-allier.eu\/index.php\/2020\/07\/01\/ligne-des-cevennes-les-annonces673\/","title":{"rendered":"Ligne des C\u00e9vennes : les annonces positives de la r\u00e9gion AURA"},"content":{"rendered":"<p>D&rsquo;abord la ligne des C\u00e9vennes sur la totalit\u00e9 de son parcours et Clermont Aurillac sont les seules plac\u00e9es en Auvergne en \u00ab\u00a0D\u00e9veloppement d&rsquo;offre\u00a0\u00bb. Une premi\u00e8re pour la r\u00e9gion.<br \/>\n&nbsp;<br \/>\n<img loading=\"lazy\" decoding=\"async\" class=\" aligncenter size-full wp-image-2922\" src=\"http:\/\/5.45.101.177\/haut-allier\/usagers-transportse\/wp-content\/uploads\/2020\/07\/developpement-offre-aura.jpg\" alt=\"developpement-offre-aura.jpg\" align=\"center\" width=\"479\" height=\"546\" srcset=\"https:\/\/usagers-transports.haut-allier.eu\/wp-content\/uploads\/2020\/07\/developpement-offre-aura.jpg 479w, https:\/\/usagers-transports.haut-allier.eu\/wp-content\/uploads\/2020\/07\/developpement-offre-aura-263x300.jpg 263w\" sizes=\"auto, (max-width: 479px) 100vw, 479px\" \/><br \/>\n&nbsp;<br \/>\nEn 2021 la desserte entre Clermont-Ferrand et Brioude restera inchang\u00e9e avec 24 trains&#8230;<br \/>\n&nbsp;<br \/>\n<img loading=\"lazy\" decoding=\"async\" class=\" aligncenter size-full wp-image-2923\" src=\"http:\/\/5.45.101.177\/haut-allier\/usagers-transportse\/wp-content\/uploads\/2020\/07\/moulins-brioude-aura.jpg\" alt=\"moulins-brioude-aura.jpg\" align=\"center\" width=\"1167\" height=\"239\" srcset=\"https:\/\/usagers-transports.haut-allier.eu\/wp-content\/uploads\/2020\/07\/moulins-brioude-aura.jpg 1167w, https:\/\/usagers-transports.haut-allier.eu\/wp-content\/uploads\/2020\/07\/moulins-brioude-aura-300x61.jpg 300w, https:\/\/usagers-transports.haut-allier.eu\/wp-content\/uploads\/2020\/07\/moulins-brioude-aura-1024x210.jpg 1024w, https:\/\/usagers-transports.haut-allier.eu\/wp-content\/uploads\/2020\/07\/moulins-brioude-aura-768x157.jpg 768w\" sizes=\"auto, (max-width: 1167px) 100vw, 1167px\" \/><br \/>\n&nbsp;<br \/>\nMais il est pr\u00e9vu \u00e0 titre exp\u00e9rimental <strong>un 4\u00e8me AR les week-ends d\u00e8s 2021<\/strong> entre Clermont et N\u00eemes :<br \/>\n&nbsp;<br \/>\n<img loading=\"lazy\" decoding=\"async\" class=\" aligncenter size-full wp-image-2924\" src=\"http:\/\/5.45.101.177\/haut-allier\/usagers-transportse\/wp-content\/uploads\/2020\/07\/clermont-nimes-aura.jpg\" alt=\"clermont-nimes-aura.jpg\" align=\"center\" width=\"1309\" height=\"741\" srcset=\"https:\/\/usagers-transports.haut-allier.eu\/wp-content\/uploads\/2020\/07\/clermont-nimes-aura.jpg 1309w, https:\/\/usagers-transports.haut-allier.eu\/wp-content\/uploads\/2020\/07\/clermont-nimes-aura-300x170.jpg 300w, https:\/\/usagers-transports.haut-allier.eu\/wp-content\/uploads\/2020\/07\/clermont-nimes-aura-1024x580.jpg 1024w, https:\/\/usagers-transports.haut-allier.eu\/wp-content\/uploads\/2020\/07\/clermont-nimes-aura-768x435.jpg 768w\" sizes=\"auto, (max-width: 1309px) 100vw, 1309px\" \/><br \/>\n&nbsp;<br \/>\n[fond jaune][rouge]Les points d&rsquo;arr\u00eats ferroviaires sont en cours de remise \u00e0 niveau jusqu&rsquo;\u00e0 Alleyras[\/rouge][\/fond jaune]<br \/>\n&nbsp;<br \/>\n<img loading=\"lazy\" decoding=\"async\" class=\" aligncenter size-full wp-image-2925\" src=\"http:\/\/5.45.101.177\/haut-allier\/usagers-transportse\/wp-content\/uploads\/2020\/07\/points-d-arret-aura.jpg\" alt=\"points-d-arret-aura.jpg\" align=\"center\" width=\"1252\" height=\"224\" srcset=\"https:\/\/usagers-transports.haut-allier.eu\/wp-content\/uploads\/2020\/07\/points-d-arret-aura.jpg 1252w, https:\/\/usagers-transports.haut-allier.eu\/wp-content\/uploads\/2020\/07\/points-d-arret-aura-300x54.jpg 300w, https:\/\/usagers-transports.haut-allier.eu\/wp-content\/uploads\/2020\/07\/points-d-arret-aura-1024x183.jpg 1024w, https:\/\/usagers-transports.haut-allier.eu\/wp-content\/uploads\/2020\/07\/points-d-arret-aura-768x137.jpg 768w\" sizes=\"auto, (max-width: 1252px) 100vw, 1252px\" \/><br \/>\n&nbsp;<br \/>\nOn peut donc esp\u00e9rer disposer enfin d&rsquo;un syst\u00e8me d&rsquo;information en temps r\u00e9el et d&rsquo;autres am\u00e9nagements dans les haltes ferroviaires.<br \/>\n&nbsp;<br \/>\n[fond jaune][rouge]Des tarifs d\u00e8s cet \u00e9t\u00e9[\/rouge][\/fond jaune]<br \/>\n&nbsp;<br \/>\nEn plus des billets \u00e0 un euro de la r\u00e9gion Occitanie (\u00e0 r\u00e9server sur <a href=\"https:\/\/oui.sncf\">Oui.sncf<\/a>) la r\u00e9gion Auvergne Rh\u00f4ne Alpes propose ceci :<br \/>\n&nbsp;<br \/>\n<img loading=\"lazy\" decoding=\"async\" class=\" aligncenter size-full wp-image-2926\" src=\"http:\/\/5.45.101.177\/haut-allier\/usagers-transportse\/wp-content\/uploads\/2020\/07\/offresteraura.jpg\" alt=\"offresteraura.jpg\" align=\"center\" width=\"1172\" height=\"609\" srcset=\"https:\/\/usagers-transports.haut-allier.eu\/wp-content\/uploads\/2020\/07\/offresteraura.jpg 1172w, https:\/\/usagers-transports.haut-allier.eu\/wp-content\/uploads\/2020\/07\/offresteraura-300x156.jpg 300w, https:\/\/usagers-transports.haut-allier.eu\/wp-content\/uploads\/2020\/07\/offresteraura-1024x532.jpg 1024w, https:\/\/usagers-transports.haut-allier.eu\/wp-content\/uploads\/2020\/07\/offresteraura-768x399.jpg 768w\" sizes=\"auto, (max-width: 1172px) 100vw, 1172px\" \/><br \/>\n&nbsp;<br \/>\n<img loading=\"lazy\" decoding=\"async\" class=\" aligncenter size-full wp-image-2927\" src=\"http:\/\/5.45.101.177\/haut-allier\/usagers-transportse\/wp-content\/uploads\/2020\/07\/tarifs-ter.jpg\" alt=\"tarifs-ter.jpg\" align=\"center\" width=\"880\" height=\"313\" srcset=\"https:\/\/usagers-transports.haut-allier.eu\/wp-content\/uploads\/2020\/07\/tarifs-ter.jpg 880w, https:\/\/usagers-transports.haut-allier.eu\/wp-content\/uploads\/2020\/07\/tarifs-ter-300x107.jpg 300w, https:\/\/usagers-transports.haut-allier.eu\/wp-content\/uploads\/2020\/07\/tarifs-ter-768x273.jpg 768w\" sizes=\"auto, (max-width: 880px) 100vw, 880px\" \/><br \/>\n&nbsp;<br \/>\nToutes ces informations nous ont \u00e9t\u00e9 communiqu\u00e9es le mardi 31 juin en vue de la r\u00e9union de concertation transports pr\u00e9vue avec les usagers demain jeudi.<br \/>\n&nbsp;<br \/>\n<strong>Nous sommes donc enfin sur la bonne voie avec la prise de conscience de toutes les parties. Merci \u00e0 tous et toutes.<\/strong><\/p>\n","protected":false},"excerpt":{"rendered":"<p>D&rsquo;abord la ligne des C\u00e9vennes sur la totalit\u00e9 de son parcours et Clermont Aurillac sont les seules plac\u00e9es<\/p>\n","protected":false},"author":1,"featured_media":2921,"comment_status":"open","ping_status":"open","sticky":false,"template":"","format":"standard","meta":{"footnotes":""},"categories":[2],"tags":[],"class_list":["post-673","post","type-post","status-publish","format-standard","has-post-thumbnail","hentry","category-infos"],"_links":{"self":[{"href":"https:\/\/usagers-transports.haut-allier.eu\/index.php\/wp-json\/wp\/v2\/posts\/673","targetHints":{"allow":["GET"]}}],"collection":[{"href":"https:\/\/usagers-transports.haut-allier.eu\/index.php\/wp-json\/wp\/v2\/posts"}],"about":[{"href":"https:\/\/usagers-transports.haut-allier.eu\/index.php\/wp-json\/wp\/v2\/types\/post"}],"author":[{"embeddable":true,"href":"https:\/\/usagers-transports.haut-allier.eu\/index.php\/wp-json\/wp\/v2\/users\/1"}],"replies":[{"embeddable":true,"href":"https:\/\/usagers-transports.haut-allier.eu\/index.php\/wp-json\/wp\/v2\/comments?post=673"}],"version-history":[{"count":0,"href":"https:\/\/usagers-transports.haut-allier.eu\/index.php\/wp-json\/wp\/v2\/posts\/673\/revisions"}],"wp:featuredmedia":[{"embeddable":true,"href":"https:\/\/usagers-transports.haut-allier.eu\/index.php\/wp-json\/wp\/v2\/media\/2921"}],"wp:attachment":[{"href":"https:\/\/usagers-transports.haut-allier.eu\/index.php\/wp-json\/wp\/v2\/media?parent=673"}],"wp:term":[{"taxonomy":"category","embeddable":true,"href":"https:\/\/usagers-transports.haut-allier.eu\/index.php\/wp-json\/wp\/v2\/categories?post=673"},{"taxonomy":"post_tag","embeddable":true,"href":"https:\/\/usagers-transports.haut-allier.eu\/index.php\/wp-json\/wp\/v2\/tags?post=673"}],"curies":[{"name":"wp","href":"https:\/\/api.w.org\/{rel}","templated":true}]}}