{"id":674,"date":"2020-07-03T07:49:10","date_gmt":"2020-07-03T05:49:10","guid":{"rendered":"http:\/\/5.45.101.177\/haut-allier\/usagers-transportse\/index.php\/2020\/07\/03\/les-billets-a-un-euro-pour-les674\/"},"modified":"2020-07-03T07:49:10","modified_gmt":"2020-07-03T05:49:10","slug":"les-billets-a-un-euro-pour-les674","status":"publish","type":"post","link":"https:\/\/usagers-transports.haut-allier.eu\/index.php\/2020\/07\/03\/les-billets-a-un-euro-pour-les674\/","title":{"rendered":"Les billets \u00e0 un euro pour les trains de la ligne des C\u00e9vennes se font rares !"},"content":{"rendered":"<p>Malgr\u00e9 les dispositifs mis en place par la r\u00e9gion Occitanie et Auvergne Rh\u00f4ne Alpes force est de constater qu&rsquo;aucun tarif sp\u00e9cial n&rsquo;est accessible \u00e0 la vente ni sur les sites TER ni sur Oui.sncf. et ce d&rsquo;aujourd&rsquo;hui 3 juillet jusqu&rsquo;au 16 o\u00f9 l&rsquo;on peut retrouver une proposition de train \u00e0 un euro puis rien jusqu&rsquo;au 20. Donc d\u00e9p\u00eachez vous.<br \/>\n&nbsp;<br \/>\n<img loading=\"lazy\" decoding=\"async\" class=\" aligncenter size-full wp-image-2929\" src=\"http:\/\/5.45.101.177\/haut-allier\/usagers-transportse\/wp-content\/uploads\/2020\/07\/fireshot_capture_053_-_ter_occitanie_-_resultats_de_votre_recherche_-_www.ter_.sncf_.com_.png\" alt=\"fireshot_capture_053_-_ter_occitanie_-_resultats_de_votre_recherche_-_www.ter.sncf.com.png\" align=\"center\" width=\"690\" height=\"254\" srcset=\"https:\/\/usagers-transports.haut-allier.eu\/wp-content\/uploads\/2020\/07\/fireshot_capture_053_-_ter_occitanie_-_resultats_de_votre_recherche_-_www.ter_.sncf_.com_.png 690w, https:\/\/usagers-transports.haut-allier.eu\/wp-content\/uploads\/2020\/07\/fireshot_capture_053_-_ter_occitanie_-_resultats_de_votre_recherche_-_www.ter_.sncf_.com_-300x110.png 300w\" sizes=\"auto, (max-width: 690px) 100vw, 690px\" \/><br \/>\n&nbsp;<br \/>\n<strong>Victime de son succ\u00e8s ?<\/strong><br \/>\n&nbsp;<br \/>\nC&rsquo;est probable. Et c&rsquo;est le signe d&rsquo;une reprise touristique \u00e9vidente. Tant mieux. Il faut ajouter aux tarifs LIO de l&rsquo;Occitanie les dispositifs de la r\u00e9gion Aura :<br \/>\n&nbsp;<br \/>\n<img loading=\"lazy\" decoding=\"async\" class=\" aligncenter size-full wp-image-2930\" src=\"http:\/\/5.45.101.177\/haut-allier\/usagers-transportse\/wp-content\/uploads\/2020\/07\/offresteraura-2.jpg\" alt=\"offresteraura-2.jpg\" align=\"center\" width=\"1172\" height=\"609\" srcset=\"https:\/\/usagers-transports.haut-allier.eu\/wp-content\/uploads\/2020\/07\/offresteraura-2.jpg 1172w, https:\/\/usagers-transports.haut-allier.eu\/wp-content\/uploads\/2020\/07\/offresteraura-2-300x156.jpg 300w, https:\/\/usagers-transports.haut-allier.eu\/wp-content\/uploads\/2020\/07\/offresteraura-2-1024x532.jpg 1024w, https:\/\/usagers-transports.haut-allier.eu\/wp-content\/uploads\/2020\/07\/offresteraura-2-768x399.jpg 768w\" sizes=\"auto, (max-width: 1172px) 100vw, 1172px\" \/><\/p>\n<p><img loading=\"lazy\" decoding=\"async\" class=\" aligncenter size-full wp-image-2931\" src=\"http:\/\/5.45.101.177\/haut-allier\/usagers-transportse\/wp-content\/uploads\/2020\/07\/tarifs-ter-2.jpg\" alt=\"tarifs-ter-2.jpg\" align=\"center\" width=\"880\" height=\"313\" srcset=\"https:\/\/usagers-transports.haut-allier.eu\/wp-content\/uploads\/2020\/07\/tarifs-ter-2.jpg 880w, https:\/\/usagers-transports.haut-allier.eu\/wp-content\/uploads\/2020\/07\/tarifs-ter-2-300x107.jpg 300w, https:\/\/usagers-transports.haut-allier.eu\/wp-content\/uploads\/2020\/07\/tarifs-ter-2-768x273.jpg 768w\" sizes=\"auto, (max-width: 880px) 100vw, 880px\" \/><br \/>\n&nbsp;<\/p>\n","protected":false},"excerpt":{"rendered":"<p>Malgr\u00e9 les dispositifs mis en place par la r\u00e9gion Occitanie et Auvergne Rh\u00f4ne Alpes force est de constater<\/p>\n","protected":false},"author":1,"featured_media":2928,"comment_status":"open","ping_status":"open","sticky":false,"template":"","format":"standard","meta":{"footnotes":""},"categories":[2],"tags":[],"class_list":["post-674","post","type-post","status-publish","format-standard","has-post-thumbnail","hentry","category-infos"],"_links":{"self":[{"href":"https:\/\/usagers-transports.haut-allier.eu\/index.php\/wp-json\/wp\/v2\/posts\/674","targetHints":{"allow":["GET"]}}],"collection":[{"href":"https:\/\/usagers-transports.haut-allier.eu\/index.php\/wp-json\/wp\/v2\/posts"}],"about":[{"href":"https:\/\/usagers-transports.haut-allier.eu\/index.php\/wp-json\/wp\/v2\/types\/post"}],"author":[{"embeddable":true,"href":"https:\/\/usagers-transports.haut-allier.eu\/index.php\/wp-json\/wp\/v2\/users\/1"}],"replies":[{"embeddable":true,"href":"https:\/\/usagers-transports.haut-allier.eu\/index.php\/wp-json\/wp\/v2\/comments?post=674"}],"version-history":[{"count":0,"href":"https:\/\/usagers-transports.haut-allier.eu\/index.php\/wp-json\/wp\/v2\/posts\/674\/revisions"}],"wp:featuredmedia":[{"embeddable":true,"href":"https:\/\/usagers-transports.haut-allier.eu\/index.php\/wp-json\/wp\/v2\/media\/2928"}],"wp:attachment":[{"href":"https:\/\/usagers-transports.haut-allier.eu\/index.php\/wp-json\/wp\/v2\/media?parent=674"}],"wp:term":[{"taxonomy":"category","embeddable":true,"href":"https:\/\/usagers-transports.haut-allier.eu\/index.php\/wp-json\/wp\/v2\/categories?post=674"},{"taxonomy":"post_tag","embeddable":true,"href":"https:\/\/usagers-transports.haut-allier.eu\/index.php\/wp-json\/wp\/v2\/tags?post=674"}],"curies":[{"name":"wp","href":"https:\/\/api.w.org\/{rel}","templated":true}]}}