{"id":675,"date":"2020-07-03T08:29:10","date_gmt":"2020-07-03T06:29:10","guid":{"rendered":"http:\/\/5.45.101.177\/haut-allier\/usagers-transportse\/index.php\/2020\/07\/03\/des-nouvelles-du-train-en-auvergne675\/"},"modified":"2020-07-03T08:29:10","modified_gmt":"2020-07-03T06:29:10","slug":"des-nouvelles-du-train-en-auvergne675","status":"publish","type":"post","link":"https:\/\/usagers-transports.haut-allier.eu\/index.php\/2020\/07\/03\/des-nouvelles-du-train-en-auvergne675\/","title":{"rendered":"Des nouvelles du train en Auvergne peu r\u00e9jouissantes"},"content":{"rendered":"<p>Voici ce que nous avons pu glaner lors du Comit\u00e9 Technique Mobilit\u00e9s Auvergne auquel nous avons \u00e9t\u00e9 convi\u00e9 le 2 juillet. En compl\u00e9ment de notre <a href=\"http:\/\/usagers-transports.haut-allier.eu\/?ligne-des-cevennes-les-annonces,673\"><strong>r\u00e9cent article<\/strong><\/a>.<br \/>\n&nbsp;<br \/>\n<strong>Ligne du train C\u00e9venol Clermont Ferrand &#8211; N\u00eemes <\/strong><br \/>\n&nbsp;<br \/>\nHors les annonces d&rsquo;un 4\u00e8me train en 2021 l&rsquo;\u00e9t\u00e9, des producteurs locaux seront associ\u00e9s \u00e0 certaines circulations de TER sur la partie Auvergnate du parcours uniquement. Pas de date pr\u00e9cise.<br \/>\n&nbsp;<br \/>\nLa SNCF et la r\u00e9gion Aura ne sont m\u00eame pas au courant des dates de r\u00e9ouverture de leurs lignes apr\u00e8s travaux ! Ils ne cessent d&rsquo;annoncer le 5 juillet en r\u00e9union et sur leurs documents alors que les trains circulent d\u00e8s aujourd&rsquo;hui, le 3.<br \/>\n&nbsp;<br \/>\n<strong>Lyon &#8211; Montlu\u00e7on &#8211; Bordeaux<\/strong><br \/>\n&nbsp;<br \/>\nAlors qu&rsquo;une offre alternative se pr\u00e9pare entre Lyon et Bordeaux avec 3 trains par jour et un train de nuit via la coop\u00e9rative Railcoop, les r\u00e9gions Nouvelle Aquitaine et Aura, elles, sont incapables de s&rsquo;entendre sur les horaires ce qui va aboutir \u00e0 des correspondances impossibles \u00e0 Montlu\u00e7on !<br \/>\n&nbsp;<br \/>\n<img loading=\"lazy\" decoding=\"async\" class=\" aligncenter size-full wp-image-2933\" src=\"http:\/\/5.45.101.177\/haut-allier\/usagers-transportse\/wp-content\/uploads\/2020\/07\/bordeaux-lyon.jpg\" alt=\"bordeaux-lyon.jpg\" align=\"center\" width=\"627\" height=\"311\" srcset=\"https:\/\/usagers-transports.haut-allier.eu\/wp-content\/uploads\/2020\/07\/bordeaux-lyon.jpg 627w, https:\/\/usagers-transports.haut-allier.eu\/wp-content\/uploads\/2020\/07\/bordeaux-lyon-300x149.jpg 300w\" sizes=\"auto, (max-width: 627px) 100vw, 627px\" \/><br \/>\n&nbsp;<br \/>\n<strong>Ligne Clermont Ferrand &#8211; Thiers<\/strong><br \/>\n&nbsp;<br \/>\nPlan de transports reconduit avec 8 AR + 4 AR Clermont Vertaizon.<br \/>\n&nbsp;<br \/>\nPour 2021 campagne de travaux de r\u00e9g\u00e9n\u00e9ration qui occasionnera des coupures compl\u00e8tes en p\u00e9riode estivale entre fin juin et fin juillet.<br \/>\n&nbsp;<br \/>\nLes rumeurs faisant \u00e9tat d&rsquo;une r\u00e9g\u00e9n\u00e9ration de la ligne Thiers Bo\u00ebn sont fausses : si SNCF R\u00e9seau est toujours propri\u00e9taire de la ligne, et apparemment pas de d\u00e9classement en vue en tous cas au su de la r\u00e9gion AuRA, elle attend un signe positif de l&rsquo;\u00e9tat. Par contre il a \u00e9t\u00e9 demand\u00e9 par les riverains un d\u00e9broussaillage des abords ce que SNCF R\u00e9seau est en train d&rsquo;effectuer.<br \/>\n&nbsp;<br \/>\nTous les usagers demandent une r\u00e9ouverture urgente de la ligne Clermont Thiers Saint-Etienne. Le co\u00fbt \u00e9galement des trains de fret serait de moiti\u00e9 par rapport au trac\u00e9 actuel vers Lyon selon la SNCF elle-m\u00eame.<br \/>\n&nbsp;<br \/>\n<strong>Ligne du train Aubrac Clermont-Ferrand B\u00e9ziers<\/strong><br \/>\n&nbsp;<br \/>\nOuverture ce jour 3 juillet au fret.<br \/>\nLes bobines d&rsquo;acier d&rsquo;Arcelor Mital \u00e9taient achemin\u00e9es en camions + train pendant l&rsquo;interruption de ligne.<br \/>\n&nbsp;<br \/>\nL&rsquo;ouverture compl\u00e8te aux voyageurs est \u00ab\u00a0envisag\u00e9e\u00a0\u00bb selon SNCF.<br \/>\n&nbsp;<br \/>\n<strong>Et le v\u00e9lo en Auvergne ?<\/strong><br \/>\n&nbsp;<br \/>\nL\u00e0 c&rsquo;est un peu le fiasco : seuls deux contrats d&rsquo;am\u00e9nagement des mobilit\u00e9s vertes ont \u00e9t\u00e9 sign\u00e9s. Un par Issoire et l&rsquo;autre par Le Cendre.<br \/>\n&nbsp;<\/p>\n","protected":false},"excerpt":{"rendered":"<p>Voici ce que nous avons pu glaner lors du Comit\u00e9 Technique Mobilit\u00e9s Auvergne auquel nous avons \u00e9t\u00e9 convi\u00e9<\/p>\n","protected":false},"author":1,"featured_media":2932,"comment_status":"open","ping_status":"open","sticky":false,"template":"","format":"standard","meta":{"footnotes":""},"categories":[2],"tags":[],"class_list":["post-675","post","type-post","status-publish","format-standard","has-post-thumbnail","hentry","category-infos"],"_links":{"self":[{"href":"https:\/\/usagers-transports.haut-allier.eu\/index.php\/wp-json\/wp\/v2\/posts\/675","targetHints":{"allow":["GET"]}}],"collection":[{"href":"https:\/\/usagers-transports.haut-allier.eu\/index.php\/wp-json\/wp\/v2\/posts"}],"about":[{"href":"https:\/\/usagers-transports.haut-allier.eu\/index.php\/wp-json\/wp\/v2\/types\/post"}],"author":[{"embeddable":true,"href":"https:\/\/usagers-transports.haut-allier.eu\/index.php\/wp-json\/wp\/v2\/users\/1"}],"replies":[{"embeddable":true,"href":"https:\/\/usagers-transports.haut-allier.eu\/index.php\/wp-json\/wp\/v2\/comments?post=675"}],"version-history":[{"count":0,"href":"https:\/\/usagers-transports.haut-allier.eu\/index.php\/wp-json\/wp\/v2\/posts\/675\/revisions"}],"wp:featuredmedia":[{"embeddable":true,"href":"https:\/\/usagers-transports.haut-allier.eu\/index.php\/wp-json\/wp\/v2\/media\/2932"}],"wp:attachment":[{"href":"https:\/\/usagers-transports.haut-allier.eu\/index.php\/wp-json\/wp\/v2\/media?parent=675"}],"wp:term":[{"taxonomy":"category","embeddable":true,"href":"https:\/\/usagers-transports.haut-allier.eu\/index.php\/wp-json\/wp\/v2\/categories?post=675"},{"taxonomy":"post_tag","embeddable":true,"href":"https:\/\/usagers-transports.haut-allier.eu\/index.php\/wp-json\/wp\/v2\/tags?post=675"}],"curies":[{"name":"wp","href":"https:\/\/api.w.org\/{rel}","templated":true}]}}