{"id":676,"date":"2020-07-06T11:24:36","date_gmt":"2020-07-06T09:24:36","guid":{"rendered":"http:\/\/5.45.101.177\/haut-allier\/usagers-transportse\/index.php\/2020\/07\/06\/retour-du-train-de-nuit-les-elus676\/"},"modified":"2020-07-06T11:24:36","modified_gmt":"2020-07-06T09:24:36","slug":"retour-du-train-de-nuit-les-elus676","status":"publish","type":"post","link":"https:\/\/usagers-transports.haut-allier.eu\/index.php\/2020\/07\/06\/retour-du-train-de-nuit-les-elus676\/","title":{"rendered":"Retour du train de nuit : les \u00e9lus de la ligne du C\u00e9venol se mobilisent [MAJ]"},"content":{"rendered":"<p>Prenant le train de nuit en marche, apr\u00e8s de nombreux pays europ\u00e9ens, l&rsquo;\u00e9tat menait une \u00e9tude sur le d\u00e9veloppement des trains de nuit qui devait \u00eatre rendue publique fin juin. Sur ce retard le gouvernement r\u00e9pond : <em>\u00ab\u00a0Le rapport sur les trains de nuit pr\u00e9vu par la LOM devait \u00eatre remis avant le 30 juin. Une \u00e9tude sur les trains d&rsquo;\u00e9quilibre des territoires (TET) est en cours ; elle comprend les trains de jour et de nuit. Concernant la nuit, l&rsquo;\u00e9tude a pris la forme d&rsquo;une comparaison internationale avec les r\u00e9seaux &#8211; Norv\u00e8ge, Su\u00e8de et surtout Autriche &#8211; qui sont en pointe sur ce secteur. Il a fallu \u00e9galement consulter les constructeurs. Le rapport de l&rsquo;\u00e9tude technique devrait \u00eatre remis dans les prochains jours. Mais il faudra proc\u00e9der aux auditions des ex\u00e9cutifs r\u00e9gionaux et des associations cet automne, auditions qui ont \u00e9t\u00e9 annul\u00e9es en raison du Covid.\u00a0\u00bb<\/em><br \/>\n&nbsp;<br \/>\nAutrement dit \u00e7a risque d&rsquo;arriver apr\u00e8s le plan de relance qui est pr\u00e9vu \u00e0 la rentr\u00e9e&#8230;<br \/>\n&nbsp;<br \/>\n<em>Le Collectif des Usagers des transports du Haut-Allier<\/em> qui fait partie du <em>Collectif Oui au Train de nuit<\/em> a interpell\u00e9 les \u00e9lus des communes concern\u00e9es par <strong> <em>la ligne de nuit N\u00eemes Clermont Paris<\/em> <\/strong> supprim\u00e9e en 2003 et les r\u00e9actions commencent \u00e0 nous parvenir. Voici les premi\u00e8res :<br \/>\n&nbsp;<br \/>\n[fond noir][blanc]<strong>Pierre Morel A l&rsquo;Huissier, d\u00e9put\u00e9 de Loz\u00e8re<\/strong>[\/blanc][\/fond noir]<br \/>\n&nbsp;<br \/>\nLe 12 juin :<br \/>\n&nbsp;<\/p>\n<p>[(<em><br \/>\nMonsieur le Pr\u00e9sident,<br \/>\n&nbsp;<br \/>\nPar mail du 10 juin 2020, vous avez bien voulu attirer mon attention sur le courrier adress\u00e9 par un collectif d&rsquo;associations d&rsquo;usagers des transports ferroviaires \u00e0 M. Jean-Baptiste DJEBBARI, Secr\u00e9taire d&rsquo;etat en charge des Transports.<br \/>\n&nbsp;<br \/>\nJe tenais \u00e0 vous assurer avoir pris bonne connaissance de votre souhait de voir circuler les trains de nuit entre N\u00eemes, Clermont-Ferrand et Paris. J&rsquo;ai bien not\u00e9 \u00e9galement votre votre demande visant \u00e0 ce que les douches et toilettes dans les gares soient rouverts.<br \/>\n&nbsp;<br \/>\nComme vous le savez, vous pouvez compter sur ma mobilisation pour participer au d\u00e9veloppement \u00e9conomique et touristique du territoire. C&rsquo;est pourquoi, soucieux de vous accompagner du mieux qu&rsquo;il soit, je vous informe avoir pris l&rsquo;attache de M. Jean-Baptiste DJEBBARI, Secr\u00e9taire d&rsquo;etat en charge des Transports, afin que cette requ\u00eate puisse faire l&rsquo;objet d&rsquo;une bienveillante attention et qu&rsquo;une issue favorable \u00e0 vos attentes puisse \u00eatre r\u00e9serv\u00e9e dans la mesure du possible.<br \/>\n&nbsp;<br \/>\nIl est bien entendu que je ne manquerai pas de vous tenir inform\u00e9 de tout \u00e9l\u00e9ment de r\u00e9ponse qui me sera r\u00e9serv\u00e9.<br \/>\n&nbsp;<br \/>\nDemeurant \u00e0 votre \u00e9coute et dans l&rsquo;attente,<br \/>\n&nbsp;<br \/>\nBien cordialement,<br \/>\n&nbsp;<br \/>\nPierre Morel \u00e0 L&rsquo;Huissier<br \/>\nD\u00e9put\u00e9 de la Loz\u00e8re<\/p>\n<p><\/em><\/p>\n<p>)]<br \/>\n&nbsp;<br \/>\nEt la r\u00e9ponse du cabinet de Djebarri \u00e0 sa lettre, elle botte en touche :<\/p>\n<p>&nbsp;<br \/>\n[(<br \/>\n<em>Monsieur le d\u00e9put\u00e9,<br \/>\n&nbsp;<br \/>\nNous avons bien pris note de votre courrier.<br \/>\n&nbsp;<br \/>\nDe nouveau pour r\u00e9pondre plus rapidement, veuillez nous excuser de cette r\u00e9ponse par courriel, moins formelle qu&rsquo;un courrier.<br \/>\n&nbsp;<br \/>\nComme l&rsquo;a annonc\u00e9 ce matin le secr\u00e9taire d&rsquo;Etat, les trains de nuit pourront reprendre \u00e0 partir du weekend du 3\/4\/5 juillet. Vous trouverez ci-apr\u00e8s le communiqu\u00e9 de presse plus complet : https:\/\/www.ecologique-solidaire.gouv.fr\/remise-en-circulation-des-trains-nuit-en-france-au-debut-lete<br \/>\n&nbsp;<br \/>\nS&rsquo;agissant de l&rsquo;accessibilit\u00e9 des sanitaires dans les gares de N\u00eemes, Clermont-Ferrand et Paris, il est vrai qu&rsquo;ils sont actuellement encore ferm\u00e9s, pour des raisons sanitaires. Toutefois, la fin du d\u00e9confinement devrait permettre un retour \u00e0 la normale prochainement.<br \/>\n&nbsp;<br \/>\nRestant \u00e0 votre \u00e9coute, Bien cordialement,\u00a0\u00bb<\/p>\n<p>Conseill\u00e8re parlementaire et \u00e9lus de Jean-Baptiste DJEBBARI,<\/em><\/p>\n<p>)]<\/p>\n<p>&nbsp;<br \/>\n[fond noir][blanc]<strong>Jean-Pierre Vigier d\u00e9put\u00e9 de Haute-Loire<\/strong>[\/blanc][\/fond noir]<br \/>\n&nbsp;<br \/>\nRe\u00e7u le 3 juillet :<br \/>\n&nbsp;<\/p>\n<p><img loading=\"lazy\" decoding=\"async\" class=\" aligncenter size-full wp-image-2935\" src=\"http:\/\/5.45.101.177\/haut-allier\/usagers-transportse\/wp-content\/uploads\/2020\/07\/courrier-vigier-djebarri-scaled.jpg\" alt=\"courrier-vigier-djebarri.jpg\" align=\"center\" width=\"1032\" height=\"2560\" srcset=\"https:\/\/usagers-transports.haut-allier.eu\/wp-content\/uploads\/2020\/07\/courrier-vigier-djebarri-scaled.jpg 1032w, https:\/\/usagers-transports.haut-allier.eu\/wp-content\/uploads\/2020\/07\/courrier-vigier-djebarri-121x300.jpg 121w, https:\/\/usagers-transports.haut-allier.eu\/wp-content\/uploads\/2020\/07\/courrier-vigier-djebarri-413x1024.jpg 413w, https:\/\/usagers-transports.haut-allier.eu\/wp-content\/uploads\/2020\/07\/courrier-vigier-djebarri-768x1904.jpg 768w, https:\/\/usagers-transports.haut-allier.eu\/wp-content\/uploads\/2020\/07\/courrier-vigier-djebarri-619x1536.jpg 619w, https:\/\/usagers-transports.haut-allier.eu\/wp-content\/uploads\/2020\/07\/courrier-vigier-djebarri-826x2048.jpg 826w\" sizes=\"auto, (max-width: 1032px) 100vw, 1032px\" \/><\/p>\n<p><img loading=\"lazy\" decoding=\"async\" class=\" aligncenter size-full wp-image-2936\" src=\"http:\/\/5.45.101.177\/haut-allier\/usagers-transportse\/wp-content\/uploads\/2020\/07\/question-vigier-djebarri.jpg\" alt=\"question-vigier-djebarri.jpg\" align=\"center\" width=\"1118\" height=\"1075\" srcset=\"https:\/\/usagers-transports.haut-allier.eu\/wp-content\/uploads\/2020\/07\/question-vigier-djebarri.jpg 1118w, https:\/\/usagers-transports.haut-allier.eu\/wp-content\/uploads\/2020\/07\/question-vigier-djebarri-300x288.jpg 300w, https:\/\/usagers-transports.haut-allier.eu\/wp-content\/uploads\/2020\/07\/question-vigier-djebarri-1024x985.jpg 1024w, https:\/\/usagers-transports.haut-allier.eu\/wp-content\/uploads\/2020\/07\/question-vigier-djebarri-768x738.jpg 768w\" sizes=\"auto, (max-width: 1118px) 100vw, 1118px\" \/><\/p>\n<p>&nbsp;<br \/>\n[fond noir][blanc]<strong>Christine Pires Beaune, d\u00e9put\u00e9e du Puy de D\u00f4me<\/strong>[\/blanc][\/fond noir]<br \/>\n&nbsp;<\/p>\n<p>Re\u00e7u le 1er juillet :<\/p>\n<p>[(<br \/>\n<em><br \/>\nJ\u2019ai bien re\u00e7u votre courrier \u00e9lectronique en date du 12 juin, dans lequel vous appelez mon attention sur la situation des trains de nuit en p\u00e9riode de crise de la covid-19. Je vous en remercie.<br \/>\nLe groupe socialistes et apparent\u00e9s, auquel j\u2019appartiens, d\u00e9fend la r\u00e9instauration des trains de nuits. Dans une proposition de r\u00e9solution pour le climat d\u00e9pos\u00e9e le 7 juin dernier, nous demandons la cr\u00e9ation d\u2019un plan de soutien massif aux infrastructures ferroviaires afin \u00ab de porter une ambition pour les trains de nuit \u00bb.<br \/>\n&nbsp;<br \/>\nSensible aux arguments que vous avez bien voulu porter \u00e0 ma connaissance j\u2019ai souhait\u00e9 interpeler le secr\u00e9taire d\u2019\u00e9tat aux transports par un courrier \u00e9crit. Je me permets ainsi de joindre ce dernier \u00e0 ce mail. Je ne manquerai pas de vous tenir inform\u00e9 de la r\u00e9ponse que souhaitera apporter le gouvernement.<br \/>\n&nbsp;<br \/>\nRestant \u00e0 votre disposition, je vous prie d\u2019agr\u00e9er, cher Monsieur, l\u2019expression de ma consid\u00e9ration distingu\u00e9e.<br \/>\n&nbsp;<br \/>\nChristine PIRES BEAUNE<br \/>\nD\u00e9put\u00e9e du Puy-de-D\u00f4me<br \/>\n&nbsp;<br \/>\n<\/em><br \/>\n)]<\/p>\n<p><img loading=\"lazy\" decoding=\"async\" class=\" aligncenter size-full wp-image-2937\" src=\"http:\/\/5.45.101.177\/haut-allier\/usagers-transportse\/wp-content\/uploads\/2020\/07\/c-pires-beaune-a-djebarri-trains-de-nuit.jpg\" alt=\"c-pires-beaune-a-djebarri-trains-de-nuit.jpg\" align=\"center\" width=\"1214\" height=\"1680\" srcset=\"https:\/\/usagers-transports.haut-allier.eu\/wp-content\/uploads\/2020\/07\/c-pires-beaune-a-djebarri-trains-de-nuit.jpg 1214w, https:\/\/usagers-transports.haut-allier.eu\/wp-content\/uploads\/2020\/07\/c-pires-beaune-a-djebarri-trains-de-nuit-217x300.jpg 217w, https:\/\/usagers-transports.haut-allier.eu\/wp-content\/uploads\/2020\/07\/c-pires-beaune-a-djebarri-trains-de-nuit-740x1024.jpg 740w, https:\/\/usagers-transports.haut-allier.eu\/wp-content\/uploads\/2020\/07\/c-pires-beaune-a-djebarri-trains-de-nuit-768x1063.jpg 768w, https:\/\/usagers-transports.haut-allier.eu\/wp-content\/uploads\/2020\/07\/c-pires-beaune-a-djebarri-trains-de-nuit-1110x1536.jpg 1110w\" sizes=\"auto, (max-width: 1214px) 100vw, 1214px\" \/><\/p>\n<p>&nbsp;<br \/>\n[fond noir][blanc]<strong>Motion vot\u00e9e par la ville de Paulhaguet<\/strong>[\/blanc][\/fond noir]<br \/>\n&nbsp;<br \/>\n<img loading=\"lazy\" decoding=\"async\" class=\" aligncenter size-full wp-image-2938\" src=\"http:\/\/5.45.101.177\/haut-allier\/usagers-transportse\/wp-content\/uploads\/2020\/07\/motion-tdn-paulhaguet.jpg\" alt=\"motion-tdn-paulhaguet.jpg\" align=\"center\" width=\"1065\" height=\"1519\" srcset=\"https:\/\/usagers-transports.haut-allier.eu\/wp-content\/uploads\/2020\/07\/motion-tdn-paulhaguet.jpg 1065w, https:\/\/usagers-transports.haut-allier.eu\/wp-content\/uploads\/2020\/07\/motion-tdn-paulhaguet-210x300.jpg 210w, https:\/\/usagers-transports.haut-allier.eu\/wp-content\/uploads\/2020\/07\/motion-tdn-paulhaguet-718x1024.jpg 718w, https:\/\/usagers-transports.haut-allier.eu\/wp-content\/uploads\/2020\/07\/motion-tdn-paulhaguet-768x1095.jpg 768w\" sizes=\"auto, (max-width: 1065px) 100vw, 1065px\" \/><br \/>\n&nbsp;<br \/>\n[fond noir][blanc]<strong>Motion vot\u00e9e par la ville de La GrandCombe<\/strong>[\/blanc][\/fond noir]<br \/>\n&nbsp;<br \/>\n<img loading=\"lazy\" decoding=\"async\" class=\" aligncenter size-full wp-image-2939\" src=\"http:\/\/5.45.101.177\/haut-allier\/usagers-transportse\/wp-content\/uploads\/2020\/07\/motion-tdn-lagrandcombe.jpg\" alt=\"motion-tdn-lagrandcombe.jpg\" align=\"center\" width=\"935\" height=\"1681\" srcset=\"https:\/\/usagers-transports.haut-allier.eu\/wp-content\/uploads\/2020\/07\/motion-tdn-lagrandcombe.jpg 935w, https:\/\/usagers-transports.haut-allier.eu\/wp-content\/uploads\/2020\/07\/motion-tdn-lagrandcombe-167x300.jpg 167w, https:\/\/usagers-transports.haut-allier.eu\/wp-content\/uploads\/2020\/07\/motion-tdn-lagrandcombe-570x1024.jpg 570w, https:\/\/usagers-transports.haut-allier.eu\/wp-content\/uploads\/2020\/07\/motion-tdn-lagrandcombe-768x1381.jpg 768w, https:\/\/usagers-transports.haut-allier.eu\/wp-content\/uploads\/2020\/07\/motion-tdn-lagrandcombe-854x1536.jpg 854w\" sizes=\"auto, (max-width: 935px) 100vw, 935px\" \/><br \/>\n&nbsp;<br \/>\n[fond noir][blanc]<strong>Motion vot\u00e9e par la ville de G\u00e9nolhac<\/strong>[\/blanc][\/fond noir]<br \/>\n&nbsp;<br \/>\n<img loading=\"lazy\" decoding=\"async\" class=\" aligncenter size-full wp-image-2940\" src=\"http:\/\/5.45.101.177\/haut-allier\/usagers-transportse\/wp-content\/uploads\/2020\/07\/mtion-genolhac.jpg\" alt=\"mtion-genolhac.jpg\" align=\"center\" width=\"1196\" height=\"1794\" srcset=\"https:\/\/usagers-transports.haut-allier.eu\/wp-content\/uploads\/2020\/07\/mtion-genolhac.jpg 1196w, https:\/\/usagers-transports.haut-allier.eu\/wp-content\/uploads\/2020\/07\/mtion-genolhac-200x300.jpg 200w, https:\/\/usagers-transports.haut-allier.eu\/wp-content\/uploads\/2020\/07\/mtion-genolhac-683x1024.jpg 683w, https:\/\/usagers-transports.haut-allier.eu\/wp-content\/uploads\/2020\/07\/mtion-genolhac-768x1152.jpg 768w, https:\/\/usagers-transports.haut-allier.eu\/wp-content\/uploads\/2020\/07\/mtion-genolhac-1024x1536.jpg 1024w\" sizes=\"auto, (max-width: 1196px) 100vw, 1196px\" \/><br \/>\n&nbsp;<br \/>\n[MAJ du 7 juillet]<br \/>\n&nbsp;<br \/>\n[fond noir][blanc]<strong>Motion vot\u00e9e par la ville de Chamborigaud<\/strong>[\/blanc][\/fond noir]<br \/>\n&nbsp;<br \/>\n<img loading=\"lazy\" decoding=\"async\" class=\" aligncenter size-full wp-image-2941\" src=\"http:\/\/5.45.101.177\/haut-allier\/usagers-transportse\/wp-content\/uploads\/2020\/07\/motiontdnchamborigaud-scaled.jpg\" alt=\"motiontdnchamborigaud.jpg\" align=\"center\" width=\"969\" height=\"2560\" srcset=\"https:\/\/usagers-transports.haut-allier.eu\/wp-content\/uploads\/2020\/07\/motiontdnchamborigaud-scaled.jpg 969w, https:\/\/usagers-transports.haut-allier.eu\/wp-content\/uploads\/2020\/07\/motiontdnchamborigaud-114x300.jpg 114w, https:\/\/usagers-transports.haut-allier.eu\/wp-content\/uploads\/2020\/07\/motiontdnchamborigaud-388x1024.jpg 388w, https:\/\/usagers-transports.haut-allier.eu\/wp-content\/uploads\/2020\/07\/motiontdnchamborigaud-768x2029.jpg 768w, https:\/\/usagers-transports.haut-allier.eu\/wp-content\/uploads\/2020\/07\/motiontdnchamborigaud-581x1536.jpg 581w, https:\/\/usagers-transports.haut-allier.eu\/wp-content\/uploads\/2020\/07\/motiontdnchamborigaud-775x2048.jpg 775w\" sizes=\"auto, (max-width: 969px) 100vw, 969px\" \/><br \/>\n&nbsp;<\/p>\n<p><em>A suivre&#8230;<\/em><\/p>\n","protected":false},"excerpt":{"rendered":"<p>Prenant le train de nuit en marche, apr\u00e8s de nombreux pays europ\u00e9ens, l&rsquo;\u00e9tat menait une \u00e9tude sur le<\/p>\n","protected":false},"author":1,"featured_media":2934,"comment_status":"open","ping_status":"open","sticky":false,"template":"","format":"standard","meta":{"footnotes":""},"categories":[8],"tags":[],"class_list":["post-676","post","type-post","status-publish","format-standard","has-post-thumbnail","hentry","category-communiques"],"_links":{"self":[{"href":"https:\/\/usagers-transports.haut-allier.eu\/index.php\/wp-json\/wp\/v2\/posts\/676","targetHints":{"allow":["GET"]}}],"collection":[{"href":"https:\/\/usagers-transports.haut-allier.eu\/index.php\/wp-json\/wp\/v2\/posts"}],"about":[{"href":"https:\/\/usagers-transports.haut-allier.eu\/index.php\/wp-json\/wp\/v2\/types\/post"}],"author":[{"embeddable":true,"href":"https:\/\/usagers-transports.haut-allier.eu\/index.php\/wp-json\/wp\/v2\/users\/1"}],"replies":[{"embeddable":true,"href":"https:\/\/usagers-transports.haut-allier.eu\/index.php\/wp-json\/wp\/v2\/comments?post=676"}],"version-history":[{"count":0,"href":"https:\/\/usagers-transports.haut-allier.eu\/index.php\/wp-json\/wp\/v2\/posts\/676\/revisions"}],"wp:featuredmedia":[{"embeddable":true,"href":"https:\/\/usagers-transports.haut-allier.eu\/index.php\/wp-json\/wp\/v2\/media\/2934"}],"wp:attachment":[{"href":"https:\/\/usagers-transports.haut-allier.eu\/index.php\/wp-json\/wp\/v2\/media?parent=676"}],"wp:term":[{"taxonomy":"category","embeddable":true,"href":"https:\/\/usagers-transports.haut-allier.eu\/index.php\/wp-json\/wp\/v2\/categories?post=676"},{"taxonomy":"post_tag","embeddable":true,"href":"https:\/\/usagers-transports.haut-allier.eu\/index.php\/wp-json\/wp\/v2\/tags?post=676"}],"curies":[{"name":"wp","href":"https:\/\/api.w.org\/{rel}","templated":true}]}}