{"id":677,"date":"2020-07-03T20:41:00","date_gmt":"2020-07-03T18:41:00","guid":{"rendered":"http:\/\/5.45.101.177\/haut-allier\/usagers-transportse\/index.php\/2020\/07\/03\/ligne-du-train-cevenol-3-juillet677\/"},"modified":"2026-09-01T15:56:17","modified_gmt":"2026-09-01T13:56:17","slug":"ligne-du-train-cevenol-3-juillet677","status":"publish","type":"post","link":"https:\/\/usagers-transports.haut-allier.eu\/index.php\/2020\/07\/03\/ligne-du-train-cevenol-3-juillet677\/","title":{"rendered":"Ligne du train C\u00e9venol : 3 juillet jour de reprise du service dans une gare test"},"content":{"rendered":"Notre gare test c&rsquo;est la petite halte ferroviaire d&rsquo;Alleyras comme d&rsquo;habitude :\n&nbsp;\n[fond jaune][rouge]1 &#8211; L&rsquo;acc\u00e8s \u00ab\u00a0officiel\u00a0\u00bb au quai est condamn\u00e9[\/rouge][\/fond jaune]\n\n<img loading=\"lazy\" decoding=\"async\" class=\" aligncenter size-full wp-image-2943\" src=\"http:\/\/5.45.101.177\/haut-allier\/usagers-transportse\/wp-content\/uploads\/2020\/07\/p_20200703_191552p.jpg\" alt=\"p_20200703_191552p.jpg\" align=\"center\" width=\"1200\" height=\"900\" srcset=\"https:\/\/usagers-transports.haut-allier.eu\/wp-content\/uploads\/2020\/07\/p_20200703_191552p.jpg 1200w, https:\/\/usagers-transports.haut-allier.eu\/wp-content\/uploads\/2020\/07\/p_20200703_191552p-300x225.jpg 300w, https:\/\/usagers-transports.haut-allier.eu\/wp-content\/uploads\/2020\/07\/p_20200703_191552p-1024x768.jpg 1024w, https:\/\/usagers-transports.haut-allier.eu\/wp-content\/uploads\/2020\/07\/p_20200703_191552p-768x576.jpg 768w\" sizes=\"auto, (max-width: 1200px) 100vw, 1200px\" \/>\n\n<img loading=\"lazy\" decoding=\"async\" class=\" aligncenter size-full wp-image-2944\" src=\"http:\/\/5.45.101.177\/haut-allier\/usagers-transportse\/wp-content\/uploads\/2020\/07\/p_20200703_184954p.jpg\" alt=\"p_20200703_184954p.jpg\" align=\"center\" width=\"1300\" height=\"975\" srcset=\"https:\/\/usagers-transports.haut-allier.eu\/wp-content\/uploads\/2020\/07\/p_20200703_184954p.jpg 1300w, https:\/\/usagers-transports.haut-allier.eu\/wp-content\/uploads\/2020\/07\/p_20200703_184954p-300x225.jpg 300w, https:\/\/usagers-transports.haut-allier.eu\/wp-content\/uploads\/2020\/07\/p_20200703_184954p-1024x768.jpg 1024w, https:\/\/usagers-transports.haut-allier.eu\/wp-content\/uploads\/2020\/07\/p_20200703_184954p-768x576.jpg 768w\" sizes=\"auto, (max-width: 1300px) 100vw, 1300px\" \/>\n&nbsp;\n[fond jaune][rouge]2 &#8211; L&rsquo;acc\u00e8s formellement \u00ab\u00a0interdit\u00a0\u00bb depuis l &lsquo;\u00a0\u00bbAvenue de la Gare\u00a0\u00bb avec travers\u00e9e de voie au p\u00e9ril de la vie des voyageurs est ouvert[\/rouge][\/fond jaune]\n\n<img loading=\"lazy\" decoding=\"async\" class=\" aligncenter size-full wp-image-2945\" src=\"http:\/\/5.45.101.177\/haut-allier\/usagers-transportse\/wp-content\/uploads\/2020\/07\/p_20200703_185238p.jpg\" alt=\"p_20200703_185238p.jpg\" align=\"center\" width=\"1200\" height=\"900\" srcset=\"https:\/\/usagers-transports.haut-allier.eu\/wp-content\/uploads\/2020\/07\/p_20200703_185238p.jpg 1200w, https:\/\/usagers-transports.haut-allier.eu\/wp-content\/uploads\/2020\/07\/p_20200703_185238p-300x225.jpg 300w, https:\/\/usagers-transports.haut-allier.eu\/wp-content\/uploads\/2020\/07\/p_20200703_185238p-1024x768.jpg 1024w, https:\/\/usagers-transports.haut-allier.eu\/wp-content\/uploads\/2020\/07\/p_20200703_185238p-768x576.jpg 768w\" sizes=\"auto, (max-width: 1200px) 100vw, 1200px\" \/>\n\n&nbsp;\n[fond jaune][rouge]3 &#8211; Des poubelles non vid\u00e9es pour le premier jour de circulation[\/rouge][\/fond jaune]\n\n<img loading=\"lazy\" decoding=\"async\" class=\" aligncenter size-full wp-image-2946\" src=\"http:\/\/5.45.101.177\/haut-allier\/usagers-transportse\/wp-content\/uploads\/2020\/07\/p_20200703_185137p.jpg\" alt=\"p_20200703_185137p.jpg\" align=\"center\" width=\"1200\" height=\"900\" srcset=\"https:\/\/usagers-transports.haut-allier.eu\/wp-content\/uploads\/2020\/07\/p_20200703_185137p.jpg 1200w, https:\/\/usagers-transports.haut-allier.eu\/wp-content\/uploads\/2020\/07\/p_20200703_185137p-300x225.jpg 300w, https:\/\/usagers-transports.haut-allier.eu\/wp-content\/uploads\/2020\/07\/p_20200703_185137p-1024x768.jpg 1024w, https:\/\/usagers-transports.haut-allier.eu\/wp-content\/uploads\/2020\/07\/p_20200703_185137p-768x576.jpg 768w\" sizes=\"auto, (max-width: 1200px) 100vw, 1200px\" \/>\n&nbsp;\n[fond jaune][rouge]4 &#8211; Les abords de la gare et les herbes non coup\u00e9es[\/rouge][\/fond jaune]\n\nOn a l&rsquo;habitude&#8230;\n&nbsp;\n\n[fond jaune][rouge]5 &#8211; Le pompom : un panneau de pub immense install\u00e9 sur le quai avec un plot en b\u00e9ton vante les m\u00e9rites de la r\u00e9gion de Monsieur Wauquiez avec les fonds d\u00e9bloqu\u00e9s pour la ligne. Il serait TRES int\u00e9ressant de conna\u00eetre le co\u00fbt de ce panneau. Aucun investissement de ce montant n&rsquo;a du \u00eatre fait depuis 20 ou 30 ans gare d&rsquo;Alleyras ![\/rouge][\/fond jaune] \n\n<img loading=\"lazy\" decoding=\"async\" class=\" aligncenter size-full wp-image-2947\" src=\"http:\/\/5.45.101.177\/haut-allier\/usagers-transportse\/wp-content\/uploads\/2020\/07\/p_20200703_184839p.jpg\" alt=\"p_20200703_184839p.jpg\" align=\"center\" width=\"848\" height=\"1300\" srcset=\"https:\/\/usagers-transports.haut-allier.eu\/wp-content\/uploads\/2020\/07\/p_20200703_184839p.jpg 848w, https:\/\/usagers-transports.haut-allier.eu\/wp-content\/uploads\/2020\/07\/p_20200703_184839p-196x300.jpg 196w, https:\/\/usagers-transports.haut-allier.eu\/wp-content\/uploads\/2020\/07\/p_20200703_184839p-668x1024.jpg 668w, https:\/\/usagers-transports.haut-allier.eu\/wp-content\/uploads\/2020\/07\/p_20200703_184839p-768x1177.jpg 768w\" sizes=\"auto, (max-width: 848px) 100vw, 848px\" \/>\n&nbsp;\n[fond jaune][rouge]6 &#8211; L&rsquo;am\u00e9lioration de la halte pr\u00e9vu en 2020 en tous cas dans la com de la r\u00e9gion comme les autres en Auvergne ? ABSOLUMENT RIEN A L&rsquo;HORIZON. NIET NADA [\/rouge][\/fond jaune] \n&nbsp;\n<img loading=\"lazy\" decoding=\"async\" class=\" aligncenter size-full wp-image-2948\" src=\"http:\/\/5.45.101.177\/haut-allier\/usagers-transportse\/wp-content\/uploads\/2020\/07\/points-d-arret-aura-2.jpg\" alt=\"points-d-arret-aura-2.jpg\" align=\"center\" width=\"1252\" height=\"224\" srcset=\"https:\/\/usagers-transports.haut-allier.eu\/wp-content\/uploads\/2020\/07\/points-d-arret-aura-2.jpg 1252w, https:\/\/usagers-transports.haut-allier.eu\/wp-content\/uploads\/2020\/07\/points-d-arret-aura-2-300x54.jpg 300w, https:\/\/usagers-transports.haut-allier.eu\/wp-content\/uploads\/2020\/07\/points-d-arret-aura-2-1024x183.jpg 1024w, https:\/\/usagers-transports.haut-allier.eu\/wp-content\/uploads\/2020\/07\/points-d-arret-aura-2-768x137.jpg 768w\" sizes=\"auto, (max-width: 1252px) 100vw, 1252px\" \/>\n<em>Extrait du document remis par la r\u00e9gion AuRA aux usagers au d\u00e9but du mois.<\/em>\n&nbsp;\n\n[fond jaune][rouge]Mais&#8230; le TER du soir arrive bien \u00e0 l&rsquo;heure[\/rouge][\/fond jaune]\n\n<img loading=\"lazy\" decoding=\"async\" class=\" aligncenter size-full wp-image-2949\" src=\"http:\/\/5.45.101.177\/haut-allier\/usagers-transportse\/wp-content\/uploads\/2020\/07\/vlcsnap-2020-07-03-20h10m00s775p.png\" alt=\"vlcsnap-2020-07-03-20h10m00s775p.png\" align=\"center\" width=\"1349\" height=\"1062\" srcset=\"https:\/\/usagers-transports.haut-allier.eu\/wp-content\/uploads\/2020\/07\/vlcsnap-2020-07-03-20h10m00s775p.png 1349w, https:\/\/usagers-transports.haut-allier.eu\/wp-content\/uploads\/2020\/07\/vlcsnap-2020-07-03-20h10m00s775p-300x236.png 300w, https:\/\/usagers-transports.haut-allier.eu\/wp-content\/uploads\/2020\/07\/vlcsnap-2020-07-03-20h10m00s775p-1024x806.png 1024w, https:\/\/usagers-transports.haut-allier.eu\/wp-content\/uploads\/2020\/07\/vlcsnap-2020-07-03-20h10m00s775p-768x605.png 768w\" sizes=\"auto, (max-width: 1349px) 100vw, 1349px\" \/>\n&nbsp;\nEt des voyageurs montent. Comment sont-ils parvenus jusqu&rsquo;au quai ? Myst\u00e8re. L&rsquo;entr\u00e9e de la gare est pourtant condamn\u00e9e.\n&nbsp;\n<strong>Bilan du premier jour de reprise : Z\u00e9ro point\u00e9. Lamentable.\n<\/strong>\n&nbsp;\n\n<p>&nbsp;<\/p>\n\n\t<figure class=\"wp-block-gallery columns-2 is-cropped wp-block-gallery-1 is-layout-flex wp-block-gallery-is-layout-flex\">\n\t\t<ul class=\"blocks-gallery-grid\">\n\t\t\t<li class=\"blocks-gallery-item\">\n\t\t\t\t<figure>\n\t\t\t\t\t\t\t\t\t\t\t<img loading=\"lazy\" decoding=\"async\" width=\"852\" height=\"1300\" src=\"http:\/\/5.45.101.177\/haut-allier\/usagers-transportse\/wp-content\/uploads\/2020\/07\/p_20200703_185201p.jpg\"\n\t\t\t\t\t\t alt=\"p_20200703_185201p.jpg\"\n\t\t\t\t\t\t data-id=\"2950\"\n\t\t\t\t\t\t data-full-url=\"http:\/\/5.45.101.177\/haut-allier\/usagers-transportse\/wp-content\/uploads\/2020\/07\/p_20200703_185201p.jpg\"\n\t\t\t\t\t\t data-link=\"http:\/\/5.45.101.177\/haut-allier\/usagers-transportse\/attachment-p_20200703_185201p-jpg\/\"\n\t\t\t\t\t\t class=\"wp-image-2950\" srcset=\"https:\/\/usagers-transports.haut-allier.eu\/wp-content\/uploads\/2020\/07\/p_20200703_185201p.jpg 852w, https:\/\/usagers-transports.haut-allier.eu\/wp-content\/uploads\/2020\/07\/p_20200703_185201p-197x300.jpg 197w, https:\/\/usagers-transports.haut-allier.eu\/wp-content\/uploads\/2020\/07\/p_20200703_185201p-671x1024.jpg 671w, https:\/\/usagers-transports.haut-allier.eu\/wp-content\/uploads\/2020\/07\/p_20200703_185201p-768x1172.jpg 768w\" sizes=\"auto, (max-width: 852px) 100vw, 852px\" \/>\n\t\t\t\t<\/figure>\n\t\t\t<\/li>\n\t\t\t<li class=\"blocks-gallery-item\">\n\t\t\t\t<figure>\n\t\t\t\t\t\t\t\t\t\t\t<img loading=\"lazy\" decoding=\"async\" width=\"875\" height=\"1200\" src=\"http:\/\/5.45.101.177\/haut-allier\/usagers-transportse\/wp-content\/uploads\/2020\/07\/p_20200703_185152p.jpg\"\n\t\t\t\t\t\t alt=\"p_20200703_185152p.jpg\"\n\t\t\t\t\t\t data-id=\"2951\"\n\t\t\t\t\t\t data-full-url=\"http:\/\/5.45.101.177\/haut-allier\/usagers-transportse\/wp-content\/uploads\/2020\/07\/p_20200703_185152p.jpg\"\n\t\t\t\t\t\t data-link=\"http:\/\/5.45.101.177\/haut-allier\/usagers-transportse\/attachment-p_20200703_185152p-jpg\/\"\n\t\t\t\t\t\t class=\"wp-image-2951\" srcset=\"https:\/\/usagers-transports.haut-allier.eu\/wp-content\/uploads\/2020\/07\/p_20200703_185152p.jpg 875w, https:\/\/usagers-transports.haut-allier.eu\/wp-content\/uploads\/2020\/07\/p_20200703_185152p-219x300.jpg 219w, https:\/\/usagers-transports.haut-allier.eu\/wp-content\/uploads\/2020\/07\/p_20200703_185152p-747x1024.jpg 747w, https:\/\/usagers-transports.haut-allier.eu\/wp-content\/uploads\/2020\/07\/p_20200703_185152p-768x1053.jpg 768w\" sizes=\"auto, (max-width: 875px) 100vw, 875px\" \/>\n\t\t\t\t<\/figure>\n\t\t\t<\/li>\n\t\t<\/ul>\n\t<\/figure>\n","protected":false},"excerpt":{"rendered":"<p>Notre gare test c&rsquo;est la petite halte ferroviaire d&rsquo;Alleyras comme d&rsquo;habitude : &nbsp; [fond jaune][rouge]1 &#8211; L&rsquo;acc\u00e8s \u00ab\u00a0officiel\u00a0\u00bb<\/p>\n","protected":false},"author":1,"featured_media":2942,"comment_status":"open","ping_status":"open","sticky":false,"template":"","format":"standard","meta":{"footnotes":""},"categories":[2],"tags":[],"class_list":["post-677","post","type-post","status-publish","format-standard","has-post-thumbnail","hentry","category-infos"],"_links":{"self":[{"href":"https:\/\/usagers-transports.haut-allier.eu\/index.php\/wp-json\/wp\/v2\/posts\/677","targetHints":{"allow":["GET"]}}],"collection":[{"href":"https:\/\/usagers-transports.haut-allier.eu\/index.php\/wp-json\/wp\/v2\/posts"}],"about":[{"href":"https:\/\/usagers-transports.haut-allier.eu\/index.php\/wp-json\/wp\/v2\/types\/post"}],"author":[{"embeddable":true,"href":"https:\/\/usagers-transports.haut-allier.eu\/index.php\/wp-json\/wp\/v2\/users\/1"}],"replies":[{"embeddable":true,"href":"https:\/\/usagers-transports.haut-allier.eu\/index.php\/wp-json\/wp\/v2\/comments?post=677"}],"version-history":[{"count":1,"href":"https:\/\/usagers-transports.haut-allier.eu\/index.php\/wp-json\/wp\/v2\/posts\/677\/revisions"}],"predecessor-version":[{"id":2952,"href":"https:\/\/usagers-transports.haut-allier.eu\/index.php\/wp-json\/wp\/v2\/posts\/677\/revisions\/2952"}],"wp:featuredmedia":[{"embeddable":true,"href":"https:\/\/usagers-transports.haut-allier.eu\/index.php\/wp-json\/wp\/v2\/media\/2942"}],"wp:attachment":[{"href":"https:\/\/usagers-transports.haut-allier.eu\/index.php\/wp-json\/wp\/v2\/media?parent=677"}],"wp:term":[{"taxonomy":"category","embeddable":true,"href":"https:\/\/usagers-transports.haut-allier.eu\/index.php\/wp-json\/wp\/v2\/categories?post=677"},{"taxonomy":"post_tag","embeddable":true,"href":"https:\/\/usagers-transports.haut-allier.eu\/index.php\/wp-json\/wp\/v2\/tags?post=677"}],"curies":[{"name":"wp","href":"https:\/\/api.w.org\/{rel}","templated":true}]}}