{"id":678,"date":"2020-07-14T17:08:33","date_gmt":"2020-07-14T15:08:33","guid":{"rendered":"http:\/\/5.45.101.177\/haut-allier\/usagers-transportse\/index.php\/2020\/07\/14\/14-juillet-2020-macron-promet-de678\/"},"modified":"2020-07-14T17:08:33","modified_gmt":"2020-07-14T15:08:33","slug":"14-juillet-2020-macron-promet-de678","status":"publish","type":"post","link":"https:\/\/usagers-transports.haut-allier.eu\/index.php\/2020\/07\/14\/14-juillet-2020-macron-promet-de678\/","title":{"rendered":"14 juillet 2020 : Macron promet de d\u00e9velopper les petites lignes et les trains de nuit&#8230;"},"content":{"rendered":"<p>Le Collectif des Usagers des transports du Haut Allier se f\u00e9licite des propos du chef de l&rsquo;\u00e9tat dans son allocution du 14 juillet puisqu&rsquo;il s&rsquo;est engag\u00e9 en effet \u00e0 red\u00e9velopper les trains de nuit, le fret ferroviaire et les petites lignes de trains.<br \/>\n&nbsp;<br \/>\nApr\u00e8s le sabotage du r\u00e9seau ferroviaire du pays par SNCF et l&rsquo;\u00e9tat durant des d\u00e9cennies, c&rsquo;est donc un sage, mais tardif, revirement.<br \/>\n&nbsp;<br \/>\nNous ne pouvons que le saluer mais nous serons vigilants avec tous les autres usagers et avec \u00e9lus locaux et r\u00e9gionaux : nous avons peine \u00e0 croire \u00e0 la concr\u00e9tisation de ces belles promesses.<br \/>\n&nbsp;<br \/>\n<a href=\"http:\/\/5.45.101.177\/haut-allier\/usagers-transportse\/wp-content\/uploads\/2020\/07\/macron-14juillet2020surlespetiteslignesetletraindenuit.mp4\">macron-14juillet2020surlespetiteslignesetletraindenuit.mp4<\/a><\/p>\n","protected":false},"excerpt":{"rendered":"<p>Le Collectif des Usagers des transports du Haut Allier se f\u00e9licite des propos du chef de l&rsquo;\u00e9tat dans<\/p>\n","protected":false},"author":1,"featured_media":2953,"comment_status":"open","ping_status":"open","sticky":false,"template":"","format":"standard","meta":{"footnotes":""},"categories":[8],"tags":[],"class_list":["post-678","post","type-post","status-publish","format-standard","has-post-thumbnail","hentry","category-communiques"],"_links":{"self":[{"href":"https:\/\/usagers-transports.haut-allier.eu\/index.php\/wp-json\/wp\/v2\/posts\/678","targetHints":{"allow":["GET"]}}],"collection":[{"href":"https:\/\/usagers-transports.haut-allier.eu\/index.php\/wp-json\/wp\/v2\/posts"}],"about":[{"href":"https:\/\/usagers-transports.haut-allier.eu\/index.php\/wp-json\/wp\/v2\/types\/post"}],"author":[{"embeddable":true,"href":"https:\/\/usagers-transports.haut-allier.eu\/index.php\/wp-json\/wp\/v2\/users\/1"}],"replies":[{"embeddable":true,"href":"https:\/\/usagers-transports.haut-allier.eu\/index.php\/wp-json\/wp\/v2\/comments?post=678"}],"version-history":[{"count":0,"href":"https:\/\/usagers-transports.haut-allier.eu\/index.php\/wp-json\/wp\/v2\/posts\/678\/revisions"}],"wp:featuredmedia":[{"embeddable":true,"href":"https:\/\/usagers-transports.haut-allier.eu\/index.php\/wp-json\/wp\/v2\/media\/2953"}],"wp:attachment":[{"href":"https:\/\/usagers-transports.haut-allier.eu\/index.php\/wp-json\/wp\/v2\/media?parent=678"}],"wp:term":[{"taxonomy":"category","embeddable":true,"href":"https:\/\/usagers-transports.haut-allier.eu\/index.php\/wp-json\/wp\/v2\/categories?post=678"},{"taxonomy":"post_tag","embeddable":true,"href":"https:\/\/usagers-transports.haut-allier.eu\/index.php\/wp-json\/wp\/v2\/tags?post=678"}],"curies":[{"name":"wp","href":"https:\/\/api.w.org\/{rel}","templated":true}]}}