{"id":679,"date":"2020-07-17T18:11:07","date_gmt":"2020-07-17T16:11:07","guid":{"rendered":"http:\/\/5.45.101.177\/haut-allier\/usagers-transportse\/index.php\/2020\/07\/17\/gare-halte-d-alleyras-une-mise-a679\/"},"modified":"2020-07-17T18:11:07","modified_gmt":"2020-07-17T16:11:07","slug":"gare-halte-d-alleyras-une-mise-a679","status":"publish","type":"post","link":"https:\/\/usagers-transports.haut-allier.eu\/index.php\/2020\/07\/17\/gare-halte-d-alleyras-une-mise-a679\/","title":{"rendered":"Gare Halte d&rsquo;Alleyras : une \u00ab\u00a0mise \u00e0 niveau\u00a0\u00bb pr\u00e9vue mais un acc\u00e8s inchang\u00e9 en grimpant sur le talus !"},"content":{"rendered":"<p>\u00ab\u00a0Mise \u00e0 niveau\u00a0\u00bb qui devait s&rsquo;effectuer cette ann\u00e9e mais qui a \u00e9t\u00e9 repouss\u00e9e \u00e0 cause des \u00e9v\u00e9nements sanitaires. Une bonne nouvelle pour la petite gare des gorges sauvages de l&rsquo;Allier dont la fr\u00e9quentation est en hausse avec ses 6 arr\u00eats quotidiens, comme \u00e0 Langogne ou Langeac.<br \/>\n&nbsp;<br \/>\nNous avons voulu savoir ce qui allait se faire pr\u00e9cis\u00e9ment. Voici le r\u00e9sultat de notre petite enqu\u00eate. Remercions Patricia Causse de SNCF Gares et Connexions \/ Direction territoriale des Gares du centre &#8211; est Rh\u00f4ne &#8211; Alpin.<br \/>\n&nbsp;<br \/>\n[fond noir][blanc]Reprise des cheminements sur le quai (sable et enrob\u00e9)[\/blanc][\/fond noir]<br \/>\n&nbsp;<br \/>\nC&rsquo;est acquis mais nous voulions savoir si le quai allait \u00eatre rehauss\u00e9 comme nous l&rsquo;avions demand\u00e9 l&rsquo;an dernier lors du colloque sur l&rsquo;avenir des trains en moyenne montagne \u00e0 Mr Bournazel de la direction r\u00e9gionale, malheureusement disparu depuis. Le gros probl\u00e8me de la gare \u00e9tant qu&rsquo;elle est en courbe, que les trains sont soulev\u00e9s que l&rsquo;acc\u00e8s aux voitures est tr\u00e8s haut, encore plus avec les Coradia R\u00e9giolis. Les personnes un peu \u00e2g\u00e9es ou fatigu\u00e9es ont beaucoup de mal, nous avons de nombreuses r\u00e9flexions des voyageurs sur ce sujet.<br \/>\n&nbsp;<br \/>\n<strong>R\u00e9ponse :<\/strong><br \/>\n&nbsp;<br \/>\n<strong> <em>Non, les rehaussements de quais accompagnent g\u00e9n\u00e9ralement des mises en accessibilit\u00e9 des quais, ce qui n&rsquo;est pas pr\u00e9vu en halte d&rsquo;Alleyras. Cette halte ne fait pas partie du SDRA (Sch\u00e9ma Directeur R\u00e9gional d&rsquo;Accessibilit\u00e9)<\/em> <\/strong><br \/>\n&nbsp;<br \/>\nAutrement dit : Voyageurs et personnes \u00e0 mobilit\u00e9 r\u00e9duite, d\u00e9mm&#8230;dez vous. Nous le d\u00e9plorons et continuerons \u00e0 faire pression.<br \/>\n&nbsp;<br \/>\n[fond noir][blanc]Remplacement du mobilier (poubelle, banc, cendrier)[\/blanc][\/fond noir]<br \/>\n&nbsp;<br \/>\nL\u00e0 on est ultra content d&rsquo;avoir de nouveaux cendriers, mais les lampadaires qui datent du 19\u00e8me si\u00e8cle, les vieux IPN tous rouill\u00e9s, seront-ils l\u00e0 pour 150 ans de plus ? Malgr\u00e9 le changement de leur t\u00eate avec des lumi\u00e8res LED le support lui-m\u00eame est une honte avec les fils \u00e9lectriques ext\u00e9rieurs.<br \/>\n&nbsp;<br \/>\n<strong>R\u00e9ponse :<\/strong><br \/>\n&nbsp;<br \/>\n<strong> <em>Comme vous l&rsquo;avez remarqu\u00e9 des lumi\u00e8res \u00e0 LED ont \u00e9t\u00e9 install\u00e9es, ce qui garantit une bonne visibilit\u00e9 pour le cheminement, dans l&rsquo;imm\u00e9diat pas d&rsquo;autres travaux pr\u00e9vus sur ces cand\u00e9labres.<\/em> <\/strong><br \/>\n&nbsp;<br \/>\nC&rsquo;est extr\u00eamement dommage et \u00e7a incite \u00e0 prendre le train, des fois qu&rsquo;on nous accueille dans une voiture toute rouill\u00e9e elle aussi, avec des contr\u00f4leurs rouill\u00e9s, un conducteur rouill\u00e9, des fauteuils rouill\u00e9s et des portes rouill\u00e9es impossibles \u00e0 ouvrir.<br \/>\n&nbsp;<br \/>\n[fond noir][blanc]Remise \u00e0 niveau de la signal\u00e9tique[\/blanc][\/fond noir]<br \/>\n&nbsp;<br \/>\nUne belle signal\u00e9tique qui n&rsquo;arrange pas l&rsquo;acc\u00e8s des voyageurs mais qui leur dit ce qu&rsquo;il faut faire, \u00e7a c&rsquo;est le top&#8230; en rouge, en blanc, en jaune avec de beaux plans pour indiquer qu&rsquo;il faut faire le tour \u00e0 300 m\u00e8tres en courant m\u00eame si son train va partir.<br \/>\n&nbsp;<br \/>\n[fond noir][blanc]Nettoyage et peinture de l\u2019abri[\/blanc][\/fond noir]<br \/>\n&nbsp;<br \/>\nUn banc et un espace de 5 m2 tout repeint et nettoy\u00e9 ya que \u00e7a de vrai. Nous en fr\u00e9missons d&rsquo;aise d&rsquo;avance. Rien que l&rsquo;id\u00e9e d&rsquo;humer la t\u00e9r\u00e9benthine toute fra\u00eeche, un r\u00eave inaccessible. Comme l&rsquo;acc\u00e8s au train en gare d&rsquo;Alleyras pour un handicap\u00e9 ou une personne \u00e2g\u00e9e.<br \/>\n&nbsp;<br \/>\n[fond noir][blanc]R\u00e9flexion sur l\u2019acc\u00e8s.[\/blanc][\/fond noir]<br \/>\n&nbsp;<br \/>\nNotre remarque : Ce n&rsquo;est pas d&rsquo;une r\u00e9flexion seulement dont on a besoin mais d&rsquo;une r\u00e9fection, pour les handicap\u00e9s et les autres usagers. L&rsquo;id\u00e9al serait une passerelle, ou m\u00eame un passage pi\u00e9ton avec un feu lumineux comme cela se fait partout, avec surtout un acc\u00e8s officiel c\u00f4t\u00e9 \u00ab\u00a0avenue de la gare\u00a0\u00bb&#8230; c&rsquo;est \u00e0 dire c\u00f4t\u00e9 parkings puisqu&rsquo;il est impossible de se garer le long de la d\u00e9partementale.<br \/>\n&nbsp;<br \/>\n<strong>R\u00e9ponse :<\/strong><br \/>\n&nbsp;<br \/>\n<strong> <em>Comme vous le savez, la halte d&rsquo;Alleyras est sur une voie unique. Votre proposition conduirait \u00e0 une travers\u00e9e de la voie, ce qui n&rsquo;est pas envisageable pour des raisons de s\u00e9curit\u00e9. Comme indiqu\u00e9, ci-dessus, les travaux d&rsquo;accessibilit\u00e9 de cette halte ne sont pas pr\u00e9vus et donc SNCF R\u00e9seau, n&rsquo;envisagera pas de construire une passerelle. J&rsquo;attends les r\u00e9sultats des \u00e9tudes pour connaitre les solutions envisag\u00e9es pour l&rsquo;acc\u00e8s de la halte <\/em>  <\/strong><br \/>\n&nbsp;<br \/>\nSi l&rsquo;am\u00e9nagement d&rsquo;un passage pi\u00e9ton avec feu lumineux est impossible et co\u00fbte trop cher \u00e0 SNCF R\u00e9seau, premier pour la r\u00e9clamation de financements aux r\u00e9gions et dernier \u00e0 leur rendre des comptes, nous vous sugg\u00e9rons simplement de supprimer la halte d&rsquo;Alleyras, Cela vous fera un arr\u00eat et des soucis en moins.<br \/>\n&nbsp;<br \/>\n<img loading=\"lazy\" decoding=\"async\" class=\" aligncenter size-full wp-image-2956\" src=\"http:\/\/5.45.101.177\/haut-allier\/usagers-transportse\/wp-content\/uploads\/2020\/07\/p_20200703_191556-800.jpg\" alt=\"p_20200703_191556-800.jpg\" align=\"center\" width=\"800\" height=\"600\" srcset=\"https:\/\/usagers-transports.haut-allier.eu\/wp-content\/uploads\/2020\/07\/p_20200703_191556-800.jpg 800w, https:\/\/usagers-transports.haut-allier.eu\/wp-content\/uploads\/2020\/07\/p_20200703_191556-800-300x225.jpg 300w, https:\/\/usagers-transports.haut-allier.eu\/wp-content\/uploads\/2020\/07\/p_20200703_191556-800-768x576.jpg 768w\" sizes=\"auto, (max-width: 800px) 100vw, 800px\" \/><br \/>\n<em>Les usagers des gorges de l&rsquo;Allier n&rsquo;ont pas besoin d&rsquo;un acc\u00e8s correct au train, ils ne m\u00e9ritent que sa condamnation le jour de reprise du trafic apr\u00e8s 3 mois de n\u00e9ant.<\/em><br \/>\n&nbsp;<br \/>\n<img loading=\"lazy\" decoding=\"async\" class=\" aligncenter size-full wp-image-2957\" src=\"http:\/\/5.45.101.177\/haut-allier\/usagers-transportse\/wp-content\/uploads\/2020\/07\/p_20200710_185731-800.jpg\" alt=\"p_20200710_185731-800.jpg\" align=\"center\" width=\"800\" height=\"600\" srcset=\"https:\/\/usagers-transports.haut-allier.eu\/wp-content\/uploads\/2020\/07\/p_20200710_185731-800.jpg 800w, https:\/\/usagers-transports.haut-allier.eu\/wp-content\/uploads\/2020\/07\/p_20200710_185731-800-300x225.jpg 300w, https:\/\/usagers-transports.haut-allier.eu\/wp-content\/uploads\/2020\/07\/p_20200710_185731-800-768x576.jpg 768w\" sizes=\"auto, (max-width: 800px) 100vw, 800px\" \/><br \/>\n&nbsp;<br \/>\n<img loading=\"lazy\" decoding=\"async\" class=\" aligncenter size-full wp-image-2958\" src=\"http:\/\/5.45.101.177\/haut-allier\/usagers-transportse\/wp-content\/uploads\/2020\/07\/acces-en-grimpant-sur-le-talus-gare-alleyras-hauteloire-800.jpg\" alt=\"acces-en-grimpant-sur-le-talus-gare-alleyras-hauteloire-800.jpg\" align=\"center\" width=\"800\" height=\"450\" srcset=\"https:\/\/usagers-transports.haut-allier.eu\/wp-content\/uploads\/2020\/07\/acces-en-grimpant-sur-le-talus-gare-alleyras-hauteloire-800.jpg 800w, https:\/\/usagers-transports.haut-allier.eu\/wp-content\/uploads\/2020\/07\/acces-en-grimpant-sur-le-talus-gare-alleyras-hauteloire-800-300x169.jpg 300w, https:\/\/usagers-transports.haut-allier.eu\/wp-content\/uploads\/2020\/07\/acces-en-grimpant-sur-le-talus-gare-alleyras-hauteloire-800-768x432.jpg 768w\" sizes=\"auto, (max-width: 800px) 100vw, 800px\" \/><br \/>\n<em>L&rsquo;installation d&rsquo;un passage pi\u00e9ton avec feux c\u00f4t\u00e9 avenue de la gare et parkings am\u00e9liorerait tellement l&rsquo;acc\u00e8s ! Pour tous y compris les handicap\u00e9s. Mais SNCF R\u00e9seau n&rsquo;a pas pr\u00e9vu&#8230; Il va falloir sans doute faire un happening avec les m\u00e9dias en direct pour faire avancer. <\/em><br \/>\n&nbsp;<br \/>\n[fond noir][blanc]Installation Information voyageur (1 \u00e9cran)[\/blanc][\/fond noir]<br \/>\n&nbsp;<br \/>\n<img loading=\"lazy\" decoding=\"async\" class=\" aligncenter size-full wp-image-2959\" src=\"http:\/\/5.45.101.177\/haut-allier\/usagers-transportse\/wp-content\/uploads\/2020\/07\/p_20200626_202556-800.jpg\" alt=\"p_20200626_202556-800.jpg\" align=\"center\" width=\"788\" height=\"467\" srcset=\"https:\/\/usagers-transports.haut-allier.eu\/wp-content\/uploads\/2020\/07\/p_20200626_202556-800.jpg 788w, https:\/\/usagers-transports.haut-allier.eu\/wp-content\/uploads\/2020\/07\/p_20200626_202556-800-300x178.jpg 300w, https:\/\/usagers-transports.haut-allier.eu\/wp-content\/uploads\/2020\/07\/p_20200626_202556-800-768x455.jpg 768w\" sizes=\"auto, (max-width: 788px) 100vw, 788px\" \/><br \/>\n&nbsp;<br \/>\nLe temps de l&rsquo;utilisation obligatoire du t\u00e9l\u00e9phone de secours en forme de bigorneau moisi pour conna\u00eetre un retard ou une annulation serait-il bient\u00f4t r\u00e9volu ? On ose \u00e0 peine y croire&#8230; apr\u00e8s 10 ans de bataille \u00e0 ce sujet !<br \/>\n&nbsp;<\/p>\n","protected":false},"excerpt":{"rendered":"<p>\u00ab\u00a0Mise \u00e0 niveau\u00a0\u00bb qui devait s&rsquo;effectuer cette ann\u00e9e mais qui a \u00e9t\u00e9 repouss\u00e9e \u00e0 cause des \u00e9v\u00e9nements sanitaires.<\/p>\n","protected":false},"author":1,"featured_media":2955,"comment_status":"open","ping_status":"open","sticky":false,"template":"","format":"standard","meta":{"footnotes":""},"categories":[2],"tags":[],"class_list":["post-679","post","type-post","status-publish","format-standard","has-post-thumbnail","hentry","category-infos"],"_links":{"self":[{"href":"https:\/\/usagers-transports.haut-allier.eu\/index.php\/wp-json\/wp\/v2\/posts\/679","targetHints":{"allow":["GET"]}}],"collection":[{"href":"https:\/\/usagers-transports.haut-allier.eu\/index.php\/wp-json\/wp\/v2\/posts"}],"about":[{"href":"https:\/\/usagers-transports.haut-allier.eu\/index.php\/wp-json\/wp\/v2\/types\/post"}],"author":[{"embeddable":true,"href":"https:\/\/usagers-transports.haut-allier.eu\/index.php\/wp-json\/wp\/v2\/users\/1"}],"replies":[{"embeddable":true,"href":"https:\/\/usagers-transports.haut-allier.eu\/index.php\/wp-json\/wp\/v2\/comments?post=679"}],"version-history":[{"count":0,"href":"https:\/\/usagers-transports.haut-allier.eu\/index.php\/wp-json\/wp\/v2\/posts\/679\/revisions"}],"wp:featuredmedia":[{"embeddable":true,"href":"https:\/\/usagers-transports.haut-allier.eu\/index.php\/wp-json\/wp\/v2\/media\/2955"}],"wp:attachment":[{"href":"https:\/\/usagers-transports.haut-allier.eu\/index.php\/wp-json\/wp\/v2\/media?parent=679"}],"wp:term":[{"taxonomy":"category","embeddable":true,"href":"https:\/\/usagers-transports.haut-allier.eu\/index.php\/wp-json\/wp\/v2\/categories?post=679"},{"taxonomy":"post_tag","embeddable":true,"href":"https:\/\/usagers-transports.haut-allier.eu\/index.php\/wp-json\/wp\/v2\/tags?post=679"}],"curies":[{"name":"wp","href":"https:\/\/api.w.org\/{rel}","templated":true}]}}