{"id":68,"date":"2013-08-27T20:41:42","date_gmt":"2013-08-27T18:41:42","guid":{"rendered":"http:\/\/5.45.101.177\/haut-allier\/usagers-transportse\/index.php\/2013\/08\/27\/train-cevenol-dans-les-gorges-de-l068\/"},"modified":"2013-08-27T20:41:42","modified_gmt":"2013-08-27T18:41:42","slug":"train-cevenol-dans-les-gorges-de-l068","status":"publish","type":"post","link":"https:\/\/usagers-transports.haut-allier.eu\/index.php\/2013\/08\/27\/train-cevenol-dans-les-gorges-de-l068\/","title":{"rendered":"Train C\u00e9venol dans les gorges de l&rsquo;Allier : retour \u00e0 75 kms heure exig\u00e9 par les \u00e9lus \u00e0 la fin des travaux d&rsquo;automne"},"content":{"rendered":"<p>Et c&rsquo;est bien normal puisque les travaux de r\u00e9habilitation qui d\u00e9buteront le 2 septembre font partie de la derni\u00e8re phase programm\u00e9e et financ\u00e9e par le Plan-Rail Auvergne 2009-2013. C&rsquo;est donc l\u00e9gitimement que l&rsquo;Association des \u00e9lus pour la d\u00e9fense du C\u00e9venol demande au ministre Fr\u00e9d\u00e9ric Cuvillier et \u00e0 Guillaume P\u00e9py le pr\u00e9sident de la SNCF de relever d\u00e8s les nouveaux horaires SNCF de d\u00e9cembre prochain, la vitesse des trains circulant dans les gorges entre Monistrol d&rsquo;Allier et Langogne, pour les porter de 40 \u00e0 75 km\/h, la vitesse initiale.<br \/>\n<sc> <\/sc><br \/>\nDans son courrier l&rsquo;association des \u00e9lus affirme qu&rsquo;elle ne comprendrait pas un refus de la SNCF puisque les travaux engag\u00e9s depuis 4 ans, \u00e0 grand frais du contribuable et au d\u00e9triment des usagers durant les mois d&rsquo;automne, l&rsquo;ont \u00e9t\u00e9 pour corriger les \u00ab\u00a0d\u00e9r\u00e8glements d&rsquo;infrastructures\u00a0\u00bb. Cela devrait faire gagner 20 minutes sur tous les parcours rendant ainsi la ligne un peu plus attrayante.<br \/>\n<sc>  <\/sc><br \/>\nL&rsquo;association des \u00e9lus \u00e9met n\u00e9anmoins un b\u00e9mol : \u00ab\u00a0la possibilit\u00e9 [NDLR: du rel\u00e8vement de la vitesse] reste n\u00e9anmoins soumise \u00e0 une ex\u00e9cution compl\u00e8te et conforme aux cahiers des charges de ces travaux par les entreprises sous-traitantes.\u00a0\u00bb et elle \u00ab\u00a0appelle \u00e0 la vigilance l&rsquo;ensemble des d\u00e9cideurs et acteurs participant au contr\u00f4le de leur ex\u00e9cution, jusqu&rsquo;au 8 novembre.\u00a0\u00bb<br \/>\n<sc>  <\/sc><br \/>\nEsp\u00e9rons un retour \u00e0 un service normal d\u00e8s la fin des travaux pour calmer l&rsquo;\u00e9norme grogne des usagers de la ligne comme le confirme les commentaires incendiaires de notre <a href=\"http:\/\/usagers-transports.haut-allier.eu\/spip.php?article58\">p\u00e9tition<\/a>.<\/p>\n","protected":false},"excerpt":{"rendered":"<p>Et c&rsquo;est bien normal puisque les travaux de r\u00e9habilitation qui d\u00e9buteront le 2 septembre font partie de la<\/p>\n","protected":false},"author":1,"featured_media":1451,"comment_status":"closed","ping_status":"open","sticky":false,"template":"","format":"standard","meta":{"footnotes":""},"categories":[2],"tags":[],"class_list":["post-68","post","type-post","status-publish","format-standard","has-post-thumbnail","hentry","category-infos"],"_links":{"self":[{"href":"https:\/\/usagers-transports.haut-allier.eu\/index.php\/wp-json\/wp\/v2\/posts\/68","targetHints":{"allow":["GET"]}}],"collection":[{"href":"https:\/\/usagers-transports.haut-allier.eu\/index.php\/wp-json\/wp\/v2\/posts"}],"about":[{"href":"https:\/\/usagers-transports.haut-allier.eu\/index.php\/wp-json\/wp\/v2\/types\/post"}],"author":[{"embeddable":true,"href":"https:\/\/usagers-transports.haut-allier.eu\/index.php\/wp-json\/wp\/v2\/users\/1"}],"replies":[{"embeddable":true,"href":"https:\/\/usagers-transports.haut-allier.eu\/index.php\/wp-json\/wp\/v2\/comments?post=68"}],"version-history":[{"count":0,"href":"https:\/\/usagers-transports.haut-allier.eu\/index.php\/wp-json\/wp\/v2\/posts\/68\/revisions"}],"wp:featuredmedia":[{"embeddable":true,"href":"https:\/\/usagers-transports.haut-allier.eu\/index.php\/wp-json\/wp\/v2\/media\/1451"}],"wp:attachment":[{"href":"https:\/\/usagers-transports.haut-allier.eu\/index.php\/wp-json\/wp\/v2\/media?parent=68"}],"wp:term":[{"taxonomy":"category","embeddable":true,"href":"https:\/\/usagers-transports.haut-allier.eu\/index.php\/wp-json\/wp\/v2\/categories?post=68"},{"taxonomy":"post_tag","embeddable":true,"href":"https:\/\/usagers-transports.haut-allier.eu\/index.php\/wp-json\/wp\/v2\/tags?post=68"}],"curies":[{"name":"wp","href":"https:\/\/api.w.org\/{rel}","templated":true}]}}