{"id":680,"date":"2020-07-25T08:21:12","date_gmt":"2020-07-25T06:21:12","guid":{"rendered":"http:\/\/5.45.101.177\/haut-allier\/usagers-transportse\/index.php\/2020\/07\/25\/train-de-nuit-nimes-clermont-paris680\/"},"modified":"2020-07-25T08:21:12","modified_gmt":"2020-07-25T06:21:12","slug":"train-de-nuit-nimes-clermont-paris680","status":"publish","type":"post","link":"https:\/\/usagers-transports.haut-allier.eu\/index.php\/2020\/07\/25\/train-de-nuit-nimes-clermont-paris680\/","title":{"rendered":"Train de nuit N\u00eemes Clermont Paris : la motion des \u00e9lus de Vieille-Brioude"},"content":{"rendered":"<p>Apr\u00e8s Paulhaguet, La GrandCombe, Chamborigaud, G\u00e9nolhac, et l&rsquo;intervention des <a href=\"http:\/\/usagers-transports.haut-allier.eu\/?retour-du-train-de-nuit-les-elus,676\"><strong>d\u00e9put\u00e9s<\/strong><\/a>, et alors que le gouvernement vient de faire quelques d\u00e9clarations encourageantes au sujet des trains de nuit, les \u00e9lus du conseil municipal de la commune de Vieille Brioude viennent de voter \u00e0 l&rsquo;unanimit\u00e9 une motion pour le retour de celui des C\u00e9vennes qui circulait encore voici moins de 20 ans.<br \/>\n&nbsp;<br \/>\n<a href=\"http:\/\/5.45.101.177\/haut-allier\/usagers-transportse\/wp-content\/uploads\/2020\/07\/del11-motion-soutien-train-de-nuit-vieille-brioude.pdf\">del11-motion-soutien-train-de-nuit-vieille-brioude.pdf<\/a><br \/>\n&nbsp;<br \/>\nOn attend avec impatience celles des autres communes gares concern\u00e9es et des villes plus grandes telles Langeac, Langogne, Al\u00e8s, Brioude&#8230;<br \/>\n&nbsp;<\/p>\n","protected":false},"excerpt":{"rendered":"<p>Apr\u00e8s Paulhaguet, La GrandCombe, Chamborigaud, G\u00e9nolhac, et l&rsquo;intervention des d\u00e9put\u00e9s, et alors que le gouvernement vient de faire<\/p>\n","protected":false},"author":1,"featured_media":2960,"comment_status":"open","ping_status":"open","sticky":false,"template":"","format":"standard","meta":{"footnotes":""},"categories":[2],"tags":[],"class_list":["post-680","post","type-post","status-publish","format-standard","has-post-thumbnail","hentry","category-infos"],"_links":{"self":[{"href":"https:\/\/usagers-transports.haut-allier.eu\/index.php\/wp-json\/wp\/v2\/posts\/680","targetHints":{"allow":["GET"]}}],"collection":[{"href":"https:\/\/usagers-transports.haut-allier.eu\/index.php\/wp-json\/wp\/v2\/posts"}],"about":[{"href":"https:\/\/usagers-transports.haut-allier.eu\/index.php\/wp-json\/wp\/v2\/types\/post"}],"author":[{"embeddable":true,"href":"https:\/\/usagers-transports.haut-allier.eu\/index.php\/wp-json\/wp\/v2\/users\/1"}],"replies":[{"embeddable":true,"href":"https:\/\/usagers-transports.haut-allier.eu\/index.php\/wp-json\/wp\/v2\/comments?post=680"}],"version-history":[{"count":0,"href":"https:\/\/usagers-transports.haut-allier.eu\/index.php\/wp-json\/wp\/v2\/posts\/680\/revisions"}],"wp:featuredmedia":[{"embeddable":true,"href":"https:\/\/usagers-transports.haut-allier.eu\/index.php\/wp-json\/wp\/v2\/media\/2960"}],"wp:attachment":[{"href":"https:\/\/usagers-transports.haut-allier.eu\/index.php\/wp-json\/wp\/v2\/media?parent=680"}],"wp:term":[{"taxonomy":"category","embeddable":true,"href":"https:\/\/usagers-transports.haut-allier.eu\/index.php\/wp-json\/wp\/v2\/categories?post=680"},{"taxonomy":"post_tag","embeddable":true,"href":"https:\/\/usagers-transports.haut-allier.eu\/index.php\/wp-json\/wp\/v2\/tags?post=680"}],"curies":[{"name":"wp","href":"https:\/\/api.w.org\/{rel}","templated":true}]}}