{"id":681,"date":"2020-07-31T18:19:04","date_gmt":"2020-07-31T16:19:04","guid":{"rendered":"http:\/\/5.45.101.177\/haut-allier\/usagers-transportse\/index.php\/2020\/07\/31\/train-de-nuit-nimes-clermont-paris681\/"},"modified":"2026-09-01T15:56:19","modified_gmt":"2026-09-01T13:56:19","slug":"train-de-nuit-nimes-clermont-paris681","status":"publish","type":"post","link":"https:\/\/usagers-transports.haut-allier.eu\/index.php\/2020\/07\/31\/train-de-nuit-nimes-clermont-paris681\/","title":{"rendered":"Train de nuit N\u00eemes Clermont Paris : les motions des \u00e9lus d&rsquo;Alleyras et Sainte-Florine"},"content":{"rendered":"Apr\u00e8s Paulhaguet, La GrandCombe, Chamborigaud, G\u00e9nolhac, Vieille Brioude et l\u2019intervention des d\u00e9put\u00e9s, et les annonces fantastiques du gouvernement, les conseils municipaux des communes de Sainte-Florine et cette apr\u00e8s-midi d&rsquo;Alleyras viennent de voter \u00e0 l\u2019unanimit\u00e9 pour les premiers et \u00e0 l&rsquo;unanimit\u00e9 moins une voix pour la seconde deux motions pour le retour du train de nuit des C\u00e9vennes qui circulait encore voici moins de 20 ans.\n&nbsp;\n<a href=\"http:\/\/5.45.101.177\/haut-allier\/usagers-transportse\/wp-content\/uploads\/2020\/07\/delib_sainte_florine_ret_20200729110215.pdf\">delib_sainte_florine_ret_20200729110215.pdf<\/a>\n&nbsp;\n<img loading=\"lazy\" decoding=\"async\" class=\" aligncenter size-full wp-image-2964\" src=\"http:\/\/5.45.101.177\/haut-allier\/usagers-transportse\/wp-content\/uploads\/2020\/07\/delib_sainte_florine_ret_20200729110215-2-4.jpg\" alt=\"delib_sainte_florine_ret_20200729110215-2-4.jpg\" align=\"center\" width=\"694\" height=\"981\" srcset=\"https:\/\/usagers-transports.haut-allier.eu\/wp-content\/uploads\/2020\/07\/delib_sainte_florine_ret_20200729110215-2-4.jpg 694w, https:\/\/usagers-transports.haut-allier.eu\/wp-content\/uploads\/2020\/07\/delib_sainte_florine_ret_20200729110215-2-4-212x300.jpg 212w\" sizes=\"auto, (max-width: 694px) 100vw, 694px\" \/>\n&nbsp;\n<img loading=\"lazy\" decoding=\"async\" class=\" aligncenter size-full wp-image-2965\" src=\"http:\/\/5.45.101.177\/haut-allier\/usagers-transportse\/wp-content\/uploads\/2020\/07\/delib-train-de-nuit-alleyras.jpg\" alt=\"delib-train-de-nuit-alleyras.jpg\" align=\"center\" width=\"700\" height=\"933\" srcset=\"https:\/\/usagers-transports.haut-allier.eu\/wp-content\/uploads\/2020\/07\/delib-train-de-nuit-alleyras.jpg 700w, https:\/\/usagers-transports.haut-allier.eu\/wp-content\/uploads\/2020\/07\/delib-train-de-nuit-alleyras-225x300.jpg 225w\" sizes=\"auto, (max-width: 700px) 100vw, 700px\" \/>\n&nbsp;\nAlors qu&rsquo;il y a urgence puisque les d\u00e9cisions se font actuellement \u00e0 Paris, on attend toujours celles des autres communes &#8211; gares concern\u00e9es et des villes plus grandes telles Langeac, Langogne, Al\u00e8s, Brioude&#8230;\n <p>&nbsp;<\/p>\n\n\t<figure class=\"wp-block-gallery columns-3 is-cropped wp-block-gallery-1 is-layout-flex wp-block-gallery-is-layout-flex\">\n\t\t<ul class=\"blocks-gallery-grid\">\n\t\t\t<li class=\"blocks-gallery-item\">\n\t\t\t\t<figure>\n\t\t\t\t\t\t\t\t\t\t\t<img loading=\"lazy\" decoding=\"async\" width=\"694\" height=\"981\" src=\"http:\/\/5.45.101.177\/haut-allier\/usagers-transportse\/wp-content\/uploads\/2020\/07\/delib_sainte_florine_ret_20200729110215-1.jpg\"\n\t\t\t\t\t\t alt=\"delib_sainte_florine_ret_20200729110215-1.jpg\"\n\t\t\t\t\t\t data-id=\"2966\"\n\t\t\t\t\t\t data-full-url=\"http:\/\/5.45.101.177\/haut-allier\/usagers-transportse\/wp-content\/uploads\/2020\/07\/delib_sainte_florine_ret_20200729110215-1.jpg\"\n\t\t\t\t\t\t data-link=\"http:\/\/5.45.101.177\/haut-allier\/usagers-transportse\/attachment-delib_sainte_florine_ret_20200729110215-1-jpg\/\"\n\t\t\t\t\t\t class=\"wp-image-2966\" srcset=\"https:\/\/usagers-transports.haut-allier.eu\/wp-content\/uploads\/2020\/07\/delib_sainte_florine_ret_20200729110215-1.jpg 694w, https:\/\/usagers-transports.haut-allier.eu\/wp-content\/uploads\/2020\/07\/delib_sainte_florine_ret_20200729110215-1-212x300.jpg 212w\" sizes=\"auto, (max-width: 694px) 100vw, 694px\" \/>\n\t\t\t\t<\/figure>\n\t\t\t<\/li>\n\t\t\t<li class=\"blocks-gallery-item\">\n\t\t\t\t<figure>\n\t\t\t\t\t\t\t\t\t\t\t<img loading=\"lazy\" decoding=\"async\" width=\"694\" height=\"981\" src=\"http:\/\/5.45.101.177\/haut-allier\/usagers-transportse\/wp-content\/uploads\/2020\/07\/delib_sainte_florine_ret_20200729110215-2.jpg\"\n\t\t\t\t\t\t alt=\"delib_sainte_florine_ret_20200729110215-2.jpg\"\n\t\t\t\t\t\t data-id=\"2967\"\n\t\t\t\t\t\t data-full-url=\"http:\/\/5.45.101.177\/haut-allier\/usagers-transportse\/wp-content\/uploads\/2020\/07\/delib_sainte_florine_ret_20200729110215-2.jpg\"\n\t\t\t\t\t\t data-link=\"http:\/\/5.45.101.177\/haut-allier\/usagers-transportse\/attachment-delib_sainte_florine_ret_20200729110215-2-jpg\/\"\n\t\t\t\t\t\t class=\"wp-image-2967\" srcset=\"https:\/\/usagers-transports.haut-allier.eu\/wp-content\/uploads\/2020\/07\/delib_sainte_florine_ret_20200729110215-2.jpg 694w, https:\/\/usagers-transports.haut-allier.eu\/wp-content\/uploads\/2020\/07\/delib_sainte_florine_ret_20200729110215-2-212x300.jpg 212w\" sizes=\"auto, (max-width: 694px) 100vw, 694px\" \/>\n\t\t\t\t<\/figure>\n\t\t\t<\/li>\n\t\t\t<li class=\"blocks-gallery-item\">\n\t\t\t\t<figure>\n\t\t\t\t\t\t\t\t\t\t\t<img loading=\"lazy\" decoding=\"async\" width=\"694\" height=\"981\" src=\"http:\/\/5.45.101.177\/haut-allier\/usagers-transportse\/wp-content\/uploads\/2020\/07\/delib_sainte_florine_ret_20200729110215-2-2.jpg\"\n\t\t\t\t\t\t alt=\"delib_sainte_florine_ret_20200729110215-2-2.jpg\"\n\t\t\t\t\t\t data-id=\"2968\"\n\t\t\t\t\t\t data-full-url=\"http:\/\/5.45.101.177\/haut-allier\/usagers-transportse\/wp-content\/uploads\/2020\/07\/delib_sainte_florine_ret_20200729110215-2-2.jpg\"\n\t\t\t\t\t\t data-link=\"http:\/\/5.45.101.177\/haut-allier\/usagers-transportse\/attachment-delib_sainte_florine_ret_20200729110215-2-2-jpg\/\"\n\t\t\t\t\t\t class=\"wp-image-2968\" srcset=\"https:\/\/usagers-transports.haut-allier.eu\/wp-content\/uploads\/2020\/07\/delib_sainte_florine_ret_20200729110215-2-2.jpg 694w, https:\/\/usagers-transports.haut-allier.eu\/wp-content\/uploads\/2020\/07\/delib_sainte_florine_ret_20200729110215-2-2-212x300.jpg 212w\" sizes=\"auto, (max-width: 694px) 100vw, 694px\" \/>\n\t\t\t\t<\/figure>\n\t\t\t<\/li>\n\t\t\t<li class=\"blocks-gallery-item\">\n\t\t\t\t<figure>\n\t\t\t\t\t\t\t\t\t\t\t<img loading=\"lazy\" decoding=\"async\" width=\"694\" height=\"981\" src=\"http:\/\/5.45.101.177\/haut-allier\/usagers-transportse\/wp-content\/uploads\/2020\/07\/delib_sainte_florine_ret_20200729110215-2-3.jpg\"\n\t\t\t\t\t\t alt=\"delib_sainte_florine_ret_20200729110215-2-3.jpg\"\n\t\t\t\t\t\t data-id=\"2969\"\n\t\t\t\t\t\t data-full-url=\"http:\/\/5.45.101.177\/haut-allier\/usagers-transportse\/wp-content\/uploads\/2020\/07\/delib_sainte_florine_ret_20200729110215-2-3.jpg\"\n\t\t\t\t\t\t data-link=\"http:\/\/5.45.101.177\/haut-allier\/usagers-transportse\/attachment-delib_sainte_florine_ret_20200729110215-2-3-jpg\/\"\n\t\t\t\t\t\t class=\"wp-image-2969\" srcset=\"https:\/\/usagers-transports.haut-allier.eu\/wp-content\/uploads\/2020\/07\/delib_sainte_florine_ret_20200729110215-2-3.jpg 694w, https:\/\/usagers-transports.haut-allier.eu\/wp-content\/uploads\/2020\/07\/delib_sainte_florine_ret_20200729110215-2-3-212x300.jpg 212w\" sizes=\"auto, (max-width: 694px) 100vw, 694px\" \/>\n\t\t\t\t<\/figure>\n\t\t\t<\/li>\n\t\t<\/ul>\n\t<\/figure>\n","protected":false},"excerpt":{"rendered":"<p>Apr\u00e8s Paulhaguet, La GrandCombe, Chamborigaud, G\u00e9nolhac, Vieille Brioude et l\u2019intervention des d\u00e9put\u00e9s, et les annonces fantastiques du gouvernement,<\/p>\n","protected":false},"author":1,"featured_media":2962,"comment_status":"open","ping_status":"open","sticky":false,"template":"","format":"standard","meta":{"footnotes":""},"categories":[2],"tags":[],"class_list":["post-681","post","type-post","status-publish","format-standard","has-post-thumbnail","hentry","category-infos"],"_links":{"self":[{"href":"https:\/\/usagers-transports.haut-allier.eu\/index.php\/wp-json\/wp\/v2\/posts\/681","targetHints":{"allow":["GET"]}}],"collection":[{"href":"https:\/\/usagers-transports.haut-allier.eu\/index.php\/wp-json\/wp\/v2\/posts"}],"about":[{"href":"https:\/\/usagers-transports.haut-allier.eu\/index.php\/wp-json\/wp\/v2\/types\/post"}],"author":[{"embeddable":true,"href":"https:\/\/usagers-transports.haut-allier.eu\/index.php\/wp-json\/wp\/v2\/users\/1"}],"replies":[{"embeddable":true,"href":"https:\/\/usagers-transports.haut-allier.eu\/index.php\/wp-json\/wp\/v2\/comments?post=681"}],"version-history":[{"count":1,"href":"https:\/\/usagers-transports.haut-allier.eu\/index.php\/wp-json\/wp\/v2\/posts\/681\/revisions"}],"predecessor-version":[{"id":2970,"href":"https:\/\/usagers-transports.haut-allier.eu\/index.php\/wp-json\/wp\/v2\/posts\/681\/revisions\/2970"}],"wp:featuredmedia":[{"embeddable":true,"href":"https:\/\/usagers-transports.haut-allier.eu\/index.php\/wp-json\/wp\/v2\/media\/2962"}],"wp:attachment":[{"href":"https:\/\/usagers-transports.haut-allier.eu\/index.php\/wp-json\/wp\/v2\/media?parent=681"}],"wp:term":[{"taxonomy":"category","embeddable":true,"href":"https:\/\/usagers-transports.haut-allier.eu\/index.php\/wp-json\/wp\/v2\/categories?post=681"},{"taxonomy":"post_tag","embeddable":true,"href":"https:\/\/usagers-transports.haut-allier.eu\/index.php\/wp-json\/wp\/v2\/tags?post=681"}],"curies":[{"name":"wp","href":"https:\/\/api.w.org\/{rel}","templated":true}]}}