{"id":682,"date":"2020-08-06T21:02:59","date_gmt":"2020-08-06T19:02:59","guid":{"rendered":"http:\/\/5.45.101.177\/haut-allier\/usagers-transportse\/index.php\/2020\/08\/06\/train-de-nuit-nimes-clermont-paris682\/"},"modified":"2020-08-06T21:02:59","modified_gmt":"2020-08-06T19:02:59","slug":"train-de-nuit-nimes-clermont-paris682","status":"publish","type":"post","link":"https:\/\/usagers-transports.haut-allier.eu\/index.php\/2020\/08\/06\/train-de-nuit-nimes-clermont-paris682\/","title":{"rendered":"Train de nuit N\u00eemes Clermont Paris : motion des \u00e9lus de Labastide PuyLaurent (Loz\u00e8re)"},"content":{"rendered":"<p>Les communes de la ligne des C\u00e9vennes se mobilisent r\u00e9ellement conscientes de la perte \u00e9norme qu&rsquo;a \u00e9t\u00e9 pour leur territoire la suppression du train de nuit N\u00eemes Clermont Ferrand Paris en 2003. Nous proposons quant \u00e0 nous qu&rsquo;il poursuive en terminus Bruxelles, Paris n&rsquo;\u00e9tant pas une r\u00e9elle finalit\u00e9 en 2020.<br \/>\n&nbsp;<br \/>\nDonc apr\u00e8s Paulhaguet, La GrandCombe, Chamborigaud, G\u00e9nolhac, Sainte-Florine et Alleyras, et l\u2019intervention des d\u00e9put\u00e9s, les \u00e9lus du conseil municipal de la commune de Labastide Saint-Laurent les Bains ont vot\u00e9 \u00e0 l\u2019unanimit\u00e9 la motion pour le retour du train de nuit des C\u00e9vennes qui circulait il y a moins de 20 ans.<br \/>\n&nbsp;<br \/>\nLa voici :<br \/>\n&nbsp;<br \/>\n<a href=\"http:\/\/5.45.101.177\/haut-allier\/usagers-transportse\/wp-content\/uploads\/2020\/08\/de_2020-050-_motion_train_cevenol.pdf\">de_2020-050-_motion_train_cevenol.pdf<\/a><br \/>\n&nbsp;<br \/>\nAllez Al\u00e8s, Langogne, Langeac et Brioude on se bouge !<\/p>\n","protected":false},"excerpt":{"rendered":"<p>Les communes de la ligne des C\u00e9vennes se mobilisent r\u00e9ellement conscientes de la perte \u00e9norme qu&rsquo;a \u00e9t\u00e9 pour<\/p>\n","protected":false},"author":1,"featured_media":2971,"comment_status":"open","ping_status":"open","sticky":false,"template":"","format":"standard","meta":{"footnotes":""},"categories":[2],"tags":[],"class_list":["post-682","post","type-post","status-publish","format-standard","has-post-thumbnail","hentry","category-infos"],"_links":{"self":[{"href":"https:\/\/usagers-transports.haut-allier.eu\/index.php\/wp-json\/wp\/v2\/posts\/682","targetHints":{"allow":["GET"]}}],"collection":[{"href":"https:\/\/usagers-transports.haut-allier.eu\/index.php\/wp-json\/wp\/v2\/posts"}],"about":[{"href":"https:\/\/usagers-transports.haut-allier.eu\/index.php\/wp-json\/wp\/v2\/types\/post"}],"author":[{"embeddable":true,"href":"https:\/\/usagers-transports.haut-allier.eu\/index.php\/wp-json\/wp\/v2\/users\/1"}],"replies":[{"embeddable":true,"href":"https:\/\/usagers-transports.haut-allier.eu\/index.php\/wp-json\/wp\/v2\/comments?post=682"}],"version-history":[{"count":0,"href":"https:\/\/usagers-transports.haut-allier.eu\/index.php\/wp-json\/wp\/v2\/posts\/682\/revisions"}],"wp:featuredmedia":[{"embeddable":true,"href":"https:\/\/usagers-transports.haut-allier.eu\/index.php\/wp-json\/wp\/v2\/media\/2971"}],"wp:attachment":[{"href":"https:\/\/usagers-transports.haut-allier.eu\/index.php\/wp-json\/wp\/v2\/media?parent=682"}],"wp:term":[{"taxonomy":"category","embeddable":true,"href":"https:\/\/usagers-transports.haut-allier.eu\/index.php\/wp-json\/wp\/v2\/categories?post=682"},{"taxonomy":"post_tag","embeddable":true,"href":"https:\/\/usagers-transports.haut-allier.eu\/index.php\/wp-json\/wp\/v2\/tags?post=682"}],"curies":[{"name":"wp","href":"https:\/\/api.w.org\/{rel}","templated":true}]}}