{"id":683,"date":"2020-08-19T07:39:41","date_gmt":"2020-08-19T05:39:41","guid":{"rendered":"http:\/\/5.45.101.177\/haut-allier\/usagers-transportse\/index.php\/2020\/08\/19\/les-randos-anniversaire-pour-les683\/"},"modified":"2020-08-19T07:39:41","modified_gmt":"2020-08-19T05:39:41","slug":"les-randos-anniversaire-pour-les683","status":"publish","type":"post","link":"https:\/\/usagers-transports.haut-allier.eu\/index.php\/2020\/08\/19\/les-randos-anniversaire-pour-les683\/","title":{"rendered":"Les randos anniversaire pour les 150 ans du train C\u00e9venol : \u00e0 Alleyras"},"content":{"rendered":"<p>Les festivit\u00e9s des 150 ans \u00e9taient report\u00e9s en 2021 mais le mardi 18 ao\u00fbt 6 randonn\u00e9es en boucle \u00e9taient organis\u00e9es dans plusieurs gares des C\u00e9vennes et du Haut Allier. A Alleyras ils \u00e9taient une trentaine pour le plus long des parcours 21 km le long de la ligne des C\u00e9vennes.<br \/>\n&nbsp;<br \/>\n<em>La trentaine de randonneurs attendent ceux venus par le train de 8h50 le matin pour le top d\u00e9part de la journ\u00e9e<\/em><br \/>\n<img loading=\"lazy\" decoding=\"async\" class=\" aligncenter size-full wp-image-2974\" src=\"http:\/\/5.45.101.177\/haut-allier\/usagers-transportse\/wp-content\/uploads\/2020\/08\/img_20200818_090223m.jpg\" alt=\"img_20200818_090223m.jpg\" align=\"center\" width=\"1200\" height=\"900\" srcset=\"https:\/\/usagers-transports.haut-allier.eu\/wp-content\/uploads\/2020\/08\/img_20200818_090223m.jpg 1200w, https:\/\/usagers-transports.haut-allier.eu\/wp-content\/uploads\/2020\/08\/img_20200818_090223m-300x225.jpg 300w, https:\/\/usagers-transports.haut-allier.eu\/wp-content\/uploads\/2020\/08\/img_20200818_090223m-1024x768.jpg 1024w, https:\/\/usagers-transports.haut-allier.eu\/wp-content\/uploads\/2020\/08\/img_20200818_090223m-768x576.jpg 768w\" sizes=\"auto, (max-width: 1200px) 100vw, 1200px\" \/><br \/>\n&nbsp;<br \/>\n<em>Pendant la balade&#8230;<\/em><br \/>\n<img loading=\"lazy\" decoding=\"async\" class=\" aligncenter size-full wp-image-2975\" src=\"http:\/\/5.45.101.177\/haut-allier\/usagers-transportse\/wp-content\/uploads\/2020\/08\/img_20200818_113151m.jpg\" alt=\"img_20200818_113151m.jpg\" align=\"center\" width=\"1200\" height=\"900\" srcset=\"https:\/\/usagers-transports.haut-allier.eu\/wp-content\/uploads\/2020\/08\/img_20200818_113151m.jpg 1200w, https:\/\/usagers-transports.haut-allier.eu\/wp-content\/uploads\/2020\/08\/img_20200818_113151m-300x225.jpg 300w, https:\/\/usagers-transports.haut-allier.eu\/wp-content\/uploads\/2020\/08\/img_20200818_113151m-1024x768.jpg 1024w, https:\/\/usagers-transports.haut-allier.eu\/wp-content\/uploads\/2020\/08\/img_20200818_113151m-768x576.jpg 768w\" sizes=\"auto, (max-width: 1200px) 100vw, 1200px\" \/><br \/>\n<img loading=\"lazy\" decoding=\"async\" class=\" aligncenter size-full wp-image-2976\" src=\"http:\/\/5.45.101.177\/haut-allier\/usagers-transportse\/wp-content\/uploads\/2020\/08\/img_20200818_105720.jpg\" alt=\"img_20200818_105720.jpg\" align=\"center\" width=\"1200\" height=\"900\" srcset=\"https:\/\/usagers-transports.haut-allier.eu\/wp-content\/uploads\/2020\/08\/img_20200818_105720.jpg 1200w, https:\/\/usagers-transports.haut-allier.eu\/wp-content\/uploads\/2020\/08\/img_20200818_105720-300x225.jpg 300w, https:\/\/usagers-transports.haut-allier.eu\/wp-content\/uploads\/2020\/08\/img_20200818_105720-1024x768.jpg 1024w, https:\/\/usagers-transports.haut-allier.eu\/wp-content\/uploads\/2020\/08\/img_20200818_105720-768x576.jpg 768w\" sizes=\"auto, (max-width: 1200px) 100vw, 1200px\" \/><br \/>\n&nbsp;<br \/>\n<em>Arriv\u00e9e du train C\u00e9venol et partage du g\u00e2teau d&rsquo;anniversaire \u00e0 17h00<\/em><br \/>\n<img loading=\"lazy\" decoding=\"async\" class=\" aligncenter size-full wp-image-2977\" src=\"http:\/\/5.45.101.177\/haut-allier\/usagers-transportse\/wp-content\/uploads\/2020\/08\/vlcsnap-2020-08-18-19h48m43s773.png\" alt=\"vlcsnap-2020-08-18-19h48m43s773.png\" align=\"center\" width=\"1114\" height=\"828\" srcset=\"https:\/\/usagers-transports.haut-allier.eu\/wp-content\/uploads\/2020\/08\/vlcsnap-2020-08-18-19h48m43s773.png 1114w, https:\/\/usagers-transports.haut-allier.eu\/wp-content\/uploads\/2020\/08\/vlcsnap-2020-08-18-19h48m43s773-300x223.png 300w, https:\/\/usagers-transports.haut-allier.eu\/wp-content\/uploads\/2020\/08\/vlcsnap-2020-08-18-19h48m43s773-1024x761.png 1024w, https:\/\/usagers-transports.haut-allier.eu\/wp-content\/uploads\/2020\/08\/vlcsnap-2020-08-18-19h48m43s773-768x571.png 768w\" sizes=\"auto, (max-width: 1114px) 100vw, 1114px\" \/><br \/>\n<img loading=\"lazy\" decoding=\"async\" class=\" aligncenter size-full wp-image-2978\" src=\"http:\/\/5.45.101.177\/haut-allier\/usagers-transportse\/wp-content\/uploads\/2020\/08\/img_20200818_172007.jpg\" alt=\"img_20200818_172007.jpg\" align=\"center\" width=\"1200\" height=\"880\" srcset=\"https:\/\/usagers-transports.haut-allier.eu\/wp-content\/uploads\/2020\/08\/img_20200818_172007.jpg 1200w, https:\/\/usagers-transports.haut-allier.eu\/wp-content\/uploads\/2020\/08\/img_20200818_172007-300x220.jpg 300w, https:\/\/usagers-transports.haut-allier.eu\/wp-content\/uploads\/2020\/08\/img_20200818_172007-1024x751.jpg 1024w, https:\/\/usagers-transports.haut-allier.eu\/wp-content\/uploads\/2020\/08\/img_20200818_172007-768x563.jpg 768w\" sizes=\"auto, (max-width: 1200px) 100vw, 1200px\" \/><br \/>\n<img loading=\"lazy\" decoding=\"async\" class=\" aligncenter size-full wp-image-2979\" src=\"http:\/\/5.45.101.177\/haut-allier\/usagers-transportse\/wp-content\/uploads\/2020\/08\/img_20200818_173723.jpg\" alt=\"img_20200818_173723.jpg\" align=\"center\" width=\"900\" height=\"1200\" srcset=\"https:\/\/usagers-transports.haut-allier.eu\/wp-content\/uploads\/2020\/08\/img_20200818_173723.jpg 900w, https:\/\/usagers-transports.haut-allier.eu\/wp-content\/uploads\/2020\/08\/img_20200818_173723-225x300.jpg 225w, https:\/\/usagers-transports.haut-allier.eu\/wp-content\/uploads\/2020\/08\/img_20200818_173723-768x1024.jpg 768w\" sizes=\"auto, (max-width: 900px) 100vw, 900px\" \/><br \/>\n&nbsp;<br \/>\n<em>Le reportage de France 3 Auvergne<\/em><br \/>\n&nbsp;<br \/>\n<center><br \/>\n<iframe loading=\"lazy\" width=\"560\" height=\"315\" src=\"https:\/\/www.youtube.com\/embed\/BgZAnNi4mhY\" frameborder=\"0\" allow=\"accelerometer; autoplay; encrypted-media; gyroscope; picture-in-picture\" allowfullscreen><\/iframe><br \/>\n<\/center><br \/>\n&nbsp;<\/p>\n","protected":false},"excerpt":{"rendered":"<p>Les festivit\u00e9s des 150 ans \u00e9taient report\u00e9s en 2021 mais le mardi 18 ao\u00fbt 6 randonn\u00e9es en boucle<\/p>\n","protected":false},"author":1,"featured_media":2973,"comment_status":"open","ping_status":"open","sticky":false,"template":"","format":"standard","meta":{"footnotes":""},"categories":[8],"tags":[],"class_list":["post-683","post","type-post","status-publish","format-standard","has-post-thumbnail","hentry","category-communiques"],"_links":{"self":[{"href":"https:\/\/usagers-transports.haut-allier.eu\/index.php\/wp-json\/wp\/v2\/posts\/683","targetHints":{"allow":["GET"]}}],"collection":[{"href":"https:\/\/usagers-transports.haut-allier.eu\/index.php\/wp-json\/wp\/v2\/posts"}],"about":[{"href":"https:\/\/usagers-transports.haut-allier.eu\/index.php\/wp-json\/wp\/v2\/types\/post"}],"author":[{"embeddable":true,"href":"https:\/\/usagers-transports.haut-allier.eu\/index.php\/wp-json\/wp\/v2\/users\/1"}],"replies":[{"embeddable":true,"href":"https:\/\/usagers-transports.haut-allier.eu\/index.php\/wp-json\/wp\/v2\/comments?post=683"}],"version-history":[{"count":0,"href":"https:\/\/usagers-transports.haut-allier.eu\/index.php\/wp-json\/wp\/v2\/posts\/683\/revisions"}],"wp:featuredmedia":[{"embeddable":true,"href":"https:\/\/usagers-transports.haut-allier.eu\/index.php\/wp-json\/wp\/v2\/media\/2973"}],"wp:attachment":[{"href":"https:\/\/usagers-transports.haut-allier.eu\/index.php\/wp-json\/wp\/v2\/media?parent=683"}],"wp:term":[{"taxonomy":"category","embeddable":true,"href":"https:\/\/usagers-transports.haut-allier.eu\/index.php\/wp-json\/wp\/v2\/categories?post=683"},{"taxonomy":"post_tag","embeddable":true,"href":"https:\/\/usagers-transports.haut-allier.eu\/index.php\/wp-json\/wp\/v2\/tags?post=683"}],"curies":[{"name":"wp","href":"https:\/\/api.w.org\/{rel}","templated":true}]}}