{"id":684,"date":"2020-09-10T08:34:48","date_gmt":"2020-09-10T06:34:48","guid":{"rendered":"http:\/\/5.45.101.177\/haut-allier\/usagers-transportse\/index.php\/2020\/09\/10\/belles-promesses-emmanuel-macron684\/"},"modified":"2020-09-10T08:34:48","modified_gmt":"2020-09-10T06:34:48","slug":"belles-promesses-emmanuel-macron684","status":"publish","type":"post","link":"https:\/\/usagers-transports.haut-allier.eu\/index.php\/2020\/09\/10\/belles-promesses-emmanuel-macron684\/","title":{"rendered":"Belles promesses : Emmanuel Macron annonce un gain de 9 minutes pour le train Clermont &#8211; Paris"},"content":{"rendered":"<p>La directrice de r\u00e9daction du quotidien La Montagne voit rouge, elle qui s&rsquo;est fait porte-parole des m\u00e9contents de la ligne SNCF Clermont &#8211; Paris : voici un an jour pour jour que le ministre des transports Jean-Baptiste Djebarri qui accompagnait le feu Guillaume P\u00e9py promettait aux auvergnats une am\u00e9lioration sur la ponctualit\u00e9 de la liaison avec la capitale centralisatrice.<br \/>\n&nbsp;<br \/>\nUn an apr\u00e8s il ne se passe pas une journ\u00e9e sans qu&rsquo;un Intercit\u00e9s n&rsquo;arrive \u00e0 destination sans des retards \u00e9normes, jusqu&rsquo;\u00e0 deux heures. Absolument aucune am\u00e9lioration.<br \/>\n&nbsp;<br \/>\nAux usagers exc\u00e9d\u00e9s par ce m\u00e9pris des territoires, ces promesses de gascon, cet abandon du massif central, le pr\u00e9sident Macron est venu il y a deux jours r\u00e9pondre par un nouvel enfumage en annon\u00e7ant un gain de 9 minutes sur le trajet sous peu gr\u00e2ce au plan de relance&#8230; Les voyageurs fulminent et estiment que l&rsquo;on se moque d&rsquo;eux. Ce qu&rsquo;ils demandent c&rsquo;est de la ponctualit\u00e9, pas 9 minutes de moins sur un trajet qui s&rsquo;av\u00e8re ex\u00e9cut\u00e9 avec deux heures de retard parfois !<br \/>\n&nbsp;<br \/>\nEt sur ce point nous devons l&rsquo;avouer notre liaison Clermont Ferrand &#8211; N\u00eemes avec ses 3 aller retour quotidiens, ses 5 heures de temps de trajet, ses deux mois de coupure minimum par an pour menus travaux de jour s&rsquo;av\u00e8re bien plus fiable alors qu&rsquo;elle est op\u00e9r\u00e9e de bout en bout avec du mat\u00e9riel des deux r\u00e9gions Occitanie et Auvergne Rh\u00f4ne Alpes. Donc des trains r\u00e9gionaux, la plupart des nouveaux Coradia, qui offrent tout le confort souhait\u00e9.<br \/>\n&nbsp;<br \/>\nLe train lent aurait cette vertu d&rsquo;\u00eatre plus fiable ? C&rsquo;est en tous cas le premier crit\u00e8re de choix des usagers : des trains \u00e0 l&rsquo;heure.<br \/>\n&nbsp;<br \/>\nOn pourra lire l&rsquo;article sur la venue de Macron \u00e0 Clermont ici :<br \/>\n&nbsp;<br \/>\n<a href=\"https:\/\/www.lamontagne.fr\/clermont-ferrand-63000\/actualites\/neuf-minutes-gagnees-sur-le-trajet-paris-clermont-en-train-la-promesse-d-emmanuel-macron_13833843\/\">Emmanuel Macron promet des am\u00e9liorations pour le Clermont-Paris, le ministre des Transports annonc\u00e9 le 24 septembre \u00e0 Clermont<\/a><br \/>\n&nbsp;<br \/>\nPendant ce temps donc sur la ligne des C\u00e9vennes les TER font le plein et on joue de l&rsquo;accord\u00e9on sur les quais :<br \/>\n&nbsp;<br \/>\n<iframe loading=\"lazy\" width=\"560\" height=\"315\" src=\"https:\/\/www.youtube.com\/embed\/KWI3orKz9hQ\" frameborder=\"0\" allow=\"accelerometer; autoplay; encrypted-media; gyroscope; picture-in-picture\" allowfullscreen><\/iframe><\/p>\n","protected":false},"excerpt":{"rendered":"<p>La directrice de r\u00e9daction du quotidien La Montagne voit rouge, elle qui s&rsquo;est fait porte-parole des m\u00e9contents de<\/p>\n","protected":false},"author":1,"featured_media":2980,"comment_status":"open","ping_status":"open","sticky":false,"template":"","format":"standard","meta":{"footnotes":""},"categories":[2],"tags":[],"class_list":["post-684","post","type-post","status-publish","format-standard","has-post-thumbnail","hentry","category-infos"],"_links":{"self":[{"href":"https:\/\/usagers-transports.haut-allier.eu\/index.php\/wp-json\/wp\/v2\/posts\/684","targetHints":{"allow":["GET"]}}],"collection":[{"href":"https:\/\/usagers-transports.haut-allier.eu\/index.php\/wp-json\/wp\/v2\/posts"}],"about":[{"href":"https:\/\/usagers-transports.haut-allier.eu\/index.php\/wp-json\/wp\/v2\/types\/post"}],"author":[{"embeddable":true,"href":"https:\/\/usagers-transports.haut-allier.eu\/index.php\/wp-json\/wp\/v2\/users\/1"}],"replies":[{"embeddable":true,"href":"https:\/\/usagers-transports.haut-allier.eu\/index.php\/wp-json\/wp\/v2\/comments?post=684"}],"version-history":[{"count":0,"href":"https:\/\/usagers-transports.haut-allier.eu\/index.php\/wp-json\/wp\/v2\/posts\/684\/revisions"}],"wp:featuredmedia":[{"embeddable":true,"href":"https:\/\/usagers-transports.haut-allier.eu\/index.php\/wp-json\/wp\/v2\/media\/2980"}],"wp:attachment":[{"href":"https:\/\/usagers-transports.haut-allier.eu\/index.php\/wp-json\/wp\/v2\/media?parent=684"}],"wp:term":[{"taxonomy":"category","embeddable":true,"href":"https:\/\/usagers-transports.haut-allier.eu\/index.php\/wp-json\/wp\/v2\/categories?post=684"},{"taxonomy":"post_tag","embeddable":true,"href":"https:\/\/usagers-transports.haut-allier.eu\/index.php\/wp-json\/wp\/v2\/tags?post=684"}],"curies":[{"name":"wp","href":"https:\/\/api.w.org\/{rel}","templated":true}]}}