{"id":685,"date":"2020-09-10T16:14:03","date_gmt":"2020-09-10T14:14:03","guid":{"rendered":"http:\/\/5.45.101.177\/haut-allier\/usagers-transportse\/index.php\/2020\/09\/10\/train-de-nuit-nimes-clermont-paris685\/"},"modified":"2020-09-10T16:14:03","modified_gmt":"2020-09-10T14:14:03","slug":"train-de-nuit-nimes-clermont-paris685","status":"publish","type":"post","link":"https:\/\/usagers-transports.haut-allier.eu\/index.php\/2020\/09\/10\/train-de-nuit-nimes-clermont-paris685\/","title":{"rendered":"Train de nuit N\u00eemes Clermont Paris : d\u00e9lib\u00e9ration des \u00e9lus de Monistrol d&rsquo;Allier (Haute-Loire)"},"content":{"rendered":"<p>Apr\u00e8s les promesses du gouvernement Macron pour le retour des trains de nuit en commen\u00e7ant par un Nice Paris et un Tarbes Paris, annonces aussit\u00f4t d\u00e9menties hier m\u00eame par le ministre du budget Bruno Lemaire qui dit qu&rsquo;il n&rsquo;y en aura qu&rsquo;un seul, on peut dire que l&rsquo;engouement retrouv\u00e9 de ce mode de d\u00e9placement \u00e9conome et \u00e9cologique fait d\u00e9bat dans la soci\u00e9t\u00e9. Un d\u00e9bat qui arrive bien tard ici apr\u00e8s le fort engouement de nos voisins europ\u00e9ens.<br \/>\n&nbsp;<br \/>\nL&rsquo;int\u00e9r\u00eat des gouvernements est en tous cas retrouv\u00e9 \u00e0 tel point qu&rsquo;il y a en ce moment une recherche presque \u00e9perdue des voitures de train de nuit disponibles, car notre pays n&rsquo;en dispose plus, elles ont \u00e9t\u00e9 mises \u00e0 la ferraille par le gestionnaire SNCF,<br \/>\n&nbsp;<br \/>\nAinsi nous avons :<br \/>\n&#8211; une forte demande des usagers adeptes du lent et de la pr\u00e9servation des ressources,<br \/>\n&#8211; une forte demande des pays voisins, les trains de nuit \u00e9tant souvent internationaux,<br \/>\n&#8211; pratiquement aucune voiture couchettes disponibles en France \u00e0 part quelques unes actuellement en \u00ab\u00a0relooking\u00a0\u00bb dans le Sud Ouest,<br \/>\n&#8211; une forte demande des \u00e9lus locaux, notamment des territoires qui n&rsquo;auront jamais la grande vitesse et qui de toutes fa\u00e7ons ne la veulent pas forc\u00e9ment,<br \/>\n&#8211; un gouvernement extr\u00eamement timide sur le sujet malgr\u00e9 les premi\u00e8res d\u00e9clarations pleines d&rsquo;espoir.<br \/>\n&nbsp;<br \/>\n<strong>Fort int\u00e9r\u00eat en tous cas des territoires travers\u00e9s par lle train de nuit de la ligne des C\u00e9vennes N\u00eemes Clermont-Ferrand Paris dont tous les \u00e9lus, maires, conseils municipaux, d\u00e9put\u00e9s, s\u00e9nateurs des territoires desservis souhaitent le retour le plus rapide possible. Il va falloir batailler \u00e9norm\u00e9ment encore une fois pour que le Massif Central soit pris en compte. La municipalit\u00e9 de Monistrol d&rsquo;Allier en Auvergne Rh\u00f4ne-Alpes s&rsquo;ajoute aux communes qui ont pris une d\u00e9lib\u00e9ration pour en souhaiter le retour :<\/strong><br \/>\n&nbsp;<br \/>\n <a href=\"http:\/\/5.45.101.177\/haut-allier\/usagers-transportse\/wp-content\/uploads\/2020\/09\/mairie.monistroldallier_orange.fr_20200910_143754.pdf\">mairie.monistroldallier_orange.fr_20200910_143754.pdf<\/a><br \/>\n&nbsp;<br \/>\nElle s&rsquo;ajoute \u00e0 celles prises \u00e0 Paulhaguet, La GrandCombe, Chamborigaud, G\u00e9nolhac, Sainte-Florine, Alleyras et Labastide Puylaurent.<\/p>\n","protected":false},"excerpt":{"rendered":"<p>Apr\u00e8s les promesses du gouvernement Macron pour le retour des trains de nuit en commen\u00e7ant par un Nice<\/p>\n","protected":false},"author":1,"featured_media":2981,"comment_status":"open","ping_status":"open","sticky":false,"template":"","format":"standard","meta":{"footnotes":""},"categories":[8],"tags":[],"class_list":["post-685","post","type-post","status-publish","format-standard","has-post-thumbnail","hentry","category-communiques"],"_links":{"self":[{"href":"https:\/\/usagers-transports.haut-allier.eu\/index.php\/wp-json\/wp\/v2\/posts\/685","targetHints":{"allow":["GET"]}}],"collection":[{"href":"https:\/\/usagers-transports.haut-allier.eu\/index.php\/wp-json\/wp\/v2\/posts"}],"about":[{"href":"https:\/\/usagers-transports.haut-allier.eu\/index.php\/wp-json\/wp\/v2\/types\/post"}],"author":[{"embeddable":true,"href":"https:\/\/usagers-transports.haut-allier.eu\/index.php\/wp-json\/wp\/v2\/users\/1"}],"replies":[{"embeddable":true,"href":"https:\/\/usagers-transports.haut-allier.eu\/index.php\/wp-json\/wp\/v2\/comments?post=685"}],"version-history":[{"count":0,"href":"https:\/\/usagers-transports.haut-allier.eu\/index.php\/wp-json\/wp\/v2\/posts\/685\/revisions"}],"wp:featuredmedia":[{"embeddable":true,"href":"https:\/\/usagers-transports.haut-allier.eu\/index.php\/wp-json\/wp\/v2\/media\/2981"}],"wp:attachment":[{"href":"https:\/\/usagers-transports.haut-allier.eu\/index.php\/wp-json\/wp\/v2\/media?parent=685"}],"wp:term":[{"taxonomy":"category","embeddable":true,"href":"https:\/\/usagers-transports.haut-allier.eu\/index.php\/wp-json\/wp\/v2\/categories?post=685"},{"taxonomy":"post_tag","embeddable":true,"href":"https:\/\/usagers-transports.haut-allier.eu\/index.php\/wp-json\/wp\/v2\/tags?post=685"}],"curies":[{"name":"wp","href":"https:\/\/api.w.org\/{rel}","templated":true}]}}